{"id":67833,"date":"2016-03-16T09:34:35","date_gmt":"2016-03-16T12:34:35","guid":{"rendered":"http:\/\/www.eltrabajo.cl\/portal\/?p=67833"},"modified":"2016-03-16T09:34:35","modified_gmt":"2016-03-16T12:34:35","slug":"obispo-respalda-llegada-padre-gerardo-joannon-a-parroquia-santa-maria","status":"publish","type":"post","link":"https:\/\/eltrabajo.cl\/portal\/obispo-respalda-llegada-padre-gerardo-joannon-a-parroquia-santa-maria\/","title":{"rendered":"Obispo respalda llegada Padre Gerardo Joannon a Parroquia Santa Mar\u00eda"},"content":{"rendered":"<figure id=\"attachment_67834\" aria-describedby=\"caption-attachment-67834\" style=\"width: 300px\" class=\"wp-caption alignleft\"><a href=\"http:\/\/www.eltrabajo.cl\/portal\/obispo-respalda-llegada-padre-gerardo-joannon-a-parroquia-santa-maria\/foto-1-obispo-de-san-felipe-cristian-contreras\/\" rel=\"attachment wp-att-67834\"><img data-recalc-dims=\"1\" loading=\"lazy\" decoding=\"async\" class=\"size-medium wp-image-67834\" src=\"https:\/\/i0.wp.com\/www.eltrabajo.cl\/portal\/wp-content\/uploads\/2016\/03\/FOTO-1-OBISPO-DE-SAN-FELIPE-CRISTIAN-CONTRERAS-300x197.jpg?resize=300%2C197\" alt=\"Obispo de San Felipe, Cristi\u00e1n Contreras.\" width=\"300\" height=\"197\" srcset=\"https:\/\/i0.wp.com\/eltrabajo.cl\/portal\/wp-content\/uploads\/2016\/03\/FOTO-1-OBISPO-DE-SAN-FELIPE-CRISTIAN-CONTRERAS.jpg?resize=300%2C197&amp;ssl=1 300w, https:\/\/i0.wp.com\/eltrabajo.cl\/portal\/wp-content\/uploads\/2016\/03\/FOTO-1-OBISPO-DE-SAN-FELIPE-CRISTIAN-CONTRERAS.jpg?resize=200%2C131&amp;ssl=1 200w, https:\/\/i0.wp.com\/eltrabajo.cl\/portal\/wp-content\/uploads\/2016\/03\/FOTO-1-OBISPO-DE-SAN-FELIPE-CRISTIAN-CONTRERAS.jpg?resize=228%2C150&amp;ssl=1 228w, https:\/\/i0.wp.com\/eltrabajo.cl\/portal\/wp-content\/uploads\/2016\/03\/FOTO-1-OBISPO-DE-SAN-FELIPE-CRISTIAN-CONTRERAS.jpg?resize=400%2C263&amp;ssl=1 400w, https:\/\/i0.wp.com\/eltrabajo.cl\/portal\/wp-content\/uploads\/2016\/03\/FOTO-1-OBISPO-DE-SAN-FELIPE-CRISTIAN-CONTRERAS.jpg?w=530&amp;ssl=1 530w\" sizes=\"auto, (max-width: 300px) 100vw, 300px\" \/><\/a><figcaption id=\"caption-attachment-67834\" class=\"wp-caption-text\">Obispo de San Felipe, Cristi\u00e1n Contreras.<\/figcaption><\/figure>\n<p>El sacerdote llega como vicario y defiende su sacerdocio en la ausencia de \u2018acusaciones serias\u2019 y en la absoluci\u00f3n que le otorg\u00f3 la Iglesia Cat\u00f3lica respecto del caso de adopciones ilegales en el que fue involucrado en el a\u00f1o 2014.<br \/>\nEl cura Gerardo Joannon \u2013 hoy con 79 a\u00f1os- se hizo conocido el a\u00f1o 2014, tras ser involucrado en eventuales adopciones ilegales de menores que fueron declarados muertos en el pa\u00eds durante la d\u00e9cada de los 80. Pese a la gravedad de las acusaciones en su contra, su llegada como ayudante del p\u00e1rroco de Santa Mar\u00eda, ha pasado pr\u00e1cticamente desapercibida para la comunidad aconcag\u00fcina y especialmente para los feligreses de esa comuna, quienes vieron como \u2018el Padre Gerardo\u2019, le\u00eda su primer evangelio en la zona durante la misa de las 18.30 horas del s\u00e1bado, acompa\u00f1ando al sacerdote Claudio Acevedo.<br \/>\nJoannon fue absuelto por la Iglesia Cat\u00f3lica de los hechos que se le imputaban y ese es su principal escudo a la hora de respaldar su servicio religioso en la parroquia santamariana. \u201cYo no he recibido ninguna acusaci\u00f3n seria. Una cosa es lo que algunas personas dicen y otra muy distinta es lo que realmente sucede. El juicio de la Iglesia me dej\u00f3 absolutamente libre, por lo tanto, no hay nada que pueda prestarse para cuestionamientos\u201d, argument\u00f3 el cura.<br \/>\nTras su paso por Argentina, el ahora Vicario, regres\u00f3 a Chile el 5 de diciembre del a\u00f1o pasado y actualmente cuenta con todo el respaldo del Obispo de San Felipe, Cristi\u00e1n Contreras Molina, quien asegur\u00f3 que a petici\u00f3n del propio Joannon, la permanencia de \u00e9ste en la Iglesia de Santa Mar\u00eda no tiene un plazo determinado.<br \/>\n\u201c\u00c9l pidi\u00f3 venir a participar de la vida comunitaria y pastoral de esta iglesia, durante un tiempo indefinido, sin estar pensando en incardinarse en esta di\u00f3cesis, \u00e9l pertenece a los padres de los Sagrados Corazones y por lo tanto estar\u00e1 durante un tiempo en la parroquia de Santa Mar\u00eda donde va a estar unido al padre Claudio Acevedo, atendiendo a la comunidad cristiana, pero sobre todo, llevando a cabo su vida religiosa, de oraci\u00f3n meditaci\u00f3n y servicio a la comunidad como lo ha hecho siempre\u201d, decret\u00f3 monse\u00f1or Contreras.<br \/>\nCual piedra en el zapato, el tema pareciera generar incomodidad en la m\u00e1xima figura eclesi\u00e1stica de la di\u00f3cesis de San Felipe y pese a que sus palabras denotan confianza en los m\u00e1s de 50 a\u00f1os de ejercicio religioso que tiene a su haber el cuestionado padre, Contreras se rehus\u00f3 a opinar directamente de c\u00f3mo se hab\u00edan dado por superados los hechos de los cuales se acusaba a Joannon -esgrimiendo que era un asunto que se manejaba en Santiago.<br \/>\nDe todas formas, el Obispo se encarg\u00f3 de reafirmar la defensa que fundament\u00f3 Joannon y de anunciar que \u00e9ste no tiene absolutamente ninguna restricci\u00f3n para desarrollar sus labores parroquiales, expresando que \u201cEl padre no tiene ninguna condena, ni eclesi\u00e1stica, ni civil. Eso est\u00e1 descartado. Entonces por supuesto que \u00e9l puede ejercer el ministerio sacerdotal aqu\u00ed, en Roma y donde quiera porque no tiene ninguna sanci\u00f3n\u201d, apunt\u00f3.<br \/>\nContreras reafirm\u00f3 que las funciones de Joannon en Santa Mar\u00eda ser\u00e1n exclusivamente en condici\u00f3n de Vicario, como ayudante del p\u00e1rroco y que se defini\u00f3 su servicio religioso a esta comuna, pensando en ciertas caracter\u00edsticas y necesidades eclesi\u00e1sticas de la comunidad y adem\u00e1s en que el pastor ya ten\u00eda cierto conocimiento de la di\u00f3cesis San Felipe de Aconcagua.<br \/>\n\u201cEl padre Gerardo, hace algunos a\u00f1os atr\u00e1s, cuando yo a\u00fan no estaba en esta di\u00f3cesis, vino a prestar servicios misioneros y evangelizadores en el decanato de Petorca, en la Parroquia de Longotoma espec\u00edficamente. Estuvo durante una d\u00e9cada con universitarios, profesionales, no s\u00f3lo a evangelizar, sino que tambi\u00e9n a realizar una labor social, es decir a apoyar la comunidad levantando la capilla y el centro comunitario, por lo tanto tiene un conocimiento de la di\u00f3cesis\u201d, asegur\u00f3.<br \/>\nAdem\u00e1s de esto, Contreras cont\u00f3 que Joannon tiene una Fundaci\u00f3n denominada Uniendo Mundos, la cual basa su ayuda a los m\u00e1s pobres; no en la entrega de dinero, sino que, en aporte profesional, es decir, como m\u00e9dicos, odont\u00f3logos, abogados, etc. prestan servicios gratuitos a la comunidad.<\/p>\n<figure id=\"attachment_67835\" aria-describedby=\"caption-attachment-67835\" style=\"width: 530px\" class=\"wp-caption alignleft\"><a href=\"http:\/\/www.eltrabajo.cl\/portal\/obispo-respalda-llegada-padre-gerardo-joannon-a-parroquia-santa-maria\/foto-2-padre-gerardo-joannon\/\" rel=\"attachment wp-att-67835\"><img data-recalc-dims=\"1\" loading=\"lazy\" decoding=\"async\" class=\"size-full wp-image-67835\" src=\"https:\/\/i0.wp.com\/www.eltrabajo.cl\/portal\/wp-content\/uploads\/2016\/03\/FOTO-2-PADRE-GERARDO-JOANNON.jpg?resize=530%2C348\" alt=\"Padre Gerardo Joannon form\u00f3 parte de la misa del s\u00e1bado por primera vez en la Parroquia de Santa Mar\u00eda.\" width=\"530\" height=\"348\" srcset=\"https:\/\/i0.wp.com\/eltrabajo.cl\/portal\/wp-content\/uploads\/2016\/03\/FOTO-2-PADRE-GERARDO-JOANNON.jpg?w=530&amp;ssl=1 530w, https:\/\/i0.wp.com\/eltrabajo.cl\/portal\/wp-content\/uploads\/2016\/03\/FOTO-2-PADRE-GERARDO-JOANNON.jpg?resize=200%2C131&amp;ssl=1 200w, https:\/\/i0.wp.com\/eltrabajo.cl\/portal\/wp-content\/uploads\/2016\/03\/FOTO-2-PADRE-GERARDO-JOANNON.jpg?resize=300%2C197&amp;ssl=1 300w, https:\/\/i0.wp.com\/eltrabajo.cl\/portal\/wp-content\/uploads\/2016\/03\/FOTO-2-PADRE-GERARDO-JOANNON.jpg?resize=228%2C150&amp;ssl=1 228w, https:\/\/i0.wp.com\/eltrabajo.cl\/portal\/wp-content\/uploads\/2016\/03\/FOTO-2-PADRE-GERARDO-JOANNON.jpg?resize=400%2C263&amp;ssl=1 400w\" sizes=\"auto, (max-width: 530px) 100vw, 530px\" \/><\/a><figcaption id=\"caption-attachment-67835\" class=\"wp-caption-text\">Padre Gerardo Joannon form\u00f3 parte de la misa del s\u00e1bado por primera vez en la Parroquia de Santa Mar\u00eda.<\/figcaption><\/figure>\n","protected":false},"excerpt":{"rendered":"<p>El sacerdote llega como vicario y defiende su sacerdocio en la ausencia de \u2018acusaciones serias\u2019 y en la absoluci\u00f3n que le otorg\u00f3 la Iglesia Cat\u00f3lica respecto del caso de adopciones ilegales en&#8230;<\/p>\n","protected":false},"author":1,"featured_media":67835,"comment_status":"open","ping_status":"open","sticky":false,"template":"","format":"standard","meta":{"advanced_seo_description":"","jetpack_seo_html_title":"","jetpack_seo_noindex":false,"_jetpack_memberships_contains_paid_content":false,"footnotes":""},"categories":[15],"tags":[],"class_list":["post-67833","post","type-post","status-publish","format-standard","has-post-thumbnail","hentry","category-comunidad"],"jetpack_featured_media_url":"https:\/\/i0.wp.com\/eltrabajo.cl\/portal\/wp-content\/uploads\/2016\/03\/FOTO-2-PADRE-GERARDO-JOANNON.jpg?fit=530%2C348&ssl=1","jetpack_sharing_enabled":true,"jetpack_likes_enabled":true,"jetpack-related-posts":[],"_links":{"self":[{"href":"https:\/\/eltrabajo.cl\/portal\/wp-json\/wp\/v2\/posts\/67833","targetHints":{"allow":["GET"]}}],"collection":[{"href":"https:\/\/eltrabajo.cl\/portal\/wp-json\/wp\/v2\/posts"}],"about":[{"href":"https:\/\/eltrabajo.cl\/portal\/wp-json\/wp\/v2\/types\/post"}],"author":[{"embeddable":true,"href":"https:\/\/eltrabajo.cl\/portal\/wp-json\/wp\/v2\/users\/1"}],"replies":[{"embeddable":true,"href":"https:\/\/eltrabajo.cl\/portal\/wp-json\/wp\/v2\/comments?post=67833"}],"version-history":[{"count":0,"href":"https:\/\/eltrabajo.cl\/portal\/wp-json\/wp\/v2\/posts\/67833\/revisions"}],"wp:featuredmedia":[{"embeddable":true,"href":"https:\/\/eltrabajo.cl\/portal\/wp-json\/wp\/v2\/media\/67835"}],"wp:attachment":[{"href":"https:\/\/eltrabajo.cl\/portal\/wp-json\/wp\/v2\/media?parent=67833"}],"wp:term":[{"taxonomy":"category","embeddable":true,"href":"https:\/\/eltrabajo.cl\/portal\/wp-json\/wp\/v2\/categories?post=67833"},{"taxonomy":"post_tag","embeddable":true,"href":"https:\/\/eltrabajo.cl\/portal\/wp-json\/wp\/v2\/tags?post=67833"}],"curies":[{"name":"wp","href":"https:\/\/api.w.org\/{rel}","templated":true}]}}