{"id":67838,"date":"2016-03-16T09:36:01","date_gmt":"2016-03-16T12:36:01","guid":{"rendered":"http:\/\/www.eltrabajo.cl\/portal\/?p=67838"},"modified":"2016-03-16T09:36:01","modified_gmt":"2016-03-16T12:36:01","slug":"nino-de-13-asalta-con-pistola-a-escolar-y-lo-obliga-a-entregar-sus-pertenencias","status":"publish","type":"post","link":"https:\/\/eltrabajo.cl\/portal\/nino-de-13-asalta-con-pistola-a-escolar-y-lo-obliga-a-entregar-sus-pertenencias\/","title":{"rendered":"Ni\u00f1o de 13 asalta con pistola a escolar y lo obliga a entregar sus pertenencias"},"content":{"rendered":"<figure id=\"attachment_67839\" aria-describedby=\"caption-attachment-67839\" style=\"width: 530px\" class=\"wp-caption alignleft\"><a href=\"http:\/\/www.eltrabajo.cl\/portal\/nino-de-13-asalta-con-pistola-a-escolar-y-lo-obliga-a-entregar-sus-pertenencias\/nino-pistola\/\" rel=\"attachment wp-att-67839\"><img data-recalc-dims=\"1\" loading=\"lazy\" decoding=\"async\" class=\"size-full wp-image-67839\" src=\"https:\/\/i0.wp.com\/www.eltrabajo.cl\/portal\/wp-content\/uploads\/2016\/03\/NINO-PISTOLA.jpg?resize=530%2C350\" alt=\"El menor habr\u00eda huido de un Centro del Sename en Valpara\u00edso y actualmente se encontrar\u00eda en situaci\u00f3n de calle. Carabineros incaut\u00f3 el arma a fogueo y marihuana que manten\u00eda el ni\u00f1o dentro de una mochila. (Foto Referencial).\" width=\"530\" height=\"350\" srcset=\"https:\/\/i0.wp.com\/eltrabajo.cl\/portal\/wp-content\/uploads\/2016\/03\/NINO-PISTOLA.jpg?w=530&amp;ssl=1 530w, https:\/\/i0.wp.com\/eltrabajo.cl\/portal\/wp-content\/uploads\/2016\/03\/NINO-PISTOLA.jpg?resize=200%2C132&amp;ssl=1 200w, https:\/\/i0.wp.com\/eltrabajo.cl\/portal\/wp-content\/uploads\/2016\/03\/NINO-PISTOLA.jpg?resize=300%2C198&amp;ssl=1 300w, https:\/\/i0.wp.com\/eltrabajo.cl\/portal\/wp-content\/uploads\/2016\/03\/NINO-PISTOLA.jpg?resize=227%2C150&amp;ssl=1 227w, https:\/\/i0.wp.com\/eltrabajo.cl\/portal\/wp-content\/uploads\/2016\/03\/NINO-PISTOLA.jpg?resize=400%2C264&amp;ssl=1 400w\" sizes=\"auto, (max-width: 530px) 100vw, 530px\" \/><\/a><figcaption id=\"caption-attachment-67839\" class=\"wp-caption-text\">El menor habr\u00eda huido de un Centro del Sename en Valpara\u00edso y actualmente se encontrar\u00eda en situaci\u00f3n de calle. Carabineros incaut\u00f3 el arma a fogueo y marihuana que manten\u00eda el ni\u00f1o dentro de una mochila. (Foto Referencial).<\/figcaption><\/figure>\n<p><strong>Menor imputado se encontrar\u00eda en situaci\u00f3n de calle consumiendo marihuana:<\/strong><\/p>\n<p>V\u00edctima de 17 a\u00f1os junto a su padre denunciaron los hechos a Carabineros, quienes tras las diligencias recuperaron las especies. Sin embargo para la polic\u00eda existe preocupaci\u00f3n por la vulnerabilidad de derechos de este preadolescente que comienza a delinquir.<br \/>\nPremunido de un arma a fogueo, un ni\u00f1o de tan s\u00f3lo 13 a\u00f1os de edad habr\u00eda intimidado a un escolar de 17 a quien le arrebat\u00f3 su tel\u00e9fono celular, aud\u00edfonos y otras especies. Los hechos ocurrieron cuando la v\u00edctima transitaba a pleno d\u00eda por la intersecci\u00f3n de calles Traslavi\u00f1a esquina avenida Chacabuco en San Felipe; el autor del delito fue retenido por Carabineros y posteriormente entregado a su padre por su inimputabilidad de cargos.<br \/>\nEl delito se origin\u00f3 cerca de las 18:30 horas del pasado lunes, luego que el adolescente fuera abordado por un precoz delincuente armado, que lo oblig\u00f3 a hacer entrega de sus pertenencias. Posteriormente la v\u00edctima, al retornar a su vivienda, relat\u00f3 consternado los hechos a su padre quien de inmediato retorn\u00f3 junto a su reto\u00f1o al sitio del suceso, observando al peque\u00f1o antisocial circulando en la v\u00eda p\u00fablica.<br \/>\nFue as\u00ed que se requiri\u00f3 la presencia de Carabineros que concurri\u00f3 a dicha intersecci\u00f3n, interceptando al menor acusado que portaba las especies robadas y el arma a fogueo, seg\u00fan describi\u00f3 la Comisario (S) de la polic\u00eda uniformada, Capit\u00e1n Carolina Fern\u00e1ndez. La oficial adem\u00e1s sostuvo que el pre adolescente portaba una bolsa de marihuana, reflej\u00e1ndose su vulneraci\u00f3n de derechos.<br \/>\n\u201cEn realidad se hace una retenci\u00f3n porque estamos hablando de un menor de 13 a\u00f1os de edad que es inimputable, dando cuenta de los hechos a la Fiscal\u00eda Local. Adem\u00e1s se est\u00e1 informando al Juzgado de Familia por la vulneraci\u00f3n de derechos de este menor pese a que fue entregado a su padre. Mantenemos informaci\u00f3n que el ni\u00f1o no estar\u00eda estudiando, vamos a ver qu\u00e9 organismo, en este caso el Sename, asistir\u00e1 el futuro de este menor\u201d, argument\u00f3 Fern\u00e1ndez.<br \/>\nLa oficial policial resalt\u00f3 que el caso de este menor es cr\u00edtico a nivel social, toda vez que de acuerdo a las informaciones preliminares el ni\u00f1o se habr\u00eda fugado de un Centro de Tr\u00e1nsito y Distribuci\u00f3n del Servicio Nacional de Menores en Valpara\u00edso, encontr\u00e1ndose actualmente en situaci\u00f3n de calle, circunstancias que est\u00e1n siendo investigadas por la Polic\u00eda.<br \/>\nAdem\u00e1s de acuerdo a otras denuncias de delitos cometidos en los \u00faltimos d\u00edas en la comuna de San Felipe y seg\u00fan las descripciones de las v\u00edctimas, se podr\u00eda presumir la participaci\u00f3n de este menor de edad como autor ejecutor de il\u00edcitos que investiga la Secci\u00f3n de Investigaci\u00f3n Policial de Carabineros.<br \/>\n\u201cNos urge que los organismos que tienen competencia en la vulneraci\u00f3n de derechos de menores, puedan tomar una mejor determinaci\u00f3n, que se pueda educar, rehabilitar, sacarlo del c\u00edrculo que lo est\u00e1 haciendo delinquir, estamos hablando de un ni\u00f1o con una pistola, portando marihuana, es preocupante\u201d, enfatiz\u00f3 la Capit\u00e1n Fern\u00e1ndez.<br \/>\n<strong>Pablo Salinas Sald\u00edas<\/strong><\/p>\n","protected":false},"excerpt":{"rendered":"<p>Menor imputado se encontrar\u00eda en situaci\u00f3n de calle consumiendo marihuana: V\u00edctima de 17 a\u00f1os junto a su padre denunciaron los hechos a Carabineros, quienes tras las diligencias recuperaron las especies. Sin embargo&#8230;<\/p>\n","protected":false},"author":1,"featured_media":67839,"comment_status":"open","ping_status":"open","sticky":false,"template":"","format":"standard","meta":{"advanced_seo_description":"","jetpack_seo_html_title":"","jetpack_seo_noindex":false,"_jetpack_memberships_contains_paid_content":false,"footnotes":""},"categories":[21],"tags":[],"class_list":["post-67838","post","type-post","status-publish","format-standard","has-post-thumbnail","hentry","category-policial"],"jetpack_featured_media_url":"https:\/\/i0.wp.com\/eltrabajo.cl\/portal\/wp-content\/uploads\/2016\/03\/NINO-PISTOLA.jpg?fit=530%2C350&ssl=1","jetpack_sharing_enabled":true,"jetpack_likes_enabled":true,"jetpack-related-posts":[],"_links":{"self":[{"href":"https:\/\/eltrabajo.cl\/portal\/wp-json\/wp\/v2\/posts\/67838","targetHints":{"allow":["GET"]}}],"collection":[{"href":"https:\/\/eltrabajo.cl\/portal\/wp-json\/wp\/v2\/posts"}],"about":[{"href":"https:\/\/eltrabajo.cl\/portal\/wp-json\/wp\/v2\/types\/post"}],"author":[{"embeddable":true,"href":"https:\/\/eltrabajo.cl\/portal\/wp-json\/wp\/v2\/users\/1"}],"replies":[{"embeddable":true,"href":"https:\/\/eltrabajo.cl\/portal\/wp-json\/wp\/v2\/comments?post=67838"}],"version-history":[{"count":0,"href":"https:\/\/eltrabajo.cl\/portal\/wp-json\/wp\/v2\/posts\/67838\/revisions"}],"wp:featuredmedia":[{"embeddable":true,"href":"https:\/\/eltrabajo.cl\/portal\/wp-json\/wp\/v2\/media\/67839"}],"wp:attachment":[{"href":"https:\/\/eltrabajo.cl\/portal\/wp-json\/wp\/v2\/media?parent=67838"}],"wp:term":[{"taxonomy":"category","embeddable":true,"href":"https:\/\/eltrabajo.cl\/portal\/wp-json\/wp\/v2\/categories?post=67838"},{"taxonomy":"post_tag","embeddable":true,"href":"https:\/\/eltrabajo.cl\/portal\/wp-json\/wp\/v2\/tags?post=67838"}],"curies":[{"name":"wp","href":"https:\/\/api.w.org\/{rel}","templated":true}]}}