{"id":67842,"date":"2016-03-17T08:22:22","date_gmt":"2016-03-17T11:22:22","guid":{"rendered":"http:\/\/www.eltrabajo.cl\/portal\/?p=67842"},"modified":"2016-03-17T08:22:22","modified_gmt":"2016-03-17T11:22:22","slug":"proximo-lunes-abren-ofertas-para-construccion-de-nuevo-cesfam-de-panquehue","status":"publish","type":"post","link":"https:\/\/eltrabajo.cl\/portal\/proximo-lunes-abren-ofertas-para-construccion-de-nuevo-cesfam-de-panquehue\/","title":{"rendered":"Pr\u00f3ximo lunes abren ofertas para construcci\u00f3n de nuevo Cesfam de Panquehue"},"content":{"rendered":"<figure id=\"attachment_67843\" aria-describedby=\"caption-attachment-67843\" style=\"width: 530px\" class=\"wp-caption alignleft\"><a href=\"http:\/\/www.eltrabajo.cl\/portal\/proximo-lunes-abren-ofertas-para-construccion-de-nuevo-cesfam-de-panquehue\/nuevo-cesfam-panquehue-2\/\" rel=\"attachment wp-att-67843\"><img data-recalc-dims=\"1\" loading=\"lazy\" decoding=\"async\" class=\"size-full wp-image-67843\" src=\"https:\/\/i0.wp.com\/www.eltrabajo.cl\/portal\/wp-content\/uploads\/2016\/03\/Nuevo-Cesfam-Panquehue.jpg?resize=530%2C348\" alt=\"El proyecto del nuevo Cesfam de Panquehue es financiado a trav\u00e9s del Fondo Nacional de Desarrollo Regional.\" width=\"530\" height=\"348\" srcset=\"https:\/\/i0.wp.com\/eltrabajo.cl\/portal\/wp-content\/uploads\/2016\/03\/Nuevo-Cesfam-Panquehue.jpg?w=530&amp;ssl=1 530w, https:\/\/i0.wp.com\/eltrabajo.cl\/portal\/wp-content\/uploads\/2016\/03\/Nuevo-Cesfam-Panquehue.jpg?resize=200%2C131&amp;ssl=1 200w, https:\/\/i0.wp.com\/eltrabajo.cl\/portal\/wp-content\/uploads\/2016\/03\/Nuevo-Cesfam-Panquehue.jpg?resize=300%2C197&amp;ssl=1 300w, https:\/\/i0.wp.com\/eltrabajo.cl\/portal\/wp-content\/uploads\/2016\/03\/Nuevo-Cesfam-Panquehue.jpg?resize=228%2C150&amp;ssl=1 228w, https:\/\/i0.wp.com\/eltrabajo.cl\/portal\/wp-content\/uploads\/2016\/03\/Nuevo-Cesfam-Panquehue.jpg?resize=400%2C263&amp;ssl=1 400w\" sizes=\"auto, (max-width: 530px) 100vw, 530px\" \/><\/a><figcaption id=\"caption-attachment-67843\" class=\"wp-caption-text\">El proyecto del nuevo Cesfam de Panquehue es financiado a trav\u00e9s del Fondo Nacional de Desarrollo Regional.<\/figcaption><\/figure>\n<p><strong>De acuerdo a lo informado por el Director del Cesfam Dr. Teofilo Reyes, la calendarizaci\u00f3n del Servicio de Salud Aconcagua considera para el d\u00eda lunes 28 de marzo, informar los resultados del proceso de evaluaci\u00f3n de las empresas oferentes. <\/strong><\/p>\n<p><strong>PANQUEHUE.-<\/strong> Para el d\u00eda lunes 21 de marzo se ha programado el proceso de apertura de las ofertas econ\u00f3micas presentadas por las empresas postulantes, para la construcci\u00f3n del nuevo Centro de Salud Familiar.<br \/>\nDe acuerdo a lo informado por el Director del centro de salud Dr. Teofilo Reyes, existe una calendarizaci\u00f3n por parte del servicio de salud de Aconcagua, que act\u00faa como unidad t\u00e9cnica del proceso y que ha considerado para el 21 de marzo pr\u00f3ximo la apertura de las ofertas, luego el lunes 28 de marzo, el informe t\u00e9cnico de cada una de las empresas, y as\u00ed el d\u00eda jueves 31 de marzo, se informe a la contralor\u00eda, el resultado de la selecci\u00f3n, con los antecedentes de la empresa que cumpla con las exigencias de la obra y por tal motivo se pueda adjudicar la ejecuci\u00f3n del proyecto.<br \/>\nAgreg\u00f3 el profesional de salud, que este es un proyecto muy esperado por la comunidad de Panquehue, pues a la fecha las actuales instalaciones est\u00e1n totalmente colapsadas, lo que ha generado una serie de complicaciones en la entrega de una adecuada atenci\u00f3n m\u00e9dica.<br \/>\nEl proyecto de $ 2.119.685.000 que es financiado a trav\u00e9s del Fondo Nacional de Desarrollo Regional (FNDR) por intermedio del Gobierno Regional, considera una inversi\u00f3n en obras civiles, en equipamiento; en Gastos Administrativos y consultor\u00eda.<br \/>\nTal como se informar\u00e1 el nuevo Centro de Salud Familiar tendr\u00e1 una superficie de 1.414,08 m2 para dar cobertura a 7.140 usuarios.<\/p>\n","protected":false},"excerpt":{"rendered":"<p>De acuerdo a lo informado por el Director del Cesfam Dr. Teofilo Reyes, la calendarizaci\u00f3n del Servicio de Salud Aconcagua considera para el d\u00eda lunes 28 de marzo, informar los resultados del&#8230;<\/p>\n","protected":false},"author":1,"featured_media":67843,"comment_status":"open","ping_status":"open","sticky":false,"template":"","format":"standard","meta":{"advanced_seo_description":"","jetpack_seo_html_title":"","jetpack_seo_noindex":false,"_jetpack_memberships_contains_paid_content":false,"footnotes":""},"categories":[1],"tags":[],"class_list":["post-67842","post","type-post","status-publish","format-standard","has-post-thumbnail","hentry","category-cronica"],"jetpack_featured_media_url":"https:\/\/i0.wp.com\/eltrabajo.cl\/portal\/wp-content\/uploads\/2016\/03\/Nuevo-Cesfam-Panquehue.jpg?fit=530%2C348&ssl=1","jetpack_sharing_enabled":true,"jetpack_likes_enabled":true,"jetpack-related-posts":[],"_links":{"self":[{"href":"https:\/\/eltrabajo.cl\/portal\/wp-json\/wp\/v2\/posts\/67842","targetHints":{"allow":["GET"]}}],"collection":[{"href":"https:\/\/eltrabajo.cl\/portal\/wp-json\/wp\/v2\/posts"}],"about":[{"href":"https:\/\/eltrabajo.cl\/portal\/wp-json\/wp\/v2\/types\/post"}],"author":[{"embeddable":true,"href":"https:\/\/eltrabajo.cl\/portal\/wp-json\/wp\/v2\/users\/1"}],"replies":[{"embeddable":true,"href":"https:\/\/eltrabajo.cl\/portal\/wp-json\/wp\/v2\/comments?post=67842"}],"version-history":[{"count":0,"href":"https:\/\/eltrabajo.cl\/portal\/wp-json\/wp\/v2\/posts\/67842\/revisions"}],"wp:featuredmedia":[{"embeddable":true,"href":"https:\/\/eltrabajo.cl\/portal\/wp-json\/wp\/v2\/media\/67843"}],"wp:attachment":[{"href":"https:\/\/eltrabajo.cl\/portal\/wp-json\/wp\/v2\/media?parent=67842"}],"wp:term":[{"taxonomy":"category","embeddable":true,"href":"https:\/\/eltrabajo.cl\/portal\/wp-json\/wp\/v2\/categories?post=67842"},{"taxonomy":"post_tag","embeddable":true,"href":"https:\/\/eltrabajo.cl\/portal\/wp-json\/wp\/v2\/tags?post=67842"}],"curies":[{"name":"wp","href":"https:\/\/api.w.org\/{rel}","templated":true}]}}