{"id":67846,"date":"2016-03-17T08:26:58","date_gmt":"2016-03-17T11:26:58","guid":{"rendered":"http:\/\/www.eltrabajo.cl\/portal\/?p=67846"},"modified":"2016-03-17T08:26:58","modified_gmt":"2016-03-17T11:26:58","slug":"extenso-corte-de-agua-potable-en-san-felipe-durante-el-fin-de-semana","status":"publish","type":"post","link":"https:\/\/eltrabajo.cl\/portal\/extenso-corte-de-agua-potable-en-san-felipe-durante-el-fin-de-semana\/","title":{"rendered":"Extenso corte de agua potable en San Felipe durante el fin de semana"},"content":{"rendered":"<figure id=\"attachment_67848\" aria-describedby=\"caption-attachment-67848\" style=\"width: 530px\" class=\"wp-caption alignleft\"><a href=\"http:\/\/www.eltrabajo.cl\/portal\/\" rel=\"attachment wp-att-67848\"><img data-recalc-dims=\"1\" loading=\"lazy\" decoding=\"async\" class=\"size-full wp-image-67848\" src=\"https:\/\/i0.wp.com\/www.eltrabajo.cl\/portal\/wp-content\/uploads\/2016\/03\/Llave-agua.jpg?resize=530%2C350\" alt=\"El corte de agua comenzar\u00e1 a las 15 horas del s\u00e1bado y culminar\u00e1 el domingo a las 2:00 am.\" width=\"530\" height=\"350\" \/><\/a><figcaption id=\"caption-attachment-67848\" class=\"wp-caption-text\">El corte de agua comenzar\u00e1 a las 15 horas del s\u00e1bado y culminar\u00e1 el domingo a las 2:00 am.<\/figcaption><\/figure>\n<p>Este s\u00e1bado 19 de marzo desde las 15:00 horas y hasta las 2:00 am del domingo 20, se producir\u00e1 un corte de agua potable, en los siguientes sectores:<br \/>\nCentro de San Felipe, dentro de las 4 Alamedas<br \/>\nSector poniente:<br \/>\nPoblaci\u00f3n San Felipe, Pob. Esfuerzo, Parras\u00eda, Eusebio Lillo, Chorrillos, Departamental, Arturo Prat, Sol del Inca, Nacional, Manuel Rodr\u00edguez, Carmen y Dolores, Yevide, Santa Rosa<br \/>\nSector oriente:<br \/>\nV. Las Gardenias, Pob. Pedro Aguirre Cerda, La Santita, Pob. Yungay.<br \/>\nEste corte de agua, obedece a las obras que se est\u00e1n desarrollando en la Alameda Maip\u00fa, las que quedar\u00e1n operativas a partir del d\u00eda domingo 20 de marzo, luego del corte de agua, de acuerdo a lo informado por Esval.<\/p>\n","protected":false},"excerpt":{"rendered":"<p>Este s\u00e1bado 19 de marzo desde las 15:00 horas y hasta las 2:00 am del domingo 20, se producir\u00e1 un corte de agua potable, en los siguientes sectores: Centro de San Felipe,&#8230;<\/p>\n","protected":false},"author":1,"featured_media":67850,"comment_status":"open","ping_status":"open","sticky":false,"template":"","format":"standard","meta":{"advanced_seo_description":"","jetpack_seo_html_title":"","jetpack_seo_noindex":false,"_jetpack_memberships_contains_paid_content":false,"footnotes":""},"categories":[1],"tags":[],"class_list":["post-67846","post","type-post","status-publish","format-standard","has-post-thumbnail","hentry","category-cronica"],"jetpack_featured_media_url":"https:\/\/i0.wp.com\/eltrabajo.cl\/portal\/wp-content\/uploads\/2016\/03\/Llave-agua.jpg?fit=530%2C350&ssl=1","jetpack_sharing_enabled":true,"jetpack_likes_enabled":true,"jetpack-related-posts":[],"_links":{"self":[{"href":"https:\/\/eltrabajo.cl\/portal\/wp-json\/wp\/v2\/posts\/67846","targetHints":{"allow":["GET"]}}],"collection":[{"href":"https:\/\/eltrabajo.cl\/portal\/wp-json\/wp\/v2\/posts"}],"about":[{"href":"https:\/\/eltrabajo.cl\/portal\/wp-json\/wp\/v2\/types\/post"}],"author":[{"embeddable":true,"href":"https:\/\/eltrabajo.cl\/portal\/wp-json\/wp\/v2\/users\/1"}],"replies":[{"embeddable":true,"href":"https:\/\/eltrabajo.cl\/portal\/wp-json\/wp\/v2\/comments?post=67846"}],"version-history":[{"count":0,"href":"https:\/\/eltrabajo.cl\/portal\/wp-json\/wp\/v2\/posts\/67846\/revisions"}],"wp:featuredmedia":[{"embeddable":true,"href":"https:\/\/eltrabajo.cl\/portal\/wp-json\/wp\/v2\/media\/67850"}],"wp:attachment":[{"href":"https:\/\/eltrabajo.cl\/portal\/wp-json\/wp\/v2\/media?parent=67846"}],"wp:term":[{"taxonomy":"category","embeddable":true,"href":"https:\/\/eltrabajo.cl\/portal\/wp-json\/wp\/v2\/categories?post=67846"},{"taxonomy":"post_tag","embeddable":true,"href":"https:\/\/eltrabajo.cl\/portal\/wp-json\/wp\/v2\/tags?post=67846"}],"curies":[{"name":"wp","href":"https:\/\/api.w.org\/{rel}","templated":true}]}}