{"id":67861,"date":"2016-03-17T08:35:54","date_gmt":"2016-03-17T11:35:54","guid":{"rendered":"http:\/\/www.eltrabajo.cl\/portal\/?p=67861"},"modified":"2016-03-17T08:35:55","modified_gmt":"2016-03-17T11:35:55","slug":"municipio-invita-a-vecinos-a-participar-de-yoga-a-luca","status":"publish","type":"post","link":"https:\/\/eltrabajo.cl\/portal\/municipio-invita-a-vecinos-a-participar-de-yoga-a-luca\/","title":{"rendered":"Municipio invita a vecinos a participar de \u2018Yoga a luca\u2019"},"content":{"rendered":"<figure id=\"attachment_67862\" aria-describedby=\"caption-attachment-67862\" style=\"width: 530px\" class=\"wp-caption alignleft\"><a href=\"http:\/\/www.eltrabajo.cl\/portal\/municipio-invita-a-vecinos-a-participar-de-yoga-a-luca\/yoga-a-luca\/\" rel=\"attachment wp-att-67862\"><img data-recalc-dims=\"1\" loading=\"lazy\" decoding=\"async\" class=\"size-full wp-image-67862\" src=\"https:\/\/i0.wp.com\/www.eltrabajo.cl\/portal\/wp-content\/uploads\/2016\/03\/Yoga-a-luca.jpg?resize=530%2C350\" alt=\"Las clases de yoga se realizar\u00e1n los lunes y viernes a partir de las 18.00 horas.\" width=\"530\" height=\"350\" srcset=\"https:\/\/i0.wp.com\/eltrabajo.cl\/portal\/wp-content\/uploads\/2016\/03\/Yoga-a-luca.jpg?w=530&amp;ssl=1 530w, https:\/\/i0.wp.com\/eltrabajo.cl\/portal\/wp-content\/uploads\/2016\/03\/Yoga-a-luca.jpg?resize=200%2C132&amp;ssl=1 200w, https:\/\/i0.wp.com\/eltrabajo.cl\/portal\/wp-content\/uploads\/2016\/03\/Yoga-a-luca.jpg?resize=300%2C198&amp;ssl=1 300w, https:\/\/i0.wp.com\/eltrabajo.cl\/portal\/wp-content\/uploads\/2016\/03\/Yoga-a-luca.jpg?resize=227%2C150&amp;ssl=1 227w, https:\/\/i0.wp.com\/eltrabajo.cl\/portal\/wp-content\/uploads\/2016\/03\/Yoga-a-luca.jpg?resize=400%2C264&amp;ssl=1 400w\" sizes=\"auto, (max-width: 530px) 100vw, 530px\" \/><\/a><figcaption id=\"caption-attachment-67862\" class=\"wp-caption-text\">Las clases de yoga se realizar\u00e1n los lunes y viernes a partir de las 18.00 horas.<\/figcaption><\/figure>\n<p>Una invitaci\u00f3n abierta a la comunidad, a partir de los 13 a\u00f1os de edad, formul\u00f3 la encargada de la Oficina Municipal de la Juventud, Sabina Castro, para que participe de la iniciativa denominada \u2018Yoga a luca\u2019, la que ya forma parte de su programa de actividades.<br \/>\nSeg\u00fan se\u00f1al\u00f3 la profesional, desde esta semana la actividad se realizar\u00e1 los lunes en la Alameda Chacabuco, y tambi\u00e9n los viernes, pero en la Alameda Yungay.<br \/>\nEsta iniciativa naci\u00f3 en septiembre de 2015, pero desde enero de este a\u00f1o se decidi\u00f3 dejarla instalada como parte de la programaci\u00f3n de la oficina, principalmente por la positiva respuesta de las vecinas, as\u00ed como tambi\u00e9n comprendiendo que si bien la pr\u00e1ctica del yoga se ha masificado, la posibilidad de acceder a clases con el apoyo de un instructor, es todav\u00eda cara.<br \/>\nSabina Castro expres\u00f3 que este viernes se realizar\u00e1 una jornada de yoga a luca, en el bandej\u00f3n central de la Alameda Yungay, frente al Liceo Corina Urbina; mientras que los lunes se realizar\u00e1 esta clase en el bandej\u00f3n central de la Alameda Chacabuco, frente al Departamento de Cultura, entre Salinas y Combate de las Coimas.<br \/>\n\u201cTenemos un p\u00fablico cautivo que se ha hecho el h\u00e1bito de asistir a estas clases que favorecen estilos de vida saludable, mejorando su calidad de vida y acceder a una disciplina que sigue siendo cara\u201d, se\u00f1al\u00f3 la encargada de la Oficina de la Juventud.<br \/>\nLa invitaci\u00f3n es abierta a la comunidad, para que asistan y aprovechen esta instancia, todos los lunes y viernes a partir de las 18.00 horas.<br \/>\nSeg\u00fan se\u00f1al\u00f3 la encargada de la oficina, quienes tengan mat (colchoneta para yoga), pueden llevarlo para el desarrollo de la clase, en caso contrario, pueden llevar una frazada o una toalla, aun cuando si no tienen ninguno de esos elementos, de igual manera pueden participar, dado que la actividad se realiza sobre el c\u00e9sped.<\/p>\n","protected":false},"excerpt":{"rendered":"<p>Una invitaci\u00f3n abierta a la comunidad, a partir de los 13 a\u00f1os de edad, formul\u00f3 la encargada de la Oficina Municipal de la Juventud, Sabina Castro, para que participe de la iniciativa&#8230;<\/p>\n","protected":false},"author":1,"featured_media":67862,"comment_status":"open","ping_status":"open","sticky":false,"template":"","format":"standard","meta":{"advanced_seo_description":"","jetpack_seo_html_title":"","jetpack_seo_noindex":false,"_jetpack_memberships_contains_paid_content":false,"footnotes":""},"categories":[1],"tags":[],"class_list":["post-67861","post","type-post","status-publish","format-standard","has-post-thumbnail","hentry","category-cronica"],"jetpack_featured_media_url":"https:\/\/i0.wp.com\/eltrabajo.cl\/portal\/wp-content\/uploads\/2016\/03\/Yoga-a-luca.jpg?fit=530%2C350&ssl=1","jetpack_sharing_enabled":true,"jetpack_likes_enabled":true,"jetpack-related-posts":[],"_links":{"self":[{"href":"https:\/\/eltrabajo.cl\/portal\/wp-json\/wp\/v2\/posts\/67861","targetHints":{"allow":["GET"]}}],"collection":[{"href":"https:\/\/eltrabajo.cl\/portal\/wp-json\/wp\/v2\/posts"}],"about":[{"href":"https:\/\/eltrabajo.cl\/portal\/wp-json\/wp\/v2\/types\/post"}],"author":[{"embeddable":true,"href":"https:\/\/eltrabajo.cl\/portal\/wp-json\/wp\/v2\/users\/1"}],"replies":[{"embeddable":true,"href":"https:\/\/eltrabajo.cl\/portal\/wp-json\/wp\/v2\/comments?post=67861"}],"version-history":[{"count":0,"href":"https:\/\/eltrabajo.cl\/portal\/wp-json\/wp\/v2\/posts\/67861\/revisions"}],"wp:featuredmedia":[{"embeddable":true,"href":"https:\/\/eltrabajo.cl\/portal\/wp-json\/wp\/v2\/media\/67862"}],"wp:attachment":[{"href":"https:\/\/eltrabajo.cl\/portal\/wp-json\/wp\/v2\/media?parent=67861"}],"wp:term":[{"taxonomy":"category","embeddable":true,"href":"https:\/\/eltrabajo.cl\/portal\/wp-json\/wp\/v2\/categories?post=67861"},{"taxonomy":"post_tag","embeddable":true,"href":"https:\/\/eltrabajo.cl\/portal\/wp-json\/wp\/v2\/tags?post=67861"}],"curies":[{"name":"wp","href":"https:\/\/api.w.org\/{rel}","templated":true}]}}