{"id":67865,"date":"2016-03-17T08:42:14","date_gmt":"2016-03-17T11:42:14","guid":{"rendered":"http:\/\/www.eltrabajo.cl\/portal\/?p=67865"},"modified":"2016-03-17T08:42:14","modified_gmt":"2016-03-17T11:42:14","slug":"menores-de-12-anos-de-edad-deben-viajar-en-asiento-posterior-de-vehiculos","status":"publish","type":"post","link":"https:\/\/eltrabajo.cl\/portal\/menores-de-12-anos-de-edad-deben-viajar-en-asiento-posterior-de-vehiculos\/","title":{"rendered":"Menores de 12 a\u00f1os de edad deben viajar en asiento posterior de veh\u00edculos"},"content":{"rendered":"<figure id=\"attachment_67866\" aria-describedby=\"caption-attachment-67866\" style=\"width: 530px\" class=\"wp-caption alignleft\"><a href=\"http:\/\/www.eltrabajo.cl\/portal\/menores-de-12-anos-de-edad-deben-viajar-en-asiento-posterior-de-vehiculos\/nueva-norma-transito\/\" rel=\"attachment wp-att-67866\"><img data-recalc-dims=\"1\" loading=\"lazy\" decoding=\"async\" class=\"size-full wp-image-67866\" src=\"https:\/\/i0.wp.com\/www.eltrabajo.cl\/portal\/wp-content\/uploads\/2016\/03\/nueva-norma-transito.jpg?resize=530%2C350\" alt=\"Nueva normativa entr\u00f3 en vigencia ayer y desde marzo de 2017 los menores de 8 a\u00f1os deber\u00e1n viajar en sillas especiales.\" width=\"530\" height=\"350\" srcset=\"https:\/\/i0.wp.com\/eltrabajo.cl\/portal\/wp-content\/uploads\/2016\/03\/nueva-norma-transito.jpg?w=530&amp;ssl=1 530w, https:\/\/i0.wp.com\/eltrabajo.cl\/portal\/wp-content\/uploads\/2016\/03\/nueva-norma-transito.jpg?resize=200%2C132&amp;ssl=1 200w, https:\/\/i0.wp.com\/eltrabajo.cl\/portal\/wp-content\/uploads\/2016\/03\/nueva-norma-transito.jpg?resize=300%2C198&amp;ssl=1 300w, https:\/\/i0.wp.com\/eltrabajo.cl\/portal\/wp-content\/uploads\/2016\/03\/nueva-norma-transito.jpg?resize=227%2C150&amp;ssl=1 227w, https:\/\/i0.wp.com\/eltrabajo.cl\/portal\/wp-content\/uploads\/2016\/03\/nueva-norma-transito.jpg?resize=400%2C264&amp;ssl=1 400w\" sizes=\"auto, (max-width: 530px) 100vw, 530px\" \/><\/a><figcaption id=\"caption-attachment-67866\" class=\"wp-caption-text\">Nueva normativa entr\u00f3 en vigencia ayer y desde marzo de 2017 los menores de 8 a\u00f1os deber\u00e1n viajar en sillas especiales.<\/figcaption><\/figure>\n<p><strong>OJO con nueva ley de Tr\u00e1nsito: Normativa no tiene marcha blanca y las multas van entre los 66 mil y 132 mil pesos.<\/strong><\/p>\n<p>Con el objetivo de aumentar la seguridad en el traslado de ni\u00f1os al interior de veh\u00edculos livianos, desde ayer se encuentra vigente la ley de tr\u00e1nsito 20.904, la cual representa una modificaci\u00f3n a la ley 18.290 y cuya exigencia inmediata es la prohibici\u00f3n de transportar a menores de 12 a\u00f1os en el asiento de acompa\u00f1ante del conductor.<br \/>\nAs\u00ed lo inform\u00f3 el Jefe de la Siat de Carabineros de San Felipe, Capit\u00e1n Francisco Carre\u00f1o Miranda, quien explic\u00f3 que para esta exigencia no habr\u00e1 per\u00edodo de marcha blanca y detall\u00f3 que \u201cel d\u00eda de hoy (ayer) entra en vigencia de forma exclusiva, para que les quede claro, exclusivamente el hecho que anteriormente se pod\u00eda transportar un ni\u00f1o mayor de ocho a\u00f1os en el asiento del acompa\u00f1ante, esta ley modifica eso y aumenta el requisito a 12 a\u00f1os, esto quiere decir que los ni\u00f1os menores a esa edad tienen que ir en el asiento trasero con su respectivo cintur\u00f3n de seguridad\u201d, detall\u00f3.<br \/>\nCarre\u00f1o afirm\u00f3 que \u00e9sta, no es la \u00fanica transformaci\u00f3n que presenta la ley, y que las otras exigencias tienen relaci\u00f3n con el uso de sistemas de retenci\u00f3n infantil en el asiento posterior de los veh\u00edculos, decretando que \u201cel 16 de marzo del 2017, entrar\u00eda en vigencia la otra parte de la ley, y que hace referencia a que anteriormente se exig\u00eda el uso de la silla hasta los 4 a\u00f1os. Sin embargo, desde el pr\u00f3ximo a\u00f1o las sillas deber\u00e1n ser usadas por ni\u00f1os de hasta 8 a\u00f1os y la particularidad es que las butacas tendr\u00e1n que especificar el peso para cada menor de 8 a\u00f1os, es por eso que se le dio un tiempo de an\u00e1lisis, respecto de la normativa vigente\u201d, sentenci\u00f3.<br \/>\nLa Ley aumenta, a la vez, las sanciones por no llevar a un ni\u00f1o en un sistema de retenci\u00f3n infantil, pasando de ser una falta grave a una grav\u00edsima (equivalente a una multa de entre 1,5 a 3 UTM, es decir, entre $66.000 y $132.000), m\u00e1s la suspensi\u00f3n de licencia de conductor entre 5 y 45 d\u00edas. Igual multa tendr\u00e1n aquellos conductores que trasladen a menores de 12 a\u00f1os en el asiento del copiloto.<\/p>\n","protected":false},"excerpt":{"rendered":"<p>OJO con nueva ley de Tr\u00e1nsito: Normativa no tiene marcha blanca y las multas van entre los 66 mil y 132 mil pesos. Con el objetivo de aumentar la seguridad en el&#8230;<\/p>\n","protected":false},"author":1,"featured_media":67866,"comment_status":"open","ping_status":"open","sticky":false,"template":"","format":"standard","meta":{"advanced_seo_description":"","jetpack_seo_html_title":"","jetpack_seo_noindex":false,"_jetpack_memberships_contains_paid_content":false,"footnotes":""},"categories":[1],"tags":[],"class_list":["post-67865","post","type-post","status-publish","format-standard","has-post-thumbnail","hentry","category-cronica"],"jetpack_featured_media_url":"https:\/\/i0.wp.com\/eltrabajo.cl\/portal\/wp-content\/uploads\/2016\/03\/nueva-norma-transito.jpg?fit=530%2C350&ssl=1","jetpack_sharing_enabled":true,"jetpack_likes_enabled":true,"jetpack-related-posts":[],"_links":{"self":[{"href":"https:\/\/eltrabajo.cl\/portal\/wp-json\/wp\/v2\/posts\/67865","targetHints":{"allow":["GET"]}}],"collection":[{"href":"https:\/\/eltrabajo.cl\/portal\/wp-json\/wp\/v2\/posts"}],"about":[{"href":"https:\/\/eltrabajo.cl\/portal\/wp-json\/wp\/v2\/types\/post"}],"author":[{"embeddable":true,"href":"https:\/\/eltrabajo.cl\/portal\/wp-json\/wp\/v2\/users\/1"}],"replies":[{"embeddable":true,"href":"https:\/\/eltrabajo.cl\/portal\/wp-json\/wp\/v2\/comments?post=67865"}],"version-history":[{"count":0,"href":"https:\/\/eltrabajo.cl\/portal\/wp-json\/wp\/v2\/posts\/67865\/revisions"}],"wp:featuredmedia":[{"embeddable":true,"href":"https:\/\/eltrabajo.cl\/portal\/wp-json\/wp\/v2\/media\/67866"}],"wp:attachment":[{"href":"https:\/\/eltrabajo.cl\/portal\/wp-json\/wp\/v2\/media?parent=67865"}],"wp:term":[{"taxonomy":"category","embeddable":true,"href":"https:\/\/eltrabajo.cl\/portal\/wp-json\/wp\/v2\/categories?post=67865"},{"taxonomy":"post_tag","embeddable":true,"href":"https:\/\/eltrabajo.cl\/portal\/wp-json\/wp\/v2\/tags?post=67865"}],"curies":[{"name":"wp","href":"https:\/\/api.w.org\/{rel}","templated":true}]}}