{"id":67869,"date":"2016-03-17T08:43:46","date_gmt":"2016-03-17T11:43:46","guid":{"rendered":"http:\/\/www.eltrabajo.cl\/portal\/?p=67869"},"modified":"2016-03-17T08:43:46","modified_gmt":"2016-03-17T11:43:46","slug":"en-libertad-vigilada-sujeto-que-violo-a-prima-con-leve-retraso-mental","status":"publish","type":"post","link":"https:\/\/eltrabajo.cl\/portal\/en-libertad-vigilada-sujeto-que-violo-a-prima-con-leve-retraso-mental\/","title":{"rendered":"En libertad vigilada sujeto que viol\u00f3 a prima con leve retraso mental"},"content":{"rendered":"<figure id=\"attachment_67870\" aria-describedby=\"caption-attachment-67870\" style=\"width: 530px\" class=\"wp-caption alignleft\"><a href=\"http:\/\/www.eltrabajo.cl\/portal\/en-libertad-vigilada-sujeto-que-violo-a-prima-con-leve-retraso-mental\/violacion-referencial\/\" rel=\"attachment wp-att-67870\"><img data-recalc-dims=\"1\" loading=\"lazy\" decoding=\"async\" class=\"size-full wp-image-67870\" src=\"https:\/\/i0.wp.com\/www.eltrabajo.cl\/portal\/wp-content\/uploads\/2016\/03\/VIOLACION-REFERENCIAL.jpg?resize=530%2C348\" alt=\"La v\u00edctima habr\u00eda sufrido la violaci\u00f3n en el mes de junio del a\u00f1o 2012 al interior de su domicilio en San Felipe. El sentenciado fue beneficiado a cumplir la condena bajo la pena sustitutiva de libertad vigilada por cinco a\u00f1os (Foto Referencial).\" width=\"530\" height=\"348\" srcset=\"https:\/\/i0.wp.com\/eltrabajo.cl\/portal\/wp-content\/uploads\/2016\/03\/VIOLACION-REFERENCIAL.jpg?w=530&amp;ssl=1 530w, https:\/\/i0.wp.com\/eltrabajo.cl\/portal\/wp-content\/uploads\/2016\/03\/VIOLACION-REFERENCIAL.jpg?resize=200%2C131&amp;ssl=1 200w, https:\/\/i0.wp.com\/eltrabajo.cl\/portal\/wp-content\/uploads\/2016\/03\/VIOLACION-REFERENCIAL.jpg?resize=300%2C197&amp;ssl=1 300w, https:\/\/i0.wp.com\/eltrabajo.cl\/portal\/wp-content\/uploads\/2016\/03\/VIOLACION-REFERENCIAL.jpg?resize=228%2C150&amp;ssl=1 228w, https:\/\/i0.wp.com\/eltrabajo.cl\/portal\/wp-content\/uploads\/2016\/03\/VIOLACION-REFERENCIAL.jpg?resize=400%2C263&amp;ssl=1 400w\" sizes=\"auto, (max-width: 530px) 100vw, 530px\" \/><\/a><figcaption id=\"caption-attachment-67870\" class=\"wp-caption-text\">La v\u00edctima habr\u00eda sufrido la violaci\u00f3n en el mes de junio del a\u00f1o 2012 al interior de su domicilio en San Felipe. El sentenciado fue beneficiado a cumplir la condena bajo la pena sustitutiva de libertad vigilada por cinco a\u00f1os (Foto Referencial).<\/figcaption><\/figure>\n<p><strong>Por cinco a\u00f1os seg\u00fan decisi\u00f3n del Tribunal Oral:<\/strong><\/p>\n<p>Pese a que la Fiscal\u00eda de San Felipe persegu\u00eda pena privativa de libertad por siete a\u00f1os por este delito, la irreprochable conducta anterior del sentenciado prevaleci\u00f3 para obtener el beneficio.<br \/>\nA cinco a\u00f1os de presidio, bajo el beneficio de libertad vigilada, fue la condena que por unanimidad emitieron los jueces del Tribunal Oral en Lo Penal de San Felipe, sentenciando a Miguel \u00c1ngel Mu\u00f1oz Videla por el delito de violaci\u00f3n a su prima adulta enajenada mental, cometida en el a\u00f1o 2012.<br \/>\nEn este caso, la investigaci\u00f3n que realiz\u00f3 el Ministerio P\u00fablico de San Felipe se extendi\u00f3 por cerca de cuatro a\u00f1os, a partir de la denuncia que efectu\u00f3 la v\u00edctima que sufre un retraso mental moderado. La mujer habr\u00eda sido violada bucalmente por su primo al interior de su domicilio en la poblaci\u00f3n Pedro Araya de San Felipe en el mes de junio del 2012.<br \/>\nDurante el juicio, el Fiscal de Delitos de Sexuales Alejandro Bustos expuso los antecedentes ante el tribunal que daban cuenta de este delito; hechos que provocaron una profunda depresi\u00f3n en la v\u00edctima, que fue advertida por sus familiares que se enteraron de lo ocurrido, denunciando los hechos ante la polic\u00eda.<br \/>\nEn el veredicto judicial, los jueces concluyeron un\u00e1nimemente considerar culpable al acusado por violaci\u00f3n. En este sentido, la Fiscal\u00eda persegu\u00eda una pena privativa de libertad que se extendiera hasta siete a\u00f1os de c\u00e1rcel.<br \/>\nSin embargo, Mu\u00f1oz Videla quien manten\u00eda irreprochable conducta anterior, fue beneficiado por este tribunal a cumplir la condena bajo libertad vigilada. Esta sentencia a\u00fan no se encuentra firme y ejecutoriada, instancia que dentro de los pr\u00f3ximos diez d\u00edas, la Fiscal\u00eda podr\u00eda eventualmente elevar un recurso de nulidad sobre este juicio.<br \/>\n<strong>Pablo Salinas Sald\u00edas<\/strong><\/p>\n","protected":false},"excerpt":{"rendered":"<p>Por cinco a\u00f1os seg\u00fan decisi\u00f3n del Tribunal Oral: Pese a que la Fiscal\u00eda de San Felipe persegu\u00eda pena privativa de libertad por siete a\u00f1os por este delito, la irreprochable conducta anterior del&#8230;<\/p>\n","protected":false},"author":1,"featured_media":67870,"comment_status":"open","ping_status":"open","sticky":false,"template":"","format":"standard","meta":{"advanced_seo_description":"","jetpack_seo_html_title":"","jetpack_seo_noindex":false,"_jetpack_memberships_contains_paid_content":false,"footnotes":""},"categories":[21],"tags":[],"class_list":["post-67869","post","type-post","status-publish","format-standard","has-post-thumbnail","hentry","category-policial"],"jetpack_featured_media_url":"https:\/\/i0.wp.com\/eltrabajo.cl\/portal\/wp-content\/uploads\/2016\/03\/VIOLACION-REFERENCIAL.jpg?fit=530%2C348&ssl=1","jetpack_sharing_enabled":true,"jetpack_likes_enabled":true,"jetpack-related-posts":[],"_links":{"self":[{"href":"https:\/\/eltrabajo.cl\/portal\/wp-json\/wp\/v2\/posts\/67869","targetHints":{"allow":["GET"]}}],"collection":[{"href":"https:\/\/eltrabajo.cl\/portal\/wp-json\/wp\/v2\/posts"}],"about":[{"href":"https:\/\/eltrabajo.cl\/portal\/wp-json\/wp\/v2\/types\/post"}],"author":[{"embeddable":true,"href":"https:\/\/eltrabajo.cl\/portal\/wp-json\/wp\/v2\/users\/1"}],"replies":[{"embeddable":true,"href":"https:\/\/eltrabajo.cl\/portal\/wp-json\/wp\/v2\/comments?post=67869"}],"version-history":[{"count":0,"href":"https:\/\/eltrabajo.cl\/portal\/wp-json\/wp\/v2\/posts\/67869\/revisions"}],"wp:featuredmedia":[{"embeddable":true,"href":"https:\/\/eltrabajo.cl\/portal\/wp-json\/wp\/v2\/media\/67870"}],"wp:attachment":[{"href":"https:\/\/eltrabajo.cl\/portal\/wp-json\/wp\/v2\/media?parent=67869"}],"wp:term":[{"taxonomy":"category","embeddable":true,"href":"https:\/\/eltrabajo.cl\/portal\/wp-json\/wp\/v2\/categories?post=67869"},{"taxonomy":"post_tag","embeddable":true,"href":"https:\/\/eltrabajo.cl\/portal\/wp-json\/wp\/v2\/tags?post=67869"}],"curies":[{"name":"wp","href":"https:\/\/api.w.org\/{rel}","templated":true}]}}