{"id":67880,"date":"2016-03-17T08:56:34","date_gmt":"2016-03-17T11:56:34","guid":{"rendered":"http:\/\/www.eltrabajo.cl\/portal\/?p=67880"},"modified":"2016-03-17T08:56:34","modified_gmt":"2016-03-17T11:56:34","slug":"escuela-jose-de-san-martin-invirtio-360-millones-de-fondos-sep","status":"publish","type":"post","link":"https:\/\/eltrabajo.cl\/portal\/escuela-jose-de-san-martin-invirtio-360-millones-de-fondos-sep\/","title":{"rendered":"Escuela Jos\u00e9 de San Mart\u00edn invirti\u00f3 $360 millones de Fondos SEP"},"content":{"rendered":"<p><strong>Escolares ahora tienen recursos para un mejor a\u00f1o escolar:<\/strong><\/p>\n<p>Siguen los grandes aciertos administrativos con los Fondos SEP en las escuelas municipalizadas de nuestra comuna, hoy en Diario El Trabajo te informamos que en la Escuela Jos\u00e9 de San Mart\u00edn, los 1.000 alumnos que la conforman est\u00e1n muy contentos con los nuevos recursos comprados para ellos en este a\u00f1o escolar.<\/p>\n<p><strong>MUCHOS TALLERES<\/strong><br \/>\nEsta casa de estudios, por albergar un millar de alumnos, m\u00e1s el personal docente que la hace funcionar, establece que consume m\u00e1s recursos que otras escuelas de la comuna, por lo que los montos se elevan significativamente.<br \/>\n\u00abPara este a\u00f1o estamos incursionando con nuevos talleres, taller de periodismo; material PIE; 120 tablets; 1.100 agendas; un ajedrez gigante de pl\u00e1stico; juegos infantiles de exterior para patio; pago movilizaci\u00f3n para doce giras de estudio; hojas blancas tama\u00f1o carta y oficio, l\u00e1pices, plumones, cartulinas, opalinas, tintas y toners para impresoras y fotocopiadora y materiales de oficina\u00bb, report\u00f3 a Diario El Trabajo la directora de esa escuela, Ximena Baquedano.<\/p>\n<p><strong>BUENA PINTA<\/strong><br \/>\nNuestro medio realiz\u00f3 ayer mi\u00e9rcoles un amplio recorrido por las salas de clases de esta c\u00e9ntrica escuela sanfelipe\u00f1a, y encontramos a decenas de ni\u00f1os estrenando mobiliario nuevo; estanter\u00eda para sus libros y las compras en tramitaci\u00f3n como \u00abcortinajes para toda la escuela; pasto para patio de educaci\u00f3n parvularia; tel\u00f3n para escenario; cuatro juegos de madera para B\u00e1sica y hasta compra de alarmas para el establecimiento, as\u00ed como cuatro acces-point para optimizar la cobertura de Wifi entre muchos otros recursos\u00bb, agreg\u00f3 la directora Baquedano. En total, todos los recursos, algunos de esos talleres realizados en 2015, ascienden a $360.199.662.<br \/>\n<strong>Roberto Gonz\u00e1lez Short<\/strong><br \/>\n<strong>rgonzalez@eltrabajo.cl<\/strong><\/p>\n<div class=\"tiled-gallery type-rectangular tiled-gallery-unresized\" data-original-width=\"640\" data-carousel-extra='null' itemscope itemtype=\"http:\/\/schema.org\/ImageGallery\" > <div class=\"gallery-row\" style=\"width: 640px; height: 283px;\" data-original-width=\"640\" data-original-height=\"283\" > <div class=\"gallery-group images-1\" style=\"width: 427px; height: 283px;\" data-original-width=\"427\" data-original-height=\"283\" > <div class=\"tiled-gallery-item tiled-gallery-item-large\" itemprop=\"associatedMedia\" itemscope itemtype=\"http:\/\/schema.org\/ImageObject\"> <a href=\"https:\/\/eltrabajo.cl\/portal\/escuela-jose-de-san-martin-invirtio-360-millones-de-fondos-sep\/ximena-baquedano-2\/\" border=\"0\" itemprop=\"url\"> <meta itemprop=\"width\" content=\"423\"> <meta itemprop=\"height\" content=\"279\"> <img decoding=\"async\" class=\"\" data-attachment-id=\"67886\" data-orig-file=\"https:\/\/eltrabajo.cl\/portal\/wp-content\/uploads\/2016\/03\/Ximena-Baquedano.jpg\" data-orig-size=\"530,350\" data-comments-opened=\"1\" data-image-meta=\"{&quot;aperture&quot;:&quot;0&quot;,&quot;credit&quot;:&quot;&quot;,&quot;camera&quot;:&quot;&quot;,&quot;caption&quot;:&quot;&quot;,&quot;created_timestamp&quot;:&quot;0&quot;,&quot;copyright&quot;:&quot;&quot;,&quot;focal_length&quot;:&quot;0&quot;,&quot;iso&quot;:&quot;0&quot;,&quot;shutter_speed&quot;:&quot;0&quot;,&quot;title&quot;:&quot;&quot;,&quot;orientation&quot;:&quot;0&quot;}\" data-image-title=\"Ximena Baquedano\" data-image-description=\"\" data-medium-file=\"https:\/\/i0.wp.com\/eltrabajo.cl\/portal\/wp-content\/uploads\/2016\/03\/Ximena-Baquedano.jpg?fit=300%2C198&#038;ssl=1\" data-large-file=\"https:\/\/i0.wp.com\/eltrabajo.cl\/portal\/wp-content\/uploads\/2016\/03\/Ximena-Baquedano.jpg?fit=530%2C350&#038;ssl=1\" src=\"https:\/\/i0.wp.com\/eltrabajo.cl\/portal\/wp-content\/uploads\/2016\/03\/Ximena-Baquedano.jpg?w=423&#038;h=279&#038;ssl=1\" srcset=\"https:\/\/i0.wp.com\/eltrabajo.cl\/portal\/wp-content\/uploads\/2016\/03\/Ximena-Baquedano.jpg?w=530&amp;ssl=1 530w, https:\/\/i0.wp.com\/eltrabajo.cl\/portal\/wp-content\/uploads\/2016\/03\/Ximena-Baquedano.jpg?resize=200%2C132&amp;ssl=1 200w, https:\/\/i0.wp.com\/eltrabajo.cl\/portal\/wp-content\/uploads\/2016\/03\/Ximena-Baquedano.jpg?resize=300%2C198&amp;ssl=1 300w, https:\/\/i0.wp.com\/eltrabajo.cl\/portal\/wp-content\/uploads\/2016\/03\/Ximena-Baquedano.jpg?resize=227%2C150&amp;ssl=1 227w, https:\/\/i0.wp.com\/eltrabajo.cl\/portal\/wp-content\/uploads\/2016\/03\/Ximena-Baquedano.jpg?resize=400%2C264&amp;ssl=1 400w\" width=\"423\" height=\"279\" loading=\"lazy\" data-original-width=\"423\" data-original-height=\"279\" itemprop=\"http:\/\/schema.org\/image\" title=\"Ximena Baquedano\" alt=\"Ximena Baquedano\" style=\"width: 423px; height: 279px;\" \/> <\/a> <\/div> <\/div> <!-- close group --> <div class=\"gallery-group images-2\" style=\"width: 213px; height: 283px;\" data-original-width=\"213\" data-original-height=\"283\" > <div class=\"tiled-gallery-item tiled-gallery-item-small\" itemprop=\"associatedMedia\" itemscope itemtype=\"http:\/\/schema.org\/ImageObject\"> <a href=\"https:\/\/eltrabajo.cl\/portal\/escuela-jose-de-san-martin-invirtio-360-millones-de-fondos-sep\/mobiliario33\/\" border=\"0\" itemprop=\"url\"> <meta itemprop=\"width\" content=\"209\"> <meta itemprop=\"height\" content=\"137\"> <img decoding=\"async\" class=\"\" data-attachment-id=\"67885\" data-orig-file=\"https:\/\/eltrabajo.cl\/portal\/wp-content\/uploads\/2016\/03\/Mobiliario33.jpg\" data-orig-size=\"530,349\" data-comments-opened=\"1\" data-image-meta=\"{&quot;aperture&quot;:&quot;0&quot;,&quot;credit&quot;:&quot;&quot;,&quot;camera&quot;:&quot;&quot;,&quot;caption&quot;:&quot;&quot;,&quot;created_timestamp&quot;:&quot;0&quot;,&quot;copyright&quot;:&quot;&quot;,&quot;focal_length&quot;:&quot;0&quot;,&quot;iso&quot;:&quot;0&quot;,&quot;shutter_speed&quot;:&quot;0&quot;,&quot;title&quot;:&quot;&quot;,&quot;orientation&quot;:&quot;0&quot;}\" data-image-title=\"TODO NUEVO.- La profesora Zaady Nazar y su asistente Adriana Contreras, muestran a Diario El Trabajo la estanter\u00eda nueva llenas de nuevos textos para sus estudiantes.\" data-image-description=\"&lt;p&gt;TODO NUEVO.- La profesora Zaady Nazar y su asistente Adriana Contreras, muestran a Diario El Trabajo la estanter\u00eda nueva llenas de nuevos textos para sus estudiantes.&lt;\/p&gt; \" data-medium-file=\"https:\/\/i0.wp.com\/eltrabajo.cl\/portal\/wp-content\/uploads\/2016\/03\/Mobiliario33.jpg?fit=300%2C198&#038;ssl=1\" data-large-file=\"https:\/\/i0.wp.com\/eltrabajo.cl\/portal\/wp-content\/uploads\/2016\/03\/Mobiliario33.jpg?fit=530%2C349&#038;ssl=1\" src=\"https:\/\/i0.wp.com\/eltrabajo.cl\/portal\/wp-content\/uploads\/2016\/03\/Mobiliario33.jpg?w=209&#038;h=137&#038;ssl=1\" srcset=\"https:\/\/i0.wp.com\/eltrabajo.cl\/portal\/wp-content\/uploads\/2016\/03\/Mobiliario33.jpg?w=530&amp;ssl=1 530w, https:\/\/i0.wp.com\/eltrabajo.cl\/portal\/wp-content\/uploads\/2016\/03\/Mobiliario33.jpg?resize=200%2C132&amp;ssl=1 200w, https:\/\/i0.wp.com\/eltrabajo.cl\/portal\/wp-content\/uploads\/2016\/03\/Mobiliario33.jpg?resize=300%2C198&amp;ssl=1 300w, https:\/\/i0.wp.com\/eltrabajo.cl\/portal\/wp-content\/uploads\/2016\/03\/Mobiliario33.jpg?resize=228%2C150&amp;ssl=1 228w, https:\/\/i0.wp.com\/eltrabajo.cl\/portal\/wp-content\/uploads\/2016\/03\/Mobiliario33.jpg?resize=400%2C263&amp;ssl=1 400w\" width=\"209\" height=\"137\" loading=\"lazy\" data-original-width=\"209\" data-original-height=\"137\" itemprop=\"http:\/\/schema.org\/image\" title=\"TODO NUEVO.- La profesora Zaady Nazar y su asistente Adriana Contreras, muestran a Diario El Trabajo la estanter\u00eda nueva llenas de nuevos textos para sus estudiantes.\" alt=\"TODO NUEVO.- La profesora Zaady Nazar y su asistente Adriana Contreras, muestran a Diario El Trabajo la estanter\u00eda nueva llenas de nuevos textos para sus estudiantes.\" style=\"width: 209px; height: 137px;\" \/> <\/a> <div class=\"tiled-gallery-caption\" itemprop=\"caption description\"> TODO NUEVO.- La profesora Zaady Nazar y su asistente Adriana Contreras, muestran a Diario El Trabajo la estanter\u00eda nueva llenas de nuevos textos para sus estudiantes. <\/div> <\/div> <div class=\"tiled-gallery-item tiled-gallery-item-small\" itemprop=\"associatedMedia\" itemscope itemtype=\"http:\/\/schema.org\/ImageObject\"> <a href=\"https:\/\/eltrabajo.cl\/portal\/escuela-jose-de-san-martin-invirtio-360-millones-de-fondos-sep\/libros33-2\/\" border=\"0\" itemprop=\"url\"> <meta itemprop=\"width\" content=\"209\"> <meta itemprop=\"height\" content=\"138\"> <img decoding=\"async\" class=\"\" data-attachment-id=\"67884\" data-orig-file=\"https:\/\/eltrabajo.cl\/portal\/wp-content\/uploads\/2016\/03\/Libros33.jpg\" data-orig-size=\"530,350\" data-comments-opened=\"1\" data-image-meta=\"{&quot;aperture&quot;:&quot;0&quot;,&quot;credit&quot;:&quot;&quot;,&quot;camera&quot;:&quot;&quot;,&quot;caption&quot;:&quot;&quot;,&quot;created_timestamp&quot;:&quot;0&quot;,&quot;copyright&quot;:&quot;&quot;,&quot;focal_length&quot;:&quot;0&quot;,&quot;iso&quot;:&quot;0&quot;,&quot;shutter_speed&quot;:&quot;0&quot;,&quot;title&quot;:&quot;&quot;,&quot;orientation&quot;:&quot;0&quot;}\" data-image-title=\"PEQUE\u00d1OS LECTORES.- Y si de lectura hablamos, estos chicos est\u00e1n m\u00e1s que motivados con el nuevo material did\u00e1ctico.\" data-image-description=\"&lt;p&gt;PEQUE\u00d1OS LECTORES.- Y si de lectura hablamos, estos chicos est\u00e1n m\u00e1s que motivados con el nuevo material did\u00e1ctico.&lt;\/p&gt; \" data-medium-file=\"https:\/\/i0.wp.com\/eltrabajo.cl\/portal\/wp-content\/uploads\/2016\/03\/Libros33.jpg?fit=300%2C198&#038;ssl=1\" data-large-file=\"https:\/\/i0.wp.com\/eltrabajo.cl\/portal\/wp-content\/uploads\/2016\/03\/Libros33.jpg?fit=530%2C350&#038;ssl=1\" src=\"https:\/\/i0.wp.com\/eltrabajo.cl\/portal\/wp-content\/uploads\/2016\/03\/Libros33.jpg?w=209&#038;h=138&#038;ssl=1\" srcset=\"https:\/\/i0.wp.com\/eltrabajo.cl\/portal\/wp-content\/uploads\/2016\/03\/Libros33.jpg?w=530&amp;ssl=1 530w, https:\/\/i0.wp.com\/eltrabajo.cl\/portal\/wp-content\/uploads\/2016\/03\/Libros33.jpg?resize=200%2C132&amp;ssl=1 200w, https:\/\/i0.wp.com\/eltrabajo.cl\/portal\/wp-content\/uploads\/2016\/03\/Libros33.jpg?resize=300%2C198&amp;ssl=1 300w, https:\/\/i0.wp.com\/eltrabajo.cl\/portal\/wp-content\/uploads\/2016\/03\/Libros33.jpg?resize=227%2C150&amp;ssl=1 227w, https:\/\/i0.wp.com\/eltrabajo.cl\/portal\/wp-content\/uploads\/2016\/03\/Libros33.jpg?resize=400%2C264&amp;ssl=1 400w\" width=\"209\" height=\"138\" loading=\"lazy\" data-original-width=\"209\" data-original-height=\"138\" itemprop=\"http:\/\/schema.org\/image\" title=\"PEQUE\u00d1OS LECTORES.- Y si de lectura hablamos, estos chicos est\u00e1n m\u00e1s que motivados con el nuevo material did\u00e1ctico.\" alt=\"PEQUE\u00d1OS LECTORES.- Y si de lectura hablamos, estos chicos est\u00e1n m\u00e1s que motivados con el nuevo material did\u00e1ctico.\" style=\"width: 209px; height: 138px;\" \/> <\/a> <div class=\"tiled-gallery-caption\" itemprop=\"caption description\"> PEQUE\u00d1OS LECTORES.- Y si de lectura hablamos, estos chicos est\u00e1n m\u00e1s que motivados con el nuevo material did\u00e1ctico. <\/div> <\/div> <\/div> <!-- close group --> <\/div> <!-- close row --> <div class=\"gallery-row\" style=\"width: 640px; height: 142px;\" data-original-width=\"640\" data-original-height=\"142\" > <div class=\"gallery-group images-1\" style=\"width: 214px; height: 142px;\" data-original-width=\"214\" data-original-height=\"142\" > <div class=\"tiled-gallery-item tiled-gallery-item-small\" itemprop=\"associatedMedia\" itemscope itemtype=\"http:\/\/schema.org\/ImageObject\"> <a href=\"https:\/\/eltrabajo.cl\/portal\/escuela-jose-de-san-martin-invirtio-360-millones-de-fondos-sep\/juegos1-9\/\" border=\"0\" itemprop=\"url\"> <meta itemprop=\"width\" content=\"210\"> <meta itemprop=\"height\" content=\"138\"> <img decoding=\"async\" class=\"\" data-attachment-id=\"67883\" data-orig-file=\"https:\/\/eltrabajo.cl\/portal\/wp-content\/uploads\/2016\/03\/Juegos1.jpg\" data-orig-size=\"530,350\" data-comments-opened=\"1\" data-image-meta=\"{&quot;aperture&quot;:&quot;0&quot;,&quot;credit&quot;:&quot;&quot;,&quot;camera&quot;:&quot;&quot;,&quot;caption&quot;:&quot;&quot;,&quot;created_timestamp&quot;:&quot;0&quot;,&quot;copyright&quot;:&quot;&quot;,&quot;focal_length&quot;:&quot;0&quot;,&quot;iso&quot;:&quot;0&quot;,&quot;shutter_speed&quot;:&quot;0&quot;,&quot;title&quot;:&quot;&quot;,&quot;orientation&quot;:&quot;0&quot;}\" data-image-title=\"JUEGOS BACANES.- Los juegos para exteriores son de primera, los ni\u00f1os s\u00ed que lo pasan regio.\" data-image-description=\"&lt;p&gt;JUEGOS BACANES.- Los juegos para exteriores son de primera, los ni\u00f1os s\u00ed que lo pasan regio.&lt;\/p&gt; \" data-medium-file=\"https:\/\/i0.wp.com\/eltrabajo.cl\/portal\/wp-content\/uploads\/2016\/03\/Juegos1.jpg?fit=300%2C198&#038;ssl=1\" data-large-file=\"https:\/\/i0.wp.com\/eltrabajo.cl\/portal\/wp-content\/uploads\/2016\/03\/Juegos1.jpg?fit=530%2C350&#038;ssl=1\" src=\"https:\/\/i0.wp.com\/eltrabajo.cl\/portal\/wp-content\/uploads\/2016\/03\/Juegos1.jpg?w=210&#038;h=138&#038;ssl=1\" srcset=\"https:\/\/i0.wp.com\/eltrabajo.cl\/portal\/wp-content\/uploads\/2016\/03\/Juegos1.jpg?w=530&amp;ssl=1 530w, https:\/\/i0.wp.com\/eltrabajo.cl\/portal\/wp-content\/uploads\/2016\/03\/Juegos1.jpg?resize=200%2C132&amp;ssl=1 200w, https:\/\/i0.wp.com\/eltrabajo.cl\/portal\/wp-content\/uploads\/2016\/03\/Juegos1.jpg?resize=300%2C198&amp;ssl=1 300w, https:\/\/i0.wp.com\/eltrabajo.cl\/portal\/wp-content\/uploads\/2016\/03\/Juegos1.jpg?resize=227%2C150&amp;ssl=1 227w, https:\/\/i0.wp.com\/eltrabajo.cl\/portal\/wp-content\/uploads\/2016\/03\/Juegos1.jpg?resize=400%2C264&amp;ssl=1 400w\" width=\"210\" height=\"138\" loading=\"lazy\" data-original-width=\"210\" data-original-height=\"138\" itemprop=\"http:\/\/schema.org\/image\" title=\"JUEGOS BACANES.- Los juegos para exteriores son de primera, los ni\u00f1os s\u00ed que lo pasan regio.\" alt=\"JUEGOS BACANES.- Los juegos para exteriores son de primera, los ni\u00f1os s\u00ed que lo pasan regio.\" style=\"width: 210px; height: 138px;\" \/> <\/a> <div class=\"tiled-gallery-caption\" itemprop=\"caption description\"> JUEGOS BACANES.- Los juegos para exteriores son de primera, los ni\u00f1os s\u00ed que lo pasan regio. <\/div> <\/div> <\/div> <!-- close group --> <div class=\"gallery-group images-1\" style=\"width: 213px; height: 142px;\" data-original-width=\"213\" data-original-height=\"142\" > <div class=\"tiled-gallery-item tiled-gallery-item-small\" itemprop=\"associatedMedia\" itemscope itemtype=\"http:\/\/schema.org\/ImageObject\"> <a href=\"https:\/\/eltrabajo.cl\/portal\/escuela-jose-de-san-martin-invirtio-360-millones-de-fondos-sep\/futbolito33\/\" border=\"0\" itemprop=\"url\"> <meta itemprop=\"width\" content=\"209\"> <meta itemprop=\"height\" content=\"138\"> <img decoding=\"async\" class=\"\" data-attachment-id=\"67882\" data-orig-file=\"https:\/\/eltrabajo.cl\/portal\/wp-content\/uploads\/2016\/03\/Futbolito33.jpg\" data-orig-size=\"530,350\" data-comments-opened=\"1\" data-image-meta=\"{&quot;aperture&quot;:&quot;0&quot;,&quot;credit&quot;:&quot;&quot;,&quot;camera&quot;:&quot;&quot;,&quot;caption&quot;:&quot;&quot;,&quot;created_timestamp&quot;:&quot;0&quot;,&quot;copyright&quot;:&quot;&quot;,&quot;focal_length&quot;:&quot;0&quot;,&quot;iso&quot;:&quot;0&quot;,&quot;shutter_speed&quot;:&quot;0&quot;,&quot;title&quot;:&quot;&quot;,&quot;orientation&quot;:&quot;0&quot;}\" data-image-title=\"LOCOS POR EL FUTBOLITO.- Estos chicos no pierden una, son goleadas las que reciben o propinan en cada recreo, todo ello gracias a los Fondos SEP.\" data-image-description=\"&lt;p&gt;LOCOS POR EL FUTBOLITO.- Estos chicos no pierden una, son goleadas las que reciben o propinan en cada recreo, todo ello gracias a los Fondos SEP.&lt;\/p&gt; \" data-medium-file=\"https:\/\/i0.wp.com\/eltrabajo.cl\/portal\/wp-content\/uploads\/2016\/03\/Futbolito33.jpg?fit=300%2C198&#038;ssl=1\" data-large-file=\"https:\/\/i0.wp.com\/eltrabajo.cl\/portal\/wp-content\/uploads\/2016\/03\/Futbolito33.jpg?fit=530%2C350&#038;ssl=1\" src=\"https:\/\/i0.wp.com\/eltrabajo.cl\/portal\/wp-content\/uploads\/2016\/03\/Futbolito33.jpg?w=209&#038;h=138&#038;ssl=1\" srcset=\"https:\/\/i0.wp.com\/eltrabajo.cl\/portal\/wp-content\/uploads\/2016\/03\/Futbolito33.jpg?w=530&amp;ssl=1 530w, https:\/\/i0.wp.com\/eltrabajo.cl\/portal\/wp-content\/uploads\/2016\/03\/Futbolito33.jpg?resize=200%2C132&amp;ssl=1 200w, https:\/\/i0.wp.com\/eltrabajo.cl\/portal\/wp-content\/uploads\/2016\/03\/Futbolito33.jpg?resize=300%2C198&amp;ssl=1 300w, https:\/\/i0.wp.com\/eltrabajo.cl\/portal\/wp-content\/uploads\/2016\/03\/Futbolito33.jpg?resize=227%2C150&amp;ssl=1 227w, https:\/\/i0.wp.com\/eltrabajo.cl\/portal\/wp-content\/uploads\/2016\/03\/Futbolito33.jpg?resize=400%2C264&amp;ssl=1 400w\" width=\"209\" height=\"138\" loading=\"lazy\" data-original-width=\"209\" data-original-height=\"138\" itemprop=\"http:\/\/schema.org\/image\" title=\"LOCOS POR EL FUTBOLITO.- Estos chicos no pierden una, son goleadas las que reciben o propinan en cada recreo, todo ello gracias a los Fondos SEP.\" alt=\"LOCOS POR EL FUTBOLITO.- Estos chicos no pierden una, son goleadas las que reciben o propinan en cada recreo, todo ello gracias a los Fondos SEP.\" style=\"width: 209px; height: 138px;\" \/> <\/a> <div class=\"tiled-gallery-caption\" itemprop=\"caption description\"> LOCOS POR EL FUTBOLITO.- Estos chicos no pierden una, son goleadas las que reciben o propinan en cada recreo, todo ello gracias a los Fondos SEP. <\/div> <\/div> <\/div> <!-- close group --> <div class=\"gallery-group images-1\" style=\"width: 213px; height: 142px;\" data-original-width=\"213\" data-original-height=\"142\" > <div class=\"tiled-gallery-item tiled-gallery-item-small\" itemprop=\"associatedMedia\" itemscope itemtype=\"http:\/\/schema.org\/ImageObject\"> <a href=\"https:\/\/eltrabajo.cl\/portal\/escuela-jose-de-san-martin-invirtio-360-millones-de-fondos-sep\/ajedrez1-13\/\" border=\"0\" itemprop=\"url\"> <meta itemprop=\"width\" content=\"209\"> <meta itemprop=\"height\" content=\"138\"> <img decoding=\"async\" class=\"\" data-attachment-id=\"67881\" data-orig-file=\"https:\/\/eltrabajo.cl\/portal\/wp-content\/uploads\/2016\/03\/Ajedrez1.jpg\" data-orig-size=\"530,350\" data-comments-opened=\"1\" data-image-meta=\"{&quot;aperture&quot;:&quot;0&quot;,&quot;credit&quot;:&quot;&quot;,&quot;camera&quot;:&quot;&quot;,&quot;caption&quot;:&quot;&quot;,&quot;created_timestamp&quot;:&quot;0&quot;,&quot;copyright&quot;:&quot;&quot;,&quot;focal_length&quot;:&quot;0&quot;,&quot;iso&quot;:&quot;0&quot;,&quot;shutter_speed&quot;:&quot;0&quot;,&quot;title&quot;:&quot;&quot;,&quot;orientation&quot;:&quot;0&quot;}\" data-image-title=\"GENIOS EN ACCI\u00d3N.- Muy felices est\u00e1n los peques de la Escuela Jos\u00e9 de San Mart\u00edn con este ajedrez gigante, comprado gracias a los recursos SEP.\" data-image-description=\"&lt;p&gt;GENIOS EN ACCI\u00d3N.- Muy felices est\u00e1n los peques de la Escuela Jos\u00e9 de San Mart\u00edn con este ajedrez gigante, comprado gracias a los recursos SEP.&lt;\/p&gt; \" data-medium-file=\"https:\/\/i0.wp.com\/eltrabajo.cl\/portal\/wp-content\/uploads\/2016\/03\/Ajedrez1.jpg?fit=300%2C198&#038;ssl=1\" data-large-file=\"https:\/\/i0.wp.com\/eltrabajo.cl\/portal\/wp-content\/uploads\/2016\/03\/Ajedrez1.jpg?fit=530%2C350&#038;ssl=1\" src=\"https:\/\/i0.wp.com\/eltrabajo.cl\/portal\/wp-content\/uploads\/2016\/03\/Ajedrez1.jpg?w=209&#038;h=138&#038;ssl=1\" srcset=\"https:\/\/i0.wp.com\/eltrabajo.cl\/portal\/wp-content\/uploads\/2016\/03\/Ajedrez1.jpg?w=530&amp;ssl=1 530w, https:\/\/i0.wp.com\/eltrabajo.cl\/portal\/wp-content\/uploads\/2016\/03\/Ajedrez1.jpg?resize=200%2C132&amp;ssl=1 200w, https:\/\/i0.wp.com\/eltrabajo.cl\/portal\/wp-content\/uploads\/2016\/03\/Ajedrez1.jpg?resize=300%2C198&amp;ssl=1 300w, https:\/\/i0.wp.com\/eltrabajo.cl\/portal\/wp-content\/uploads\/2016\/03\/Ajedrez1.jpg?resize=227%2C150&amp;ssl=1 227w, https:\/\/i0.wp.com\/eltrabajo.cl\/portal\/wp-content\/uploads\/2016\/03\/Ajedrez1.jpg?resize=400%2C264&amp;ssl=1 400w\" width=\"209\" height=\"138\" loading=\"lazy\" data-original-width=\"209\" data-original-height=\"138\" itemprop=\"http:\/\/schema.org\/image\" title=\"GENIOS EN ACCI\u00d3N.- Muy felices est\u00e1n los peques de la Escuela Jos\u00e9 de San Mart\u00edn con este ajedrez gigante, comprado gracias a los recursos SEP.\" alt=\"GENIOS EN ACCI\u00d3N.- Muy felices est\u00e1n los peques de la Escuela Jos\u00e9 de San Mart\u00edn con este ajedrez gigante, comprado gracias a los recursos SEP.\" style=\"width: 209px; height: 138px;\" \/> <\/a> <div class=\"tiled-gallery-caption\" itemprop=\"caption description\"> GENIOS EN ACCI\u00d3N.- Muy felices est\u00e1n los peques de la Escuela Jos\u00e9 de San Mart\u00edn con este ajedrez gigante, comprado gracias a los recursos SEP. <\/div> <\/div> <\/div> <!-- close group --> <\/div> <!-- close row --> <\/div>\n","protected":false},"excerpt":{"rendered":"<p>Escolares ahora tienen recursos para un mejor a\u00f1o escolar: Siguen los grandes aciertos administrativos con los Fondos SEP en las escuelas municipalizadas de nuestra comuna, hoy en Diario El Trabajo te informamos&#8230;<\/p>\n","protected":false},"author":1,"featured_media":67883,"comment_status":"open","ping_status":"open","sticky":false,"template":"","format":"standard","meta":{"advanced_seo_description":"","jetpack_seo_html_title":"","jetpack_seo_noindex":false,"_jetpack_memberships_contains_paid_content":false,"footnotes":""},"categories":[15],"tags":[],"class_list":["post-67880","post","type-post","status-publish","format-standard","has-post-thumbnail","hentry","category-comunidad"],"jetpack_featured_media_url":"https:\/\/i0.wp.com\/eltrabajo.cl\/portal\/wp-content\/uploads\/2016\/03\/Juegos1.jpg?fit=530%2C350&ssl=1","jetpack_sharing_enabled":true,"jetpack_likes_enabled":true,"jetpack-related-posts":[],"_links":{"self":[{"href":"https:\/\/eltrabajo.cl\/portal\/wp-json\/wp\/v2\/posts\/67880","targetHints":{"allow":["GET"]}}],"collection":[{"href":"https:\/\/eltrabajo.cl\/portal\/wp-json\/wp\/v2\/posts"}],"about":[{"href":"https:\/\/eltrabajo.cl\/portal\/wp-json\/wp\/v2\/types\/post"}],"author":[{"embeddable":true,"href":"https:\/\/eltrabajo.cl\/portal\/wp-json\/wp\/v2\/users\/1"}],"replies":[{"embeddable":true,"href":"https:\/\/eltrabajo.cl\/portal\/wp-json\/wp\/v2\/comments?post=67880"}],"version-history":[{"count":0,"href":"https:\/\/eltrabajo.cl\/portal\/wp-json\/wp\/v2\/posts\/67880\/revisions"}],"wp:featuredmedia":[{"embeddable":true,"href":"https:\/\/eltrabajo.cl\/portal\/wp-json\/wp\/v2\/media\/67883"}],"wp:attachment":[{"href":"https:\/\/eltrabajo.cl\/portal\/wp-json\/wp\/v2\/media?parent=67880"}],"wp:term":[{"taxonomy":"category","embeddable":true,"href":"https:\/\/eltrabajo.cl\/portal\/wp-json\/wp\/v2\/categories?post=67880"},{"taxonomy":"post_tag","embeddable":true,"href":"https:\/\/eltrabajo.cl\/portal\/wp-json\/wp\/v2\/tags?post=67880"}],"curies":[{"name":"wp","href":"https:\/\/api.w.org\/{rel}","templated":true}]}}