{"id":67888,"date":"2016-03-17T08:59:40","date_gmt":"2016-03-17T11:59:40","guid":{"rendered":"http:\/\/www.eltrabajo.cl\/portal\/?p=67888"},"modified":"2016-03-17T08:59:40","modified_gmt":"2016-03-17T11:59:40","slug":"motociclista-muere-tras-adelantar-vehiculo-en-calle-esmeralda-poniente","status":"publish","type":"post","link":"https:\/\/eltrabajo.cl\/portal\/motociclista-muere-tras-adelantar-vehiculo-en-calle-esmeralda-poniente\/","title":{"rendered":"Motociclista muere tras adelantar veh\u00edculo en calle Esmeralda Poniente"},"content":{"rendered":"<figure id=\"attachment_67889\" aria-describedby=\"caption-attachment-67889\" style=\"width: 530px\" class=\"wp-caption alignleft\"><a href=\"http:\/\/www.eltrabajo.cl\/portal\/motociclista-muere-tras-adelantar-vehiculo-en-calle-esmeralda-poniente\/samsung-csc-120\/\" rel=\"attachment wp-att-67889\"><img data-recalc-dims=\"1\" loading=\"lazy\" decoding=\"async\" class=\"size-full wp-image-67889\" src=\"https:\/\/i0.wp.com\/www.eltrabajo.cl\/portal\/wp-content\/uploads\/2016\/03\/Accidente-moto-3.jpg?resize=530%2C349\" alt=\"El conductor del autom\u00f3vil se\u00f1al\u00f3 que, al evitar atropellar al motociclista, choc\u00f3 contra un \u00e1rbol y el tensor de un poste, provocando da\u00f1os en el veh\u00edculo.\" width=\"530\" height=\"349\" srcset=\"https:\/\/i0.wp.com\/eltrabajo.cl\/portal\/wp-content\/uploads\/2016\/03\/Accidente-moto-3.jpg?w=530&amp;ssl=1 530w, https:\/\/i0.wp.com\/eltrabajo.cl\/portal\/wp-content\/uploads\/2016\/03\/Accidente-moto-3.jpg?resize=200%2C132&amp;ssl=1 200w, https:\/\/i0.wp.com\/eltrabajo.cl\/portal\/wp-content\/uploads\/2016\/03\/Accidente-moto-3.jpg?resize=300%2C198&amp;ssl=1 300w, https:\/\/i0.wp.com\/eltrabajo.cl\/portal\/wp-content\/uploads\/2016\/03\/Accidente-moto-3.jpg?resize=228%2C150&amp;ssl=1 228w, https:\/\/i0.wp.com\/eltrabajo.cl\/portal\/wp-content\/uploads\/2016\/03\/Accidente-moto-3.jpg?resize=400%2C263&amp;ssl=1 400w\" sizes=\"auto, (max-width: 530px) 100vw, 530px\" \/><\/a><figcaption id=\"caption-attachment-67889\" class=\"wp-caption-text\">El conductor del autom\u00f3vil se\u00f1al\u00f3 que, al evitar atropellar al motociclista, choc\u00f3 contra un \u00e1rbol y el tensor de un poste, provocando da\u00f1os en el veh\u00edculo.<\/figcaption><\/figure>\n<p><strong>LOS ANDES.-<\/strong> Un joven motociclista identificado como Carlos Herrera Donoso (33) falleci\u00f3 la noche del martes al protagonizar un accidente de tr\u00e1nsito en la calle Esmeralda Poniente.<br \/>\nEl accidente se produjo a eso de las 22:30 horas a la altura del n\u00famero 1010 de esa arteria, frente al pasaje Chilectra, cuando la v\u00edctima fatal circulaba en su moto Ducati, matr\u00edcula VB 207 en direcci\u00f3n al poniente, efectuando una maniobra de adelantamiento a un Suv BMW X5, patente BB LZ 69, conducido por R.M.M. y al regresar a su pista perdi\u00f3 el equilibrio y cay\u00f3 a la calzada.<br \/>\nA consecuencia de ello el motociclista perdi\u00f3 la vida casi en forma instant\u00e1nea en el lugar, mientras la moto se arrastr\u00f3 hacia la pista opuesta chocando contra un basurero met\u00e1lico que hab\u00eda en la acerca.<br \/>\nEl conductor del BMW junto a transe\u00fantes y testigos acudieron a brindar auxilio al motociclista, llamando tambi\u00e9n a personal de Samu que a su llegada constat\u00f3 su deceso debido a la gravedad de sus heridas.<br \/>\nAl lugar concurri\u00f3 personal de Carabineros del cuadrante 2 y de la Siat Aconcagua, quienes realizaron los peritajes de rigor para establecer las causas de este lamentable accidente.<br \/>\nSeg\u00fan la versi\u00f3n del conductor del BMW, el motociclista lo habr\u00eda adelantado y cuando regresaba a su pista, debido a la velocidad que habr\u00eda llevado, perdi\u00f3 el control y cay\u00f3 arrastr\u00e1ndose por casi cincuenta metros.<br \/>\nEl chofer dijo que para evitar atropellarlo lanz\u00f3 su veh\u00edculo hacia una orilla, chocando contra un \u00e1rbol y el tensor de un poste, lo cual queda corroborado por los da\u00f1os sufridos por su m\u00f3vil en la parte delantera derecha.<br \/>\nNo obstante, las pericias de la Siat deber\u00e1n determinar si el veh\u00edculo mayor top\u00f3 la moto e hizo que \u00e9sta se desestabilizara.<br \/>\nEl conductor del BMW lo hac\u00eda en normal estado de temperancia y por disposici\u00f3n del fiscal de turno qued\u00f3 en libertad a la espera de ser citado a declarar.<br \/>\nEl Subcomisario de los Servicios de Carabineros, Capit\u00e1n Mauricio Guzm\u00e1n, manifest\u00f3 que se manejan varias hip\u00f3tesis respecto a las causas de este accidente, \u201cpero por ahora son puras especulaciones y hay que esperar el peritaje de la Siat\u201d.<br \/>\nEl oficial dijo que no se detect\u00f3 la presencia de alcohol en ninguno de los dos conductores, \u201cpero de todas formas hay que esperar los ex\u00e1menes del Servicio M\u00e9dico Legal\u201d.<br \/>\nA causa de este accidente el tr\u00e1nsito por Esmeralda, entre Balmaceda y Pedro Aguirre Cerda, se mantuvo cortado hasta cerca de las 2:30 de la ma\u00f1ana, hora en que culmin\u00f3 el peritaje de la Siat y el cuerpo del motociclista fue levantado y remitido al Servicio M\u00e9dico Legal de San Felipe.<\/p>\n<figure id=\"attachment_67890\" aria-describedby=\"caption-attachment-67890\" style=\"width: 530px\" class=\"wp-caption alignleft\"><a href=\"http:\/\/www.eltrabajo.cl\/portal\/motociclista-muere-tras-adelantar-vehiculo-en-calle-esmeralda-poniente\/accidente-moto\/\" rel=\"attachment wp-att-67890\"><img data-recalc-dims=\"1\" loading=\"lazy\" decoding=\"async\" class=\"size-full wp-image-67890\" src=\"https:\/\/i0.wp.com\/www.eltrabajo.cl\/portal\/wp-content\/uploads\/2016\/03\/Accidente-moto.jpg?resize=530%2C348\" alt=\"El conductor de la motocicleta fue identificado como Carlos Herrera Donoso (33) quien falleci\u00f3 en el lugar.\" width=\"530\" height=\"348\" srcset=\"https:\/\/i0.wp.com\/eltrabajo.cl\/portal\/wp-content\/uploads\/2016\/03\/Accidente-moto.jpg?w=530&amp;ssl=1 530w, https:\/\/i0.wp.com\/eltrabajo.cl\/portal\/wp-content\/uploads\/2016\/03\/Accidente-moto.jpg?resize=200%2C131&amp;ssl=1 200w, https:\/\/i0.wp.com\/eltrabajo.cl\/portal\/wp-content\/uploads\/2016\/03\/Accidente-moto.jpg?resize=300%2C197&amp;ssl=1 300w, https:\/\/i0.wp.com\/eltrabajo.cl\/portal\/wp-content\/uploads\/2016\/03\/Accidente-moto.jpg?resize=228%2C150&amp;ssl=1 228w, https:\/\/i0.wp.com\/eltrabajo.cl\/portal\/wp-content\/uploads\/2016\/03\/Accidente-moto.jpg?resize=400%2C263&amp;ssl=1 400w\" sizes=\"auto, (max-width: 530px) 100vw, 530px\" \/><\/a><figcaption id=\"caption-attachment-67890\" class=\"wp-caption-text\">El conductor de la motocicleta fue identificado como Carlos Herrera Donoso (33) quien falleci\u00f3 en el lugar.<\/figcaption><\/figure>\n","protected":false},"excerpt":{"rendered":"<p>LOS ANDES.- Un joven motociclista identificado como Carlos Herrera Donoso (33) falleci\u00f3 la noche del martes al protagonizar un accidente de tr\u00e1nsito en la calle Esmeralda Poniente. El accidente se produjo a&#8230;<\/p>\n","protected":false},"author":1,"featured_media":67890,"comment_status":"open","ping_status":"open","sticky":false,"template":"","format":"standard","meta":{"advanced_seo_description":"","jetpack_seo_html_title":"","jetpack_seo_noindex":false,"_jetpack_memberships_contains_paid_content":false,"footnotes":""},"categories":[21],"tags":[],"class_list":["post-67888","post","type-post","status-publish","format-standard","has-post-thumbnail","hentry","category-policial"],"jetpack_featured_media_url":"https:\/\/i0.wp.com\/eltrabajo.cl\/portal\/wp-content\/uploads\/2016\/03\/Accidente-moto.jpg?fit=530%2C348&ssl=1","jetpack_sharing_enabled":true,"jetpack_likes_enabled":true,"jetpack-related-posts":[],"_links":{"self":[{"href":"https:\/\/eltrabajo.cl\/portal\/wp-json\/wp\/v2\/posts\/67888","targetHints":{"allow":["GET"]}}],"collection":[{"href":"https:\/\/eltrabajo.cl\/portal\/wp-json\/wp\/v2\/posts"}],"about":[{"href":"https:\/\/eltrabajo.cl\/portal\/wp-json\/wp\/v2\/types\/post"}],"author":[{"embeddable":true,"href":"https:\/\/eltrabajo.cl\/portal\/wp-json\/wp\/v2\/users\/1"}],"replies":[{"embeddable":true,"href":"https:\/\/eltrabajo.cl\/portal\/wp-json\/wp\/v2\/comments?post=67888"}],"version-history":[{"count":0,"href":"https:\/\/eltrabajo.cl\/portal\/wp-json\/wp\/v2\/posts\/67888\/revisions"}],"wp:featuredmedia":[{"embeddable":true,"href":"https:\/\/eltrabajo.cl\/portal\/wp-json\/wp\/v2\/media\/67890"}],"wp:attachment":[{"href":"https:\/\/eltrabajo.cl\/portal\/wp-json\/wp\/v2\/media?parent=67888"}],"wp:term":[{"taxonomy":"category","embeddable":true,"href":"https:\/\/eltrabajo.cl\/portal\/wp-json\/wp\/v2\/categories?post=67888"},{"taxonomy":"post_tag","embeddable":true,"href":"https:\/\/eltrabajo.cl\/portal\/wp-json\/wp\/v2\/tags?post=67888"}],"curies":[{"name":"wp","href":"https:\/\/api.w.org\/{rel}","templated":true}]}}