{"id":67898,"date":"2016-03-18T08:25:30","date_gmt":"2016-03-18T11:25:30","guid":{"rendered":"http:\/\/www.eltrabajo.cl\/portal\/?p=67898"},"modified":"2016-03-18T08:25:30","modified_gmt":"2016-03-18T11:25:30","slug":"rechazan-proyecto-energia-fotovoltaica-en-reunion-con-seremi-medio-ambiente","status":"publish","type":"post","link":"https:\/\/eltrabajo.cl\/portal\/rechazan-proyecto-energia-fotovoltaica-en-reunion-con-seremi-medio-ambiente\/","title":{"rendered":"Rechazan proyecto energ\u00eda fotovoltaica en reuni\u00f3n con Seremi Medio Ambiente"},"content":{"rendered":"<figure id=\"attachment_67899\" aria-describedby=\"caption-attachment-67899\" style=\"width: 530px\" class=\"wp-caption alignleft\"><a href=\"http:\/\/www.eltrabajo.cl\/portal\/rechazan-proyecto-energia-fotovoltaica-en-reunion-con-seremi-medio-ambiente\/reunion-seremi-2\/\" rel=\"attachment wp-att-67899\"><img data-recalc-dims=\"1\" loading=\"lazy\" decoding=\"async\" class=\"size-full wp-image-67899\" src=\"https:\/\/i0.wp.com\/www.eltrabajo.cl\/portal\/wp-content\/uploads\/2016\/03\/reunion-seremi.jpg?resize=530%2C350\" alt=\"Autoridades comunales se reunieron con la Seremi de Medio Ambiente donde se plantearon las preocupaciones que genera la construcci\u00f3n de proyecto \u2018Enc\u00f3n Solar\u2019, de la empresa Loa Solar SpA.\" width=\"530\" height=\"350\" srcset=\"https:\/\/i0.wp.com\/eltrabajo.cl\/portal\/wp-content\/uploads\/2016\/03\/reunion-seremi.jpg?w=530&amp;ssl=1 530w, https:\/\/i0.wp.com\/eltrabajo.cl\/portal\/wp-content\/uploads\/2016\/03\/reunion-seremi.jpg?resize=200%2C132&amp;ssl=1 200w, https:\/\/i0.wp.com\/eltrabajo.cl\/portal\/wp-content\/uploads\/2016\/03\/reunion-seremi.jpg?resize=300%2C198&amp;ssl=1 300w, https:\/\/i0.wp.com\/eltrabajo.cl\/portal\/wp-content\/uploads\/2016\/03\/reunion-seremi.jpg?resize=227%2C150&amp;ssl=1 227w, https:\/\/i0.wp.com\/eltrabajo.cl\/portal\/wp-content\/uploads\/2016\/03\/reunion-seremi.jpg?resize=400%2C264&amp;ssl=1 400w\" sizes=\"auto, (max-width: 530px) 100vw, 530px\" \/><\/a><figcaption id=\"caption-attachment-67899\" class=\"wp-caption-text\">Autoridades comunales se reunieron con la Seremi de Medio Ambiente donde se plantearon las preocupaciones que genera la construcci\u00f3n de proyecto \u2018Enc\u00f3n Solar\u2019, de la empresa Loa Solar SpA.<\/figcaption><\/figure>\n<p><strong>Autoridades locales argumentaron afectaci\u00f3n a humedales, impacto en la actividad agr\u00edcola y de regad\u00edo, adem\u00e1s de su preocupaci\u00f3n por aumento de temperatura ambiente en la comuna, al instalarse 36 mil paneles de captaci\u00f3n de energ\u00eda solar.<\/strong><\/p>\n<p>Fue en el marco de una reuni\u00f3n sostenida con la Seremi de Medio Ambiente, Tania Bertoglio, que el alcalde Patricio Freire, acompa\u00f1ado del Consejero Regional Mario Sottolochio, plantearon su preocupaci\u00f3n y rechazo al proyecto denominado \u2018Enc\u00f3n Solar\u2019, el que la empresa Loa Solar Spa, pretende ejecutar en una superficie de 27 hect\u00e1reas que comprenden los sectores de Enc\u00f3n, Algarrobal, Nueva Algarrobal y La Quebrada.<br \/>\nLa autoridad comunal, solicit\u00f3 antecedentes oficiales a la secretar\u00eda regional ministerial, acerca de esta iniciativa, as\u00ed como detalles del proceso que enfrenta en el marco de la declaratoria de evaluaci\u00f3n ambiental, la que es clave para la aprobaci\u00f3n de este proyecto, que considera la instalaci\u00f3n de 36 mil paneles de captaci\u00f3n de energ\u00eda solar.<br \/>\nSeg\u00fan explic\u00f3 durante la reuni\u00f3n la Seremi Bertoglio, el proyecto Enc\u00f3n Solar todav\u00eda est\u00e1 en proceso de evaluaci\u00f3n, en tanto que su titular, la empresa Loa Solar, debe responder a trav\u00e9s de la Adenda 1, a la serie de observaciones, sugerencias, dudas y aclaraciones que hacen diferentes servicios p\u00fablicos convocados para pronunciarse acerca del impacto que podr\u00eda tener el proyecto.<br \/>\nEsta declaraci\u00f3n la realiz\u00f3 la Seremi a prop\u00f3sito de las aprensiones del alcalde Freire, en torno a la afectaci\u00f3n que podr\u00eda tener este proyecto en una zona donde hay humedales, as\u00ed como tambi\u00e9n por el impacto en la agricultura y principalmente el riego, el aumento de la temperatura ambiente en m\u00e1s de dos grados Celsius y de paso, la casi nula posibilidad de generar empleo a partir de este ambicioso proyecto.<br \/>\nEn ese contexto, la seremi se\u00f1al\u00f3 que no est\u00e1 comprobado cient\u00edficamente que el tipo morfol\u00f3gico que se presenta en ese sector, ya que si bien hay afloramientos de agua, no significa necesariamente que corresponda a una zona de humedales.<br \/>\nA partir de lo anterior, el alcalde Freire acord\u00f3 con la autoridad la realizaci\u00f3n de un estudio que permita establecer cu\u00e1l es la situaci\u00f3n de esa zona y su definici\u00f3n.<br \/>\n\u201cNo sabemos c\u00f3mo cambia el ecosistema en ese sector, con el aumento de temperaturas que se puede producir. Si bien apostamos por la generaci\u00f3n de energ\u00eda limpia, creemos que el sector para desarrollar esta iniciativa, no es el m\u00e1s adecuado\u201d, dijo Freire.<br \/>\nLa autoridad se mostr\u00f3 optimista de la pronta realizaci\u00f3n del estudio acordado con Bertoglio, logrando adem\u00e1s el compromiso del Core Mario Sottolichio, en cuanto a respaldar el proceso y velar por su transparencia.<br \/>\n\u201cCreo que es importante que nuestra oposici\u00f3n tenga contenido y es relevante lo que hemos acordado, de contratar un estudio que nos entregue la informaci\u00f3n sobre el valor de esas 27 hect\u00e1reas y las repercusiones que puede tener. Debemos aunar fuerzas, en base a argumentos de peso y estoy disponible como consejero regional para allanar el camino que permita r\u00e1pidamente la realizaci\u00f3n de ese estudio\u201d, finaliz\u00f3 el consejero regional.<br \/>\nAcerca de la oposici\u00f3n de los vecinos del sector Punta del Olivo a este proyecto, Tania Bertoglio manifest\u00f3 que para la autoridad es importante la opini\u00f3n que tengan ellos, motivo por el cual se mantiene un contacto permanente con las autoridades que los representan.<br \/>\n\u201cEstamos acostumbrados como ministerio a trabajar con los ciudadanos, ser parte de procesos de recuperaci\u00f3n, de procesos normativos, y en este caso, qui\u00e9n m\u00e1s que el alcalde Freire y el Consejero Mario Sottolichio para saber la opini\u00f3n de la ciudadan\u00eda. No me he reunido con los vecinos, pero el alcalde y el Core me han contado las expectativas y las inquietudes que la comunidad tiene\u201d, puntualiz\u00f3.<\/p>\n","protected":false},"excerpt":{"rendered":"<p>Autoridades locales argumentaron afectaci\u00f3n a humedales, impacto en la actividad agr\u00edcola y de regad\u00edo, adem\u00e1s de su preocupaci\u00f3n por aumento de temperatura ambiente en la comuna, al instalarse 36 mil paneles de&#8230;<\/p>\n","protected":false},"author":1,"featured_media":67899,"comment_status":"open","ping_status":"open","sticky":false,"template":"","format":"standard","meta":{"advanced_seo_description":"","jetpack_seo_html_title":"","jetpack_seo_noindex":false,"_jetpack_memberships_contains_paid_content":false,"footnotes":""},"categories":[1],"tags":[],"class_list":["post-67898","post","type-post","status-publish","format-standard","has-post-thumbnail","hentry","category-cronica"],"jetpack_featured_media_url":"https:\/\/i0.wp.com\/eltrabajo.cl\/portal\/wp-content\/uploads\/2016\/03\/reunion-seremi.jpg?fit=530%2C350&ssl=1","jetpack_sharing_enabled":true,"jetpack_likes_enabled":true,"jetpack-related-posts":[],"_links":{"self":[{"href":"https:\/\/eltrabajo.cl\/portal\/wp-json\/wp\/v2\/posts\/67898","targetHints":{"allow":["GET"]}}],"collection":[{"href":"https:\/\/eltrabajo.cl\/portal\/wp-json\/wp\/v2\/posts"}],"about":[{"href":"https:\/\/eltrabajo.cl\/portal\/wp-json\/wp\/v2\/types\/post"}],"author":[{"embeddable":true,"href":"https:\/\/eltrabajo.cl\/portal\/wp-json\/wp\/v2\/users\/1"}],"replies":[{"embeddable":true,"href":"https:\/\/eltrabajo.cl\/portal\/wp-json\/wp\/v2\/comments?post=67898"}],"version-history":[{"count":0,"href":"https:\/\/eltrabajo.cl\/portal\/wp-json\/wp\/v2\/posts\/67898\/revisions"}],"wp:featuredmedia":[{"embeddable":true,"href":"https:\/\/eltrabajo.cl\/portal\/wp-json\/wp\/v2\/media\/67899"}],"wp:attachment":[{"href":"https:\/\/eltrabajo.cl\/portal\/wp-json\/wp\/v2\/media?parent=67898"}],"wp:term":[{"taxonomy":"category","embeddable":true,"href":"https:\/\/eltrabajo.cl\/portal\/wp-json\/wp\/v2\/categories?post=67898"},{"taxonomy":"post_tag","embeddable":true,"href":"https:\/\/eltrabajo.cl\/portal\/wp-json\/wp\/v2\/tags?post=67898"}],"curies":[{"name":"wp","href":"https:\/\/api.w.org\/{rel}","templated":true}]}}