{"id":67902,"date":"2016-03-18T08:32:44","date_gmt":"2016-03-18T11:32:44","guid":{"rendered":"http:\/\/www.eltrabajo.cl\/portal\/?p=67902"},"modified":"2016-03-18T08:32:44","modified_gmt":"2016-03-18T11:32:44","slug":"masivo-concurso-de-pintura-escolar-en-honor-al-teniente-hernan-merino","status":"publish","type":"post","link":"https:\/\/eltrabajo.cl\/portal\/masivo-concurso-de-pintura-escolar-en-honor-al-teniente-hernan-merino\/","title":{"rendered":"Masivo concurso de pintura escolar en honor al Teniente Hern\u00e1n Merino"},"content":{"rendered":"<figure id=\"attachment_67903\" aria-describedby=\"caption-attachment-67903\" style=\"width: 530px\" class=\"wp-caption alignleft\"><a href=\"http:\/\/www.eltrabajo.cl\/portal\/masivo-concurso-de-pintura-escolar-en-honor-al-teniente-hernan-merino\/foto-2-cerca-de-200-ninos-participaron\/\" rel=\"attachment wp-att-67903\"><img data-recalc-dims=\"1\" loading=\"lazy\" decoding=\"async\" class=\"size-full wp-image-67903\" src=\"https:\/\/i0.wp.com\/www.eltrabajo.cl\/portal\/wp-content\/uploads\/2016\/03\/FOTO-2-Cerca-de-200-ninos-participaron.jpg?resize=530%2C350\" alt=\"Cerca de 200 ni\u00f1os participaron del concurso de pintura en honor al H\u00e9roe Nacional, el Teniente Hern\u00e1n Merino.\" width=\"530\" height=\"350\" srcset=\"https:\/\/i0.wp.com\/eltrabajo.cl\/portal\/wp-content\/uploads\/2016\/03\/FOTO-2-Cerca-de-200-ninos-participaron.jpg?w=530&amp;ssl=1 530w, https:\/\/i0.wp.com\/eltrabajo.cl\/portal\/wp-content\/uploads\/2016\/03\/FOTO-2-Cerca-de-200-ninos-participaron.jpg?resize=200%2C132&amp;ssl=1 200w, https:\/\/i0.wp.com\/eltrabajo.cl\/portal\/wp-content\/uploads\/2016\/03\/FOTO-2-Cerca-de-200-ninos-participaron.jpg?resize=300%2C198&amp;ssl=1 300w, https:\/\/i0.wp.com\/eltrabajo.cl\/portal\/wp-content\/uploads\/2016\/03\/FOTO-2-Cerca-de-200-ninos-participaron.jpg?resize=227%2C150&amp;ssl=1 227w, https:\/\/i0.wp.com\/eltrabajo.cl\/portal\/wp-content\/uploads\/2016\/03\/FOTO-2-Cerca-de-200-ninos-participaron.jpg?resize=400%2C264&amp;ssl=1 400w\" sizes=\"auto, (max-width: 530px) 100vw, 530px\" \/><\/a><figcaption id=\"caption-attachment-67903\" class=\"wp-caption-text\">Cerca de 200 ni\u00f1os participaron del concurso de pintura en honor al H\u00e9roe Nacional, el Teniente Hern\u00e1n Merino.<\/figcaption><\/figure>\n<p>Conmemorando el aniversario n\u00famero 50 del fallecimiento del H\u00e9roe Nacional, Teniente de Carabineros Hern\u00e1n Merino Correa, la Instituci\u00f3n ha dispuesto diversas actividades para rendir tributo al oficial abatido el 6 de noviembre de 1965 en territorios de Laguna del Desierto -que en aquella \u00e9poca era considerado chileno y despu\u00e9s pasar\u00eda a ser controlado por Argentina, luego de una desfavorable negociaci\u00f3n del gobierno de Patricio Aylwin que culmin\u00f3 en 1995-.<br \/>\nEs as\u00ed como la Segunda Comisar\u00eda de San Felipe se sum\u00f3 al homenaje y organiz\u00f3 un concurso de pintura para todos los escolares de la comuna menores de 10 a\u00f1os, reuniendo m\u00e1s de 200 ni\u00f1os de los distintos colegios de la comuna en la Alameda O\u2019Higgins, justamente a un costado del busto del malogrado Teniente.<br \/>\nLa Comisario subrogante de la Segunda Comisar\u00eda de San Felipe, Capit\u00e1n Carolina Fern\u00e1ndez Ponce, junto con valorar la gran respuesta que tuvieron los colegios sanfelipe\u00f1os, reconoci\u00f3 que este tipo de actividades permiten generar un acercamiento con la poblaci\u00f3n, argumentando que \u201chemos querido realizar actividades recreativas donde pudi\u00e9ramos incluir parte importante de la comunidad, en este caso a ni\u00f1os de diferentes colegios de la comuna, organizando un concurso de pintura\u2026 queremos que ellos conozcan la historia del teniente Merino y que esto forme parte de su cultura\u201d, sostuvo Fern\u00e1ndez, quien agreg\u00f3 que \u201cestamos muy contentos de que la comunidad pueda participar y compartir con nosotros, lo que en definitiva provoca crear lazos de confianza y cercan\u00eda, que los ni\u00f1os puedan conocer m\u00e1s de cerca a un Carabinero y tengan confianza de preguntarle cosas en la calle y de esta forma que la gente participe en temas relacionado con seguridad\u201d, enfatiz\u00f3.<br \/>\nLa metodolog\u00eda del concurso de pintura contemplaba la exhibici\u00f3n de un video con im\u00e1genes del personal que realiza trabajos en zonas fronterizas y tambi\u00e9n, parte de la vida del Teniente Merino. A partir de eso, con t\u00e9cnica libre y materiales escogidos por los propios estudiantes, los alumnos proced\u00edan a la confecci\u00f3n de un dibujo alusivo a alguno de los \u00edtems mencionados anteriormente, optando, de esta manera, a alguno de los premios dispuestos para la ocasi\u00f3n<br \/>\nJunto al espacio destinado para el concurso de dibujo, Carabineros de San Felipe expuso Stands informativos de la Escuela de Fronteras y de Admisi\u00f3n y postulaciones para los j\u00f3venes que quisieran formar parte de la instituci\u00f3n, hecho que para la Capit\u00e1n Fern\u00e1ndez tambi\u00e9n resulta relevante, puesto que \u201cel teniente Merino muri\u00f3 en la frontera, por lo tanto, los ni\u00f1os deben saber qu\u00e9 es lo que hace un carabinero en ese lugar, que no es una funci\u00f3n que cumple muy cercana a las ciudades, sino que es una faceta diferente, donde se resguarda la soberan\u00eda de nuestro Pa\u00eds\u201d, destac\u00f3.<\/p>\n<p><strong>SEGURIDAD EN LOS COLEGIOS<\/strong><br \/>\nLa Comisario (s) Fern\u00e1ndez se mostr\u00f3 preocupada tambi\u00e9n respecto de la situaci\u00f3n que sufri\u00f3 el pasado martes un joven de 17 a\u00f1os, quien fuera amenazado con una pistola a fogueo por un ni\u00f1o de s\u00f3lo 13, quien finalmente fue detenido. A prop\u00f3sito de esta situaci\u00f3n, la oficial se refiri\u00f3 a las medidas que se tomar\u00e1n en las inmediaciones de los establecimientos educacionales para resguardar la integridad f\u00edsica de la comunidad escolar y tambi\u00e9n a las acciones que se est\u00e1n tomando en conjunto con la Daem (Direcci\u00f3n de Administraci\u00f3n de Educaci\u00f3n Municipal), con el fin de que se pueda generar una conciencia preventiva respecto del cuidado de pertenencias personales.<br \/>\n\u201cNosotros mantenemos una serie de vigilancias a trav\u00e9s de nuestro personal de la Secci\u00f3n de Investigaci\u00f3n Policial y personal uniformado con patrullajes constante en los alrededores de los establecimientos a objetos de prevenir que estos individuos puedan tener como blanco principal a los estudiantes, apoderados y profesores\u201d, detall\u00f3 Fern\u00e1ndez.<br \/>\nLa oficial, asegur\u00f3 que muchos de los delitos cometidos sobre los escolares se debe a que \u00e9stos portan a la vista sus especies de valor, tales como: celulares, relojes u otras pertenencias llamativas, por lo que, recomend\u00f3 que \u201chacemos un llamado a que tengan m\u00e1xima precauci\u00f3n en el cuidado de sus art\u00edculos, al salir del colegio que no las mantengan al alcance de los antisociales y siempre estar alerta, observar el lugar por donde se desplazan, para ver que efectivamente se brinden las condiciones de seguridad y si ven a alguna persona que parezca sospechosa que llamen a Carabineros, si el 133 de emergencia no responde, comun\u00edquense con alg\u00fan celular del Plan Cuadrante, alg\u00fan Carabinero tiene que responder\u201d, sostuvo.<br \/>\nFinalmente, la Oficial afirm\u00f3 que se est\u00e1n llevando a cabo una serie de charlas de autocuidado en los diferentes establecimientos educacionales de la zona, actividad que se est\u00e1 coordinando con las autoridades correspondientes y agendando para poder llegar al m\u00e1ximo de estudiantes posibles.<\/p>\n","protected":false},"excerpt":{"rendered":"<p>Conmemorando el aniversario n\u00famero 50 del fallecimiento del H\u00e9roe Nacional, Teniente de Carabineros Hern\u00e1n Merino Correa, la Instituci\u00f3n ha dispuesto diversas actividades para rendir tributo al oficial abatido el 6 de noviembre&#8230;<\/p>\n","protected":false},"author":1,"featured_media":67903,"comment_status":"open","ping_status":"open","sticky":false,"template":"","format":"standard","meta":{"advanced_seo_description":"","jetpack_seo_html_title":"","jetpack_seo_noindex":false,"_jetpack_memberships_contains_paid_content":false,"footnotes":""},"categories":[1],"tags":[],"class_list":["post-67902","post","type-post","status-publish","format-standard","has-post-thumbnail","hentry","category-cronica"],"jetpack_featured_media_url":"https:\/\/i0.wp.com\/eltrabajo.cl\/portal\/wp-content\/uploads\/2016\/03\/FOTO-2-Cerca-de-200-ninos-participaron.jpg?fit=530%2C350&ssl=1","jetpack_sharing_enabled":true,"jetpack_likes_enabled":true,"jetpack-related-posts":[],"_links":{"self":[{"href":"https:\/\/eltrabajo.cl\/portal\/wp-json\/wp\/v2\/posts\/67902","targetHints":{"allow":["GET"]}}],"collection":[{"href":"https:\/\/eltrabajo.cl\/portal\/wp-json\/wp\/v2\/posts"}],"about":[{"href":"https:\/\/eltrabajo.cl\/portal\/wp-json\/wp\/v2\/types\/post"}],"author":[{"embeddable":true,"href":"https:\/\/eltrabajo.cl\/portal\/wp-json\/wp\/v2\/users\/1"}],"replies":[{"embeddable":true,"href":"https:\/\/eltrabajo.cl\/portal\/wp-json\/wp\/v2\/comments?post=67902"}],"version-history":[{"count":0,"href":"https:\/\/eltrabajo.cl\/portal\/wp-json\/wp\/v2\/posts\/67902\/revisions"}],"wp:featuredmedia":[{"embeddable":true,"href":"https:\/\/eltrabajo.cl\/portal\/wp-json\/wp\/v2\/media\/67903"}],"wp:attachment":[{"href":"https:\/\/eltrabajo.cl\/portal\/wp-json\/wp\/v2\/media?parent=67902"}],"wp:term":[{"taxonomy":"category","embeddable":true,"href":"https:\/\/eltrabajo.cl\/portal\/wp-json\/wp\/v2\/categories?post=67902"},{"taxonomy":"post_tag","embeddable":true,"href":"https:\/\/eltrabajo.cl\/portal\/wp-json\/wp\/v2\/tags?post=67902"}],"curies":[{"name":"wp","href":"https:\/\/api.w.org\/{rel}","templated":true}]}}