{"id":67906,"date":"2016-03-18T08:34:55","date_gmt":"2016-03-18T11:34:55","guid":{"rendered":"http:\/\/www.eltrabajo.cl\/portal\/?p=67906"},"modified":"2016-03-18T08:34:55","modified_gmt":"2016-03-18T11:34:55","slug":"los-prisioneros-tapia-y-narea-junto-a-los-vikings-5-en-aniversario-putaendo","status":"publish","type":"post","link":"https:\/\/eltrabajo.cl\/portal\/los-prisioneros-tapia-y-narea-junto-a-los-vikings-5-en-aniversario-putaendo\/","title":{"rendered":"Los Prisioneros Tapia y Narea junto a Los Vikings 5 en aniversario Putaendo"},"content":{"rendered":"<figure id=\"attachment_67907\" aria-describedby=\"caption-attachment-67907\" style=\"width: 530px\" class=\"wp-caption alignleft\"><a href=\"http:\/\/www.eltrabajo.cl\/portal\/los-prisioneros-tapia-y-narea-junto-a-los-vikings-5-en-aniversario-putaendo\/miguel-tapia-y-navea\/\" rel=\"attachment wp-att-67907\"><img data-recalc-dims=\"1\" loading=\"lazy\" decoding=\"async\" class=\"size-full wp-image-67907\" src=\"https:\/\/i0.wp.com\/www.eltrabajo.cl\/portal\/wp-content\/uploads\/2016\/03\/miguel-tapia-y-navea.jpg?resize=530%2C349\" alt=\"En el marco del aniversario, este viernes 18 a las 20 horas, se presentar\u00e1n Los Prisioneros Miguel Tapia y Claudio Narea en el centro de Putaendo.\" width=\"530\" height=\"349\" srcset=\"https:\/\/i0.wp.com\/eltrabajo.cl\/portal\/wp-content\/uploads\/2016\/03\/miguel-tapia-y-navea.jpg?w=530&amp;ssl=1 530w, https:\/\/i0.wp.com\/eltrabajo.cl\/portal\/wp-content\/uploads\/2016\/03\/miguel-tapia-y-navea.jpg?resize=200%2C132&amp;ssl=1 200w, https:\/\/i0.wp.com\/eltrabajo.cl\/portal\/wp-content\/uploads\/2016\/03\/miguel-tapia-y-navea.jpg?resize=300%2C198&amp;ssl=1 300w, https:\/\/i0.wp.com\/eltrabajo.cl\/portal\/wp-content\/uploads\/2016\/03\/miguel-tapia-y-navea.jpg?resize=228%2C150&amp;ssl=1 228w, https:\/\/i0.wp.com\/eltrabajo.cl\/portal\/wp-content\/uploads\/2016\/03\/miguel-tapia-y-navea.jpg?resize=400%2C263&amp;ssl=1 400w\" sizes=\"auto, (max-width: 530px) 100vw, 530px\" \/><\/a><figcaption id=\"caption-attachment-67907\" class=\"wp-caption-text\">En el marco del aniversario, este viernes 18 a las 20 horas, se presentar\u00e1n Los Prisioneros Miguel Tapia y Claudio Narea en el centro de Putaendo.<\/figcaption><\/figure>\n<p><strong>El alcalde Guillermo Reyes invita a toda la comunidad para este viernes 18 de marzo desde las 20 horas en la Plaza Prat.<\/strong><\/p>\n<p><strong>PUTAENDO.-<\/strong> Esta semana la ciudad cumple 185 a\u00f1os. Si bien existen registros del poblado desde mediados del siglo XVIII, fue un 20 de marzo de 1831 cuando se le otorg\u00f3 el t\u00edtulo de \u2018Villa de la Uni\u00f3n de San Antonio de Putaendo\u2019 y, actualmente, es la fecha oficial de las celebraciones.<br \/>\nDurante estos d\u00edas la comuna ha tenido m\u00faltiples actividades en torno a su aniversario, como la entrega de terrenos para diferentes proyectos de infraestructura en Salud y Educaci\u00f3n P\u00fablica (inversiones que superan los 300 millones de pesos). Sin embargo, las celebraciones oficiales comienzan este jueves a las 11 horas, con la protocolar ceremonia de distinci\u00f3n de Hijo Ilustre y putaendinos destacados.<br \/>\nPosteriormente, las fuerzas vivas de la comuna rendir\u00e1n honor a Putaendo en el tradicional Desfile de Aniversario encabezado por el alcalde Guillermo Reyes.<br \/>\nLa misma Plaza Prat se llenar\u00e1 de m\u00fasica la tarde de este viernes 18, a las 20 horas, cuando Los Prisioneros Miguel Tapia y Claudio Narea llenen el centro de la ciudad con los \u00e9xitos de la banda m\u00e1s importante en la historia del rock chileno. Pero eso no es todo, porque el cierre de esa gran jornada de aniversario estar\u00e1 plagado de bailes con las cumbias cl\u00e1sicas de \u2018Los Vikings 5\u2019.<br \/>\n\u201cSomos una comuna peque\u00f1a, pero que en estos \u00faltimos a\u00f1os demostramos ante Aconcagua que hemos crecido en diferentes aspectos, no s\u00f3lo con grandes obras de infraestructura. En el \u00e1mbito comunitario, valoramos profundamente el significativo aporte de los actuales dirigentes sociales y el recuerdo de los que durante 185 a\u00f1os so\u00f1aron con un mejor Putaendo. Por lo mismo creemos que toda la comunidad merece festejar en un ambiente de alegr\u00eda y tranquilidad\u201d, salud\u00f3 el alcalde Guillermo Reyes.<br \/>\nOtra de las actividades que se destacan este a\u00f1o es el \u2018Primer Encuentro Internacional de Escritores\u2019. M\u00e1s de 50 artistas realizar\u00e1n una serie de talleres y eventos en diferentes lugares de Putaendo entre el 17 y el 20 de marzo. El mismo viernes, desde las 18 horas, habr\u00e1 presentaciones musicales y literarias en el principal paseo peatonal de la comuna.<br \/>\nPara culminar la semana, este 20 de marzo los Bomberos de Putaendo celebrar\u00e1n sus seis d\u00e9cadas de vida y retomar\u00e1n el tradicional bautizo de los nuevos voluntarios. Este evento no se realizaba desde el a\u00f1o 2008, pero volver\u00e1 frente a la Parroquia San Antonio despu\u00e9s de la misa dominical.<\/p>\n","protected":false},"excerpt":{"rendered":"<p>El alcalde Guillermo Reyes invita a toda la comunidad para este viernes 18 de marzo desde las 20 horas en la Plaza Prat. PUTAENDO.- Esta semana la ciudad cumple 185 a\u00f1os. Si&#8230;<\/p>\n","protected":false},"author":1,"featured_media":67907,"comment_status":"open","ping_status":"open","sticky":false,"template":"","format":"standard","meta":{"advanced_seo_description":"","jetpack_seo_html_title":"","jetpack_seo_noindex":false,"_jetpack_memberships_contains_paid_content":false,"footnotes":""},"categories":[1],"tags":[],"class_list":["post-67906","post","type-post","status-publish","format-standard","has-post-thumbnail","hentry","category-cronica"],"jetpack_featured_media_url":"https:\/\/i0.wp.com\/eltrabajo.cl\/portal\/wp-content\/uploads\/2016\/03\/miguel-tapia-y-navea.jpg?fit=530%2C349&ssl=1","jetpack_sharing_enabled":true,"jetpack_likes_enabled":true,"jetpack-related-posts":[],"_links":{"self":[{"href":"https:\/\/eltrabajo.cl\/portal\/wp-json\/wp\/v2\/posts\/67906","targetHints":{"allow":["GET"]}}],"collection":[{"href":"https:\/\/eltrabajo.cl\/portal\/wp-json\/wp\/v2\/posts"}],"about":[{"href":"https:\/\/eltrabajo.cl\/portal\/wp-json\/wp\/v2\/types\/post"}],"author":[{"embeddable":true,"href":"https:\/\/eltrabajo.cl\/portal\/wp-json\/wp\/v2\/users\/1"}],"replies":[{"embeddable":true,"href":"https:\/\/eltrabajo.cl\/portal\/wp-json\/wp\/v2\/comments?post=67906"}],"version-history":[{"count":0,"href":"https:\/\/eltrabajo.cl\/portal\/wp-json\/wp\/v2\/posts\/67906\/revisions"}],"wp:featuredmedia":[{"embeddable":true,"href":"https:\/\/eltrabajo.cl\/portal\/wp-json\/wp\/v2\/media\/67907"}],"wp:attachment":[{"href":"https:\/\/eltrabajo.cl\/portal\/wp-json\/wp\/v2\/media?parent=67906"}],"wp:term":[{"taxonomy":"category","embeddable":true,"href":"https:\/\/eltrabajo.cl\/portal\/wp-json\/wp\/v2\/categories?post=67906"},{"taxonomy":"post_tag","embeddable":true,"href":"https:\/\/eltrabajo.cl\/portal\/wp-json\/wp\/v2\/tags?post=67906"}],"curies":[{"name":"wp","href":"https:\/\/api.w.org\/{rel}","templated":true}]}}