{"id":67910,"date":"2016-03-18T08:38:27","date_gmt":"2016-03-18T11:38:27","guid":{"rendered":"http:\/\/www.eltrabajo.cl\/portal\/?p=67910"},"modified":"2016-03-18T08:38:27","modified_gmt":"2016-03-18T11:38:27","slug":"a-fines-de-abril-comenzaria-a-funcionar-farmacia-municipal-en-traslavina","status":"publish","type":"post","link":"https:\/\/eltrabajo.cl\/portal\/a-fines-de-abril-comenzaria-a-funcionar-farmacia-municipal-en-traslavina\/","title":{"rendered":"A fines de abril comenzar\u00eda a funcionar Farmacia Municipal en Traslavi\u00f1a"},"content":{"rendered":"<figure id=\"attachment_67911\" aria-describedby=\"caption-attachment-67911\" style=\"width: 530px\" class=\"wp-caption alignleft\"><a href=\"http:\/\/www.eltrabajo.cl\/portal\/a-fines-de-abril-comenzaria-a-funcionar-farmacia-municipal-en-traslavina\/conferencia-farmacia\/\" rel=\"attachment wp-att-67911\"><img data-recalc-dims=\"1\" loading=\"lazy\" decoding=\"async\" class=\"size-full wp-image-67911\" src=\"https:\/\/i0.wp.com\/www.eltrabajo.cl\/portal\/wp-content\/uploads\/2016\/03\/conferencia-farmacia.jpg?resize=530%2C350\" alt=\"En una conferencia, el alcalde de San Felipe, Patricio Freire y la directora de Salud Municipal, Marcela Brito, confirmaron el cumplimiento de los plazos para la creaci\u00f3n de la Farmacia Municipal.\" width=\"530\" height=\"350\" srcset=\"https:\/\/i0.wp.com\/eltrabajo.cl\/portal\/wp-content\/uploads\/2016\/03\/conferencia-farmacia.jpg?w=530&amp;ssl=1 530w, https:\/\/i0.wp.com\/eltrabajo.cl\/portal\/wp-content\/uploads\/2016\/03\/conferencia-farmacia.jpg?resize=200%2C132&amp;ssl=1 200w, https:\/\/i0.wp.com\/eltrabajo.cl\/portal\/wp-content\/uploads\/2016\/03\/conferencia-farmacia.jpg?resize=300%2C198&amp;ssl=1 300w, https:\/\/i0.wp.com\/eltrabajo.cl\/portal\/wp-content\/uploads\/2016\/03\/conferencia-farmacia.jpg?resize=227%2C150&amp;ssl=1 227w, https:\/\/i0.wp.com\/eltrabajo.cl\/portal\/wp-content\/uploads\/2016\/03\/conferencia-farmacia.jpg?resize=400%2C264&amp;ssl=1 400w\" sizes=\"auto, (max-width: 530px) 100vw, 530px\" \/><\/a><figcaption id=\"caption-attachment-67911\" class=\"wp-caption-text\">En una conferencia, el alcalde de San Felipe, Patricio Freire y la directora de Salud Municipal, Marcela Brito, confirmaron el cumplimiento de los plazos para la creaci\u00f3n de la Farmacia Municipal.<\/figcaption><\/figure>\n<p><strong>Alcalde Freire confirma que atender\u00e1 inicialmente los d\u00edas martes y jueves, favorecer\u00e1 a los vecinos de la comuna de San Felipe que sean beneficiarios de Fonasa y estar\u00e1 ubicada f\u00edsicamente en la calle Traslavi\u00f1a 1376, entre las calles Freire y Merced.<\/strong><\/p>\n<p>De acuerdo a los plazos establecidos avanza la creaci\u00f3n de la farmacia municipal en San Felipe, seg\u00fan confirm\u00f3 el alcalde Patricio Freire, cumpliendo as\u00ed el compromiso que suscribi\u00f3 con los vecinos; as\u00ed como con el acuerdo del Concejo Municipal, de crear esta valiosa instancia de distribuci\u00f3n de f\u00e1rmacos a bajo costo.<br \/>\nSeg\u00fan dijo el jefe comunal, la iniciativa ha logrado avanzar a paso firme para su materializaci\u00f3n y cuya ubicaci\u00f3n y modo de funcionamiento ya est\u00e1n definidos: atender\u00e1 inicialmente los d\u00edas martes y jueves, favorecer\u00e1 a los vecinos de la comuna de San Felipe que sean beneficiarios de Fonasa y estar\u00e1 ubicada f\u00edsicamente en la calle Traslavi\u00f1a 1376, entre las calles Freire y Merced.<br \/>\nAcompa\u00f1ado de la directora de Salud municipal, Marcela Brito, el alcalde destac\u00f3 el arduo trabajo desarrollado, con la finalidad de cumplir el compromiso suscrito por el concejo municipal que en noviembre pasado vot\u00f3 de manera un\u00e1nime la creaci\u00f3n de una farmacia municipal o comunitaria, dependiente de la corporaci\u00f3n edilicia y con las caracter\u00edsticas que han generado tanto inter\u00e9s a nivel nacional, en relaci\u00f3n al bajo costo de los medicamentos.<br \/>\n\u201cEste ser\u00e1 un canal de distribuci\u00f3n de f\u00e1rmacos que pondremos a disposici\u00f3n de la comunidad, particularmente de aquella que es beneficiaria del Fondo Nacional de Salud, pues sabemos que el derecho a la salud es un derecho de todas y de todos, por lo tanto nos alegra mucho que este proyecto est\u00e9 a las puertas de materializarse y en ese sentido, quiero destacar el hecho que desde la gestaci\u00f3n de este proyecto, hubo total respaldo de nuestro concejo municipal\u201d, se\u00f1al\u00f3 el alcalde Patricio Freire.<br \/>\nEn tanto, la directora de Salud Municipal, Marcela Brito, resalt\u00f3 el hecho que desde diciembre a la fecha se ha trabajado en una mesa multisectorial municipal, a objeto de desarrollar un proyecto de farmacia popular, atendiendo los requerimientos de la comunidad, pero sin descuidar las exigencias legales y las \u00faltimas observaciones de la Contralor\u00eda General de la Rep\u00fablica para este tipo de instancias.<br \/>\nManifest\u00f3 que en la actualidad se est\u00e1 a la espera del pronunciamiento de la Seremi de Salud y del ISP para que autoricen el local donde operar\u00e1 esta farmacia municipal.<br \/>\n\u201cEsta es una historia que se est\u00e1 construyendo, porque es una estrategia que no se hab\u00eda implementado sino hasta hace poco tiempo. Por lo tanto, estamos hoy, con el consenso y la voluntad de apoyar esta iniciativa. Lo positivo es que tenemos el local: un lugar c\u00e9ntrico, de f\u00e1cil acceso, donde los vecinos de distintos sectores de la comuna, pueden acceder. Estamos en ese prop\u00f3sito, tenemos la intenci\u00f3n de abrir en el mes de abril\u201d, se\u00f1al\u00f3 Marcela Brito.<br \/>\nA\u00f1adi\u00f3 que \u201cla idea es que la cobertura inicialmente de nuestra Farmacia Municipal, atienda los requerimientos de los vecinos que sean beneficiarios de Fonasa o usuarios de los centros de salud familiar de la comuna, que est\u00e9n inscritos en el Registro Social de Hogares y habiten en la comuna de San Felipe\u201d.<br \/>\nEn el municipio existe optimismo de que a fines de abril abra sus puertas la Farmacia Municipal de San Felipe, convirti\u00e9ndose as\u00ed en la primera del Valle de Aconcagua que atender\u00e1 los requerimientos de la comunidad, que hist\u00f3ricamente ha planteado sus aprensiones por el alto costo de los medicamentos.<br \/>\nPor lo mismo, la idea del municipio es adquirir los remedios al m\u00e1s bajo costo, para que as\u00ed los beneficiarios puedan constatar la relevancia de contar con una instancia que apuesta por la equidad.<\/p>\n","protected":false},"excerpt":{"rendered":"<p>Alcalde Freire confirma que atender\u00e1 inicialmente los d\u00edas martes y jueves, favorecer\u00e1 a los vecinos de la comuna de San Felipe que sean beneficiarios de Fonasa y estar\u00e1 ubicada f\u00edsicamente en la&#8230;<\/p>\n","protected":false},"author":1,"featured_media":67911,"comment_status":"open","ping_status":"open","sticky":false,"template":"","format":"standard","meta":{"advanced_seo_description":"","jetpack_seo_html_title":"","jetpack_seo_noindex":false,"_jetpack_memberships_contains_paid_content":false,"footnotes":""},"categories":[1],"tags":[],"class_list":["post-67910","post","type-post","status-publish","format-standard","has-post-thumbnail","hentry","category-cronica"],"jetpack_featured_media_url":"https:\/\/i0.wp.com\/eltrabajo.cl\/portal\/wp-content\/uploads\/2016\/03\/conferencia-farmacia.jpg?fit=530%2C350&ssl=1","jetpack_sharing_enabled":true,"jetpack_likes_enabled":true,"jetpack-related-posts":[],"_links":{"self":[{"href":"https:\/\/eltrabajo.cl\/portal\/wp-json\/wp\/v2\/posts\/67910","targetHints":{"allow":["GET"]}}],"collection":[{"href":"https:\/\/eltrabajo.cl\/portal\/wp-json\/wp\/v2\/posts"}],"about":[{"href":"https:\/\/eltrabajo.cl\/portal\/wp-json\/wp\/v2\/types\/post"}],"author":[{"embeddable":true,"href":"https:\/\/eltrabajo.cl\/portal\/wp-json\/wp\/v2\/users\/1"}],"replies":[{"embeddable":true,"href":"https:\/\/eltrabajo.cl\/portal\/wp-json\/wp\/v2\/comments?post=67910"}],"version-history":[{"count":0,"href":"https:\/\/eltrabajo.cl\/portal\/wp-json\/wp\/v2\/posts\/67910\/revisions"}],"wp:featuredmedia":[{"embeddable":true,"href":"https:\/\/eltrabajo.cl\/portal\/wp-json\/wp\/v2\/media\/67911"}],"wp:attachment":[{"href":"https:\/\/eltrabajo.cl\/portal\/wp-json\/wp\/v2\/media?parent=67910"}],"wp:term":[{"taxonomy":"category","embeddable":true,"href":"https:\/\/eltrabajo.cl\/portal\/wp-json\/wp\/v2\/categories?post=67910"},{"taxonomy":"post_tag","embeddable":true,"href":"https:\/\/eltrabajo.cl\/portal\/wp-json\/wp\/v2\/tags?post=67910"}],"curies":[{"name":"wp","href":"https:\/\/api.w.org\/{rel}","templated":true}]}}