{"id":67914,"date":"2016-03-18T08:41:04","date_gmt":"2016-03-18T11:41:04","guid":{"rendered":"http:\/\/www.eltrabajo.cl\/portal\/?p=67914"},"modified":"2016-03-18T08:41:04","modified_gmt":"2016-03-18T11:41:04","slug":"destacan-a-interno-que-realiza-taller-de-ajedrez-a-sus-companeros","status":"publish","type":"post","link":"https:\/\/eltrabajo.cl\/portal\/destacan-a-interno-que-realiza-taller-de-ajedrez-a-sus-companeros\/","title":{"rendered":"Destacan a interno que realiza taller de ajedrez a sus compa\u00f1eros"},"content":{"rendered":"<figure id=\"attachment_67915\" aria-describedby=\"caption-attachment-67915\" style=\"width: 530px\" class=\"wp-caption alignleft\"><a href=\"http:\/\/www.eltrabajo.cl\/portal\/destacan-a-interno-que-realiza-taller-de-ajedrez-a-sus-companeros\/ajedrez-1-2\/\" rel=\"attachment wp-att-67915\"><img data-recalc-dims=\"1\" loading=\"lazy\" decoding=\"async\" class=\"size-full wp-image-67915\" src=\"https:\/\/i0.wp.com\/www.eltrabajo.cl\/portal\/wp-content\/uploads\/2016\/03\/AJEDREZ-1.jpg?resize=530%2C350\" alt=\"Este taller funciona los d\u00edas lunes, jueves y viernes durante una hora y participan cerca de 40 internos.\" width=\"530\" height=\"350\" srcset=\"https:\/\/i0.wp.com\/eltrabajo.cl\/portal\/wp-content\/uploads\/2016\/03\/AJEDREZ-1.jpg?w=530&amp;ssl=1 530w, https:\/\/i0.wp.com\/eltrabajo.cl\/portal\/wp-content\/uploads\/2016\/03\/AJEDREZ-1.jpg?resize=200%2C132&amp;ssl=1 200w, https:\/\/i0.wp.com\/eltrabajo.cl\/portal\/wp-content\/uploads\/2016\/03\/AJEDREZ-1.jpg?resize=300%2C198&amp;ssl=1 300w, https:\/\/i0.wp.com\/eltrabajo.cl\/portal\/wp-content\/uploads\/2016\/03\/AJEDREZ-1.jpg?resize=227%2C150&amp;ssl=1 227w, https:\/\/i0.wp.com\/eltrabajo.cl\/portal\/wp-content\/uploads\/2016\/03\/AJEDREZ-1.jpg?resize=400%2C264&amp;ssl=1 400w\" sizes=\"auto, (max-width: 530px) 100vw, 530px\" \/><\/a><figcaption id=\"caption-attachment-67915\" class=\"wp-caption-text\">Este taller funciona los d\u00edas lunes, jueves y viernes durante una hora y participan cerca de 40 internos.<\/figcaption><\/figure>\n<p><strong>Tres veces a la semana el patio Sor Teresa acoge a los alumnos que siguen las instrucciones del profesor Rodrigo.<\/strong><\/p>\n<p>En julio del pasado a\u00f1o 34 internos provenientes de ocho unidades penitenciarias de la regi\u00f3n llegaron hasta el gimnasio del Complejo Penitenciario de Valpara\u00edso, entre ellos Rodrigo Mondaca, quien cumple condena en el recinto penal de Los Andes.<br \/>\nCerca de ocho meses m\u00e1s tarde el recluso -de 43 a\u00f1os y apodado \u2018El Canad\u00e1\u2019, por haber pasado gran parte de su vida en la naci\u00f3n norteamericana- pas\u00f3 de jugador a profesor de ajedrez. Gracias al respaldo de Gendarmer\u00eda, y a los tableros regalados por el INDH, Rodrigo comenz\u00f3 a principios de este mes un taller en el que participan cerca de 40 reclusos, tanto hombres como mujeres.<br \/>\nTres veces a la semana el patio Sor Teresa acoge a los alumnos del taller, quienes durante poco m\u00e1s de una hora dejan atr\u00e1s la rutina propia de un recinto penal y se concentran en el deporte ciencia y en las instrucciones del profesor Rodrigo.<br \/>\nMondaca se\u00f1ala que \u201cdesde que ca\u00ed preso, en el a\u00f1o 2013, comenc\u00e9 a jugar mucho ajedrez y me ha servido como una tremenda terapia. Pienso que esto deber\u00eda ser parte de todas las c\u00e1rceles de Chile porque ayuda a controlar los impulsos y hace que uno piense de una forma m\u00e1s l\u00f3gica\u201d.<br \/>\nEl jefe del CCP andino, comandante Crist\u00f3bal Ortega, destac\u00f3 que Gendarmer\u00eda siempre va a estar abierto a que los internos lleven adelante iniciativas que van en beneficio de la poblaci\u00f3n penal.<br \/>\n\u201cEsto va en beneficio del propio interno y de sus pares, adem\u00e1s genera una mejor convivencia. Est\u00e1n ocupando el tiempo en algo \u00fatil, lo que ayuda a mantener el orden interno en la unidad. Hace pocos minutos est\u00e1bamos haciendo una ronda y pude ver como veinte internos jugando\u201d:<br \/>\nPor su parte el encargado de deporte, recreaci\u00f3n arte y cultura, gendarme primero Jos\u00e9 Mu\u00f1oz, detall\u00f3 que esta iniciativa \u201cfunciona los d\u00edas lunes, jueves y viernes una hora diaria. Est\u00e1n participando unos 40 internos y ya quieren jugar un campeonato, pero llevamos un mes as\u00ed que a\u00fan no est\u00e1n preparados\u201d.<br \/>\nAdem\u00e1s de este taller en la actualidad el Centro de Cumplimiento Penitenciario de Los Andes acoge uno de teatro, el cual es realizado por una compa\u00f1\u00eda de actores y donde participan tanto hombres como mujeres privados de libertad.<\/p>\n","protected":false},"excerpt":{"rendered":"<p>Tres veces a la semana el patio Sor Teresa acoge a los alumnos que siguen las instrucciones del profesor Rodrigo. En julio del pasado a\u00f1o 34 internos provenientes de ocho unidades penitenciarias&#8230;<\/p>\n","protected":false},"author":1,"featured_media":67915,"comment_status":"open","ping_status":"open","sticky":false,"template":"","format":"standard","meta":{"advanced_seo_description":"","jetpack_seo_html_title":"","jetpack_seo_noindex":false,"_jetpack_memberships_contains_paid_content":false,"footnotes":""},"categories":[15],"tags":[],"class_list":["post-67914","post","type-post","status-publish","format-standard","has-post-thumbnail","hentry","category-comunidad"],"jetpack_featured_media_url":"https:\/\/i0.wp.com\/eltrabajo.cl\/portal\/wp-content\/uploads\/2016\/03\/AJEDREZ-1.jpg?fit=530%2C350&ssl=1","jetpack_sharing_enabled":true,"jetpack_likes_enabled":true,"jetpack-related-posts":[],"_links":{"self":[{"href":"https:\/\/eltrabajo.cl\/portal\/wp-json\/wp\/v2\/posts\/67914","targetHints":{"allow":["GET"]}}],"collection":[{"href":"https:\/\/eltrabajo.cl\/portal\/wp-json\/wp\/v2\/posts"}],"about":[{"href":"https:\/\/eltrabajo.cl\/portal\/wp-json\/wp\/v2\/types\/post"}],"author":[{"embeddable":true,"href":"https:\/\/eltrabajo.cl\/portal\/wp-json\/wp\/v2\/users\/1"}],"replies":[{"embeddable":true,"href":"https:\/\/eltrabajo.cl\/portal\/wp-json\/wp\/v2\/comments?post=67914"}],"version-history":[{"count":0,"href":"https:\/\/eltrabajo.cl\/portal\/wp-json\/wp\/v2\/posts\/67914\/revisions"}],"wp:featuredmedia":[{"embeddable":true,"href":"https:\/\/eltrabajo.cl\/portal\/wp-json\/wp\/v2\/media\/67915"}],"wp:attachment":[{"href":"https:\/\/eltrabajo.cl\/portal\/wp-json\/wp\/v2\/media?parent=67914"}],"wp:term":[{"taxonomy":"category","embeddable":true,"href":"https:\/\/eltrabajo.cl\/portal\/wp-json\/wp\/v2\/categories?post=67914"},{"taxonomy":"post_tag","embeddable":true,"href":"https:\/\/eltrabajo.cl\/portal\/wp-json\/wp\/v2\/tags?post=67914"}],"curies":[{"name":"wp","href":"https:\/\/api.w.org\/{rel}","templated":true}]}}