{"id":67918,"date":"2016-03-18T08:44:39","date_gmt":"2016-03-18T11:44:39","guid":{"rendered":"http:\/\/www.eltrabajo.cl\/portal\/?p=67918"},"modified":"2016-03-18T08:44:39","modified_gmt":"2016-03-18T11:44:39","slug":"siniestro-en-el-asiento-solo-afectaria-al-10-de-cipreses-segun-expertos","status":"publish","type":"post","link":"https:\/\/eltrabajo.cl\/portal\/siniestro-en-el-asiento-solo-afectaria-al-10-de-cipreses-segun-expertos\/","title":{"rendered":"Siniestro en El Asiento solo afectar\u00eda al 10% de cipreses seg\u00fan expertos"},"content":{"rendered":"<figure id=\"attachment_67919\" aria-describedby=\"caption-attachment-67919\" style=\"width: 530px\" class=\"wp-caption alignleft\"><a href=\"http:\/\/www.eltrabajo.cl\/portal\/siniestro-en-el-asiento-solo-afectaria-al-10-de-cipreses-segun-expertos\/cipreces-quemados\/\" rel=\"attachment wp-att-67919\"><img data-recalc-dims=\"1\" loading=\"lazy\" decoding=\"async\" class=\"size-full wp-image-67919\" src=\"https:\/\/i0.wp.com\/www.eltrabajo.cl\/portal\/wp-content\/uploads\/2016\/03\/Cipreces-quemados.jpg?resize=530%2C350\" alt=\"En una visita, autoridades evidenciaron que fueron cerca de 43 \u00e1rboles los que resultaron quemados, de un total de 450.\" width=\"530\" height=\"350\" srcset=\"https:\/\/i0.wp.com\/eltrabajo.cl\/portal\/wp-content\/uploads\/2016\/03\/Cipreces-quemados.jpg?w=530&amp;ssl=1 530w, https:\/\/i0.wp.com\/eltrabajo.cl\/portal\/wp-content\/uploads\/2016\/03\/Cipreces-quemados.jpg?resize=200%2C132&amp;ssl=1 200w, https:\/\/i0.wp.com\/eltrabajo.cl\/portal\/wp-content\/uploads\/2016\/03\/Cipreces-quemados.jpg?resize=300%2C198&amp;ssl=1 300w, https:\/\/i0.wp.com\/eltrabajo.cl\/portal\/wp-content\/uploads\/2016\/03\/Cipreces-quemados.jpg?resize=227%2C150&amp;ssl=1 227w, https:\/\/i0.wp.com\/eltrabajo.cl\/portal\/wp-content\/uploads\/2016\/03\/Cipreces-quemados.jpg?resize=400%2C264&amp;ssl=1 400w\" sizes=\"auto, (max-width: 530px) 100vw, 530px\" \/><\/a><figcaption id=\"caption-attachment-67919\" class=\"wp-caption-text\">En una visita, autoridades evidenciaron que fueron cerca de 43 \u00e1rboles los que resultaron quemados, de un total de 450.<\/figcaption><\/figure>\n<p><strong>As\u00ed lo constataron los expertos y profesionales de diversos servicios p\u00fablicos que durante el pasado mi\u00e9rcoles realizaron una visita al lugar para evaluar los da\u00f1os, pudiendo constatar que afortunadamente la mayor\u00eda de estas especies se encuentran sin da\u00f1o.<\/strong><\/p>\n<p>Una delegaci\u00f3n compuesta por profesionales de la Gobernaci\u00f3n de San Felipe, el Ministerio de Medio Ambiente, el Gobierno Regional, Municipalidad de San Felipe, Conaf y consejo de Monumentos Nacionales desarrollaron una expedici\u00f3n por la Serran\u00eda El Cipr\u00e9s con el af\u00e1n de evaluar en terreno el da\u00f1o provocado por el incendio que la semana reci\u00e9n pasada afect\u00f3 m\u00e1s de 700 hect\u00e1reas del Santuario de la Naturaleza perteneciente a la comunidad de campo.<br \/>\nEn el sector, evidenciaron que el 60% de la superficie total de la reserva natural fue afectada con el fuego, pero afortunadamente s\u00f3lo el 10% de los cipreses resultaron quemados (es decir, 43 \u00e1rboles de un total de 450), por lo que r\u00e1pidamente se desarroll\u00f3 una reuni\u00f3n entre las autoridades y dirigentes de la comunidad para evaluar el Plan de Restauraci\u00f3n.<br \/>\nEl gobernador Eduardo Le\u00f3n catalog\u00f3 lo ocurrido como un desastre ecol\u00f3gico, adem\u00e1s, enfatiz\u00f3 que se \u201cse busca hacer un estudio en conjunto, tenemos que hacer un trabajo de recuperaci\u00f3n al respecto. La idea es poder configurar un plan desde el Gobierno Regional que nos permita recuperar este santuario que se ha visto da\u00f1ado\u201d, afirm\u00f3.<br \/>\nAsimismo, la m\u00e1xima autoridad provincial tambi\u00e9n inform\u00f3 que se \u201crealizar\u00e1 un manejo de cuenca, ya que no s\u00f3lo est\u00e1 el riesgo de derrumbe o remoci\u00f3n en masa por lluvias, sino que tambi\u00e9n est\u00e1 el riesgo de posibles aluviones en el sector del El Asiento. Si hay un buen manejo de cuenca esto no ocurrir\u00e1\u201d.<br \/>\nPor su parte, la jefa provincial de Conaf, Denisse N\u00fa\u00f1ez, sostuvo que \u201ces una felicidad saber que el bosque de cipreses no fue tan afectado, no as\u00ed como el bosque nativo que cubre gran parte de la reserva. Reiteramos que habr\u00e1n puntos calientes por alrededor de una semana m\u00e1s, el terreno es fr\u00e1gil por lo que solicitamos que mientras no se hagan los trabajos de restauraci\u00f3n, la gente no suba para no afectar a\u00fan m\u00e1s el santuario\u201d, destac\u00f3.<br \/>\nLas causas de este incendio, que tiene caracter\u00edsticas de haber sido iniciado por terceros, est\u00e1n siendo investigadas por la Bidema (Brigada de Delitos Medio Ambientales y Contra el Patrimonio Cultural) de la PDI. Adem\u00e1s, las autoridades manifestaron que este lunes se reunir\u00e1n en Valpara\u00edso con un panel de expertos buscando las directrices de acci\u00f3n y comunic\u00e1rselo al Intendente Gabriel Aldoney.<\/p>\n<figure id=\"attachment_67920\" aria-describedby=\"caption-attachment-67920\" style=\"width: 530px\" class=\"wp-caption alignleft\"><a href=\"http:\/\/www.eltrabajo.cl\/portal\/siniestro-en-el-asiento-solo-afectaria-al-10-de-cipreses-segun-expertos\/cipreses-vivos\/\" rel=\"attachment wp-att-67920\"><img data-recalc-dims=\"1\" loading=\"lazy\" decoding=\"async\" class=\"size-full wp-image-67920\" src=\"https:\/\/i0.wp.com\/www.eltrabajo.cl\/portal\/wp-content\/uploads\/2016\/03\/Cipreses-vivos.jpg?resize=530%2C350\" alt=\"El incendio consumi\u00f3 cerca de 700 hect\u00e1reas del Santuario de la Naturaleza perteneciente a la comunidad de campo.\" width=\"530\" height=\"350\" srcset=\"https:\/\/i0.wp.com\/eltrabajo.cl\/portal\/wp-content\/uploads\/2016\/03\/Cipreses-vivos.jpg?w=530&amp;ssl=1 530w, https:\/\/i0.wp.com\/eltrabajo.cl\/portal\/wp-content\/uploads\/2016\/03\/Cipreses-vivos.jpg?resize=200%2C132&amp;ssl=1 200w, https:\/\/i0.wp.com\/eltrabajo.cl\/portal\/wp-content\/uploads\/2016\/03\/Cipreses-vivos.jpg?resize=300%2C198&amp;ssl=1 300w, https:\/\/i0.wp.com\/eltrabajo.cl\/portal\/wp-content\/uploads\/2016\/03\/Cipreses-vivos.jpg?resize=227%2C150&amp;ssl=1 227w, https:\/\/i0.wp.com\/eltrabajo.cl\/portal\/wp-content\/uploads\/2016\/03\/Cipreses-vivos.jpg?resize=400%2C264&amp;ssl=1 400w\" sizes=\"auto, (max-width: 530px) 100vw, 530px\" \/><\/a><figcaption id=\"caption-attachment-67920\" class=\"wp-caption-text\">El incendio consumi\u00f3 cerca de 700 hect\u00e1reas del Santuario de la Naturaleza perteneciente a la comunidad de campo.<\/figcaption><\/figure>\n","protected":false},"excerpt":{"rendered":"<p>As\u00ed lo constataron los expertos y profesionales de diversos servicios p\u00fablicos que durante el pasado mi\u00e9rcoles realizaron una visita al lugar para evaluar los da\u00f1os, pudiendo constatar que afortunadamente la mayor\u00eda de&#8230;<\/p>\n","protected":false},"author":1,"featured_media":67920,"comment_status":"open","ping_status":"open","sticky":false,"template":"","format":"standard","meta":{"advanced_seo_description":"","jetpack_seo_html_title":"","jetpack_seo_noindex":false,"_jetpack_memberships_contains_paid_content":false,"footnotes":""},"categories":[1],"tags":[],"class_list":["post-67918","post","type-post","status-publish","format-standard","has-post-thumbnail","hentry","category-cronica"],"jetpack_featured_media_url":"https:\/\/i0.wp.com\/eltrabajo.cl\/portal\/wp-content\/uploads\/2016\/03\/Cipreses-vivos.jpg?fit=530%2C350&ssl=1","jetpack_sharing_enabled":true,"jetpack_likes_enabled":true,"jetpack-related-posts":[],"_links":{"self":[{"href":"https:\/\/eltrabajo.cl\/portal\/wp-json\/wp\/v2\/posts\/67918","targetHints":{"allow":["GET"]}}],"collection":[{"href":"https:\/\/eltrabajo.cl\/portal\/wp-json\/wp\/v2\/posts"}],"about":[{"href":"https:\/\/eltrabajo.cl\/portal\/wp-json\/wp\/v2\/types\/post"}],"author":[{"embeddable":true,"href":"https:\/\/eltrabajo.cl\/portal\/wp-json\/wp\/v2\/users\/1"}],"replies":[{"embeddable":true,"href":"https:\/\/eltrabajo.cl\/portal\/wp-json\/wp\/v2\/comments?post=67918"}],"version-history":[{"count":0,"href":"https:\/\/eltrabajo.cl\/portal\/wp-json\/wp\/v2\/posts\/67918\/revisions"}],"wp:featuredmedia":[{"embeddable":true,"href":"https:\/\/eltrabajo.cl\/portal\/wp-json\/wp\/v2\/media\/67920"}],"wp:attachment":[{"href":"https:\/\/eltrabajo.cl\/portal\/wp-json\/wp\/v2\/media?parent=67918"}],"wp:term":[{"taxonomy":"category","embeddable":true,"href":"https:\/\/eltrabajo.cl\/portal\/wp-json\/wp\/v2\/categories?post=67918"},{"taxonomy":"post_tag","embeddable":true,"href":"https:\/\/eltrabajo.cl\/portal\/wp-json\/wp\/v2\/tags?post=67918"}],"curies":[{"name":"wp","href":"https:\/\/api.w.org\/{rel}","templated":true}]}}