{"id":67923,"date":"2016-03-18T08:46:31","date_gmt":"2016-03-18T11:46:31","guid":{"rendered":"http:\/\/www.eltrabajo.cl\/portal\/?p=67923"},"modified":"2016-03-21T08:16:10","modified_gmt":"2016-03-21T11:16:10","slug":"o-les-buscaba-adopcion-a-esos-ninos-o-serian-asesinados-por-aborto","status":"publish","type":"post","link":"https:\/\/eltrabajo.cl\/portal\/o-les-buscaba-adopcion-a-esos-ninos-o-serian-asesinados-por-aborto\/","title":{"rendered":"\u00abO les buscaba adopci\u00f3n a esos ni\u00f1os, o ser\u00edan asesinados por aborto\u00bb"},"content":{"rendered":"<figure id=\"attachment_67924\" aria-describedby=\"caption-attachment-67924\" style=\"width: 530px\" class=\"wp-caption alignleft\"><a href=\"http:\/\/www.eltrabajo.cl\/portal\/o-les-buscaba-adopcion-a-esos-ninos-o-serian-asesinados-por-aborto\/gerardo-jannon\/\" rel=\"attachment wp-att-67924\"><img data-recalc-dims=\"1\" loading=\"lazy\" decoding=\"async\" class=\"size-full wp-image-67924\" src=\"https:\/\/i0.wp.com\/www.eltrabajo.cl\/portal\/wp-content\/uploads\/2016\/03\/Gerardo-Jannon.jpg?resize=530%2C348\" alt=\"PADRE INCANSABLE.- Gerardo Joannon, sacerdote que estar\u00e1 muy activo durante esta Semana Santa en Santa Mar\u00eda, oficiando misas y apoyando en todo el accionar religioso de la Iglesia en la comuna.\" width=\"530\" height=\"348\" srcset=\"https:\/\/i0.wp.com\/eltrabajo.cl\/portal\/wp-content\/uploads\/2016\/03\/Gerardo-Jannon.jpg?w=530&amp;ssl=1 530w, https:\/\/i0.wp.com\/eltrabajo.cl\/portal\/wp-content\/uploads\/2016\/03\/Gerardo-Jannon.jpg?resize=200%2C131&amp;ssl=1 200w, https:\/\/i0.wp.com\/eltrabajo.cl\/portal\/wp-content\/uploads\/2016\/03\/Gerardo-Jannon.jpg?resize=300%2C197&amp;ssl=1 300w, https:\/\/i0.wp.com\/eltrabajo.cl\/portal\/wp-content\/uploads\/2016\/03\/Gerardo-Jannon.jpg?resize=228%2C150&amp;ssl=1 228w, https:\/\/i0.wp.com\/eltrabajo.cl\/portal\/wp-content\/uploads\/2016\/03\/Gerardo-Jannon.jpg?resize=400%2C263&amp;ssl=1 400w\" sizes=\"auto, (max-width: 530px) 100vw, 530px\" \/><\/a><figcaption id=\"caption-attachment-67924\" class=\"wp-caption-text\">PADRE INCANSABLE.- Gerardo Joannon, sacerdote que estar\u00e1 muy activo durante esta Semana Santa en Santa Mar\u00eda, oficiando misas y apoyando en todo el accionar religioso de la Iglesia en la comuna.<\/figcaption><\/figure>\n<p><strong>Pese al esc\u00e1ndalo, el Padre Joannon ser\u00e1 protagonista en Semana Santa:<\/strong><\/p>\n<p><strong>SANTA MAR\u00cdA.-<\/strong> Dos son los ejes que sostienen la presente entrevista realizada al sacerdote Gerardo Joannon Rivera, en la Parroquia Inmaculada Concepci\u00f3n de Santa Mar\u00eda, luego que \u00e9l amablemente atendiera la solicitud de Diario El Trabajo.<br \/>\nPrimero, conocer de cerca al ser humano que es, sus anhelos y proyecciones personales, tras decidir \u00e9l que deseaba trabajar en la comuna de Santa Mar\u00eda; y Segundo, permitirle, si as\u00ed lo deseaba, compartir con nuestros lectores, en sus propias palabras, lo que quisiera sobre el caso en que se le vincula a adopciones irregulares ocurridas hace 40 a\u00f1os y en las que su persona habr\u00eda participado.<\/p>\n<p><strong>SEMANA SANTA<\/strong><br \/>\nLa importancia de ambos temas se sostiene en virtud de que ya estamos casi en Semana Santa y que \u00e9l es un experimentado Hombre de Fe que viene a co-pastorear el redil en esta comuna, por lo que le invitamos a explicarnos c\u00f3mo se realizar\u00e1n las actividades de esta Semana Santa en Santa Mar\u00eda, y por otra parte, que nuestros lectores conozcan, ya que \u00e9l mismo propuso tocar este tema de las adopciones en el que se le implican, c\u00f3mo ocurrieron los hechos.<br \/>\n<strong>&#8211; \u00bfPor qu\u00e9 solicit\u00f3 usted que le permitieran vivir en Santa Mar\u00eda?<\/strong><br \/>\n&#8211; Yo no vine a Santa Mar\u00eda a desarrollar grandes proyectos, yo soy feliz y me siento realizado con s\u00f3lo el hecho de ser sacerdote. S\u00e9 que los vecinos de esta comuna me quieren y me lo manifiestan siempre que me hablan. Solicit\u00e9 un a\u00f1o para descansar, yo ped\u00ed venir a esta parroquia para asistir al p\u00e1rroco Claudio Acevedo, este tesoro, el de ser Cura, yo no lo quiero perder, porque ser cura es ser Cristo, ellos, los fieles cat\u00f3licos son tambi\u00e9n c\u00f3mplices en este trabajo de ver a Jes\u00fas, yo no me predico a m\u00ed mismo, yo predico a Jes\u00fas.<br \/>\n<strong>&#8211; \u00bfCu\u00e1l es su formaci\u00f3n como sacerdote?<\/strong><br \/>\n&#8211; Tengo 79 a\u00f1os de edad. Nac\u00ed en Santiago. Yo tengo 53 a\u00f1os de sacerdocio. Fui ordenado en la Congregaci\u00f3n Sagrados Corazones, siempre he estado en Chile, aunque en Argentina serv\u00ed por ocho meses en la Parroquia San Jos\u00e9 de Merlo, en Buenos Aires.<br \/>\n<strong>&#8211; \u00bfC\u00f3mo desea usted que le vean sus fieles en esta comuna?<\/strong><br \/>\n&#8211; Yo lo que deseo es que los santamarianos vean en m\u00ed a un servidor de Cristo, de la Iglesia y que para esta Semana Santa s\u00f3lo que la vivan de acuerdo a las tradiciones de un buen cristiano, que asistan y participen en las actividades ya programadas por esta parroquia para esos d\u00edas santos.<br \/>\n<strong>&#8211; \u00bfCu\u00e1les ser\u00e1n las principales actividades religiosas en las que participar\u00e1 usted durante esta Semana Santa?<\/strong><br \/>\n&#8211; Este viernes (hoy) a las 20:00 horas en la sede comunitaria de Jahuelito, impartir\u00e9 una Misa para anunciar el Domingo de Ramos; el domingo 20 de marzo a las 08:30 horas en sector Calle El Medio, peregrinaremos desde esquina de La Cruz hacia Capilla San Vicente de Paul, luego a las 10:00 horas, lo haremos desde el frontis del Colegio Santa Filomena hacia el templo del sector. El s\u00e1bado 19 de marzo a las 19:30 horas en la capilla Nuestra Se\u00f1ora del Carmen, oficiar\u00e9 un servicio religioso en San Fernando.<br \/>\n<strong>&#8211; \u00bfY para los d\u00edas m\u00e1s cercanos a la Crucifixi\u00f3n?<\/strong><br \/>\n&#8211; El Jueves Santo oficiar\u00e9 una Eucarist\u00eda de \u00daltima Cena y Lavado de pies a las 20:00 horas en el templo de Santa Filomena. El Viernes Santo de 09:00 a 13:00 horas, realizar\u00e9 un Retiro para adultos en el templo parroquial de Santa Mar\u00eda. Ese mismo viernes en el sector Calle El Medio, oficiar\u00e9 el V\u00eda Crucis a las 17:00 horas desde el estero a la capilla San Vicente de Paul.<\/p>\n<p><strong>UNA BENDICI\u00d3N<\/strong><br \/>\nSobre la presencia del Padre Gerardo Joannon en la parroquia de Santa Mar\u00eda, el p\u00e1rroco Claudio Acevedo coment\u00f3 a Diario El Trabajo que \u00abnosotros consideramos en el Consejo Parroquial que la llegada del Padre Gerardo es una bendici\u00f3n para todos, \u00e9l nos va a ayudar en la formaci\u00f3n en las capillas, adem\u00e1s que en Semana Santa \u00e9l nos ayudar\u00e1 bastante, pues tiene una gran experiencia, los sacerdotes estamos para servir a la comunidad y ayudar a que El Reino se viva de la mejor manera en Santa Mar\u00eda\u00bb, dijo el religioso.<\/p>\n<p><strong>CASO ADOPCIONES<\/strong><br \/>\nEn relaci\u00f3n al tema medi\u00e1tico en el que su nombre es relacionado con irregularidades relacionadas con adopciones de beb\u00e9s de manera informal, el Padre Gerardo tom\u00f3 la iniciativa y explic\u00f3 detalles de este asunto.<br \/>\n<strong>&#8211; \u00bfSe esperaba usted que en los medios de comunicaci\u00f3n retom\u00e1ramos este esc\u00e1ndalo?<\/strong><br \/>\n&#8211; Yo no me esperaba esta reacci\u00f3n de la prensa a mi llegada. Lo que pasa es que los periodistas tienen la misi\u00f3n de ser copuchentos, ellos quieren siempre decir m\u00e1s de la cuenta y la imaginaci\u00f3n los traiciona. Quiero hablar de este tema, ya que no tengo cosa alguna que esconder, adem\u00e1s, son cosas que ocurrieron hace ya 40 a\u00f1os, \u00bfqui\u00e9n se pone a perseguir fantasmas despu\u00e9s de casi medio siglo?<br \/>\n<strong>&#8211; \u00bfQu\u00e9 opina usted de los art\u00edculos de prensa que los medios publicamos?<\/strong><br \/>\n&#8211; Todas las insinuantes publicaciones que publican son s\u00f3lo eso, afirmaciones sin fundamento, eso no tiene pies ni cabeza, estos casos s\u00f3lo fueron dos o tres, fueron casos muy especiales y de los que no tengo por qu\u00e9 arrepentirme de nada.<br \/>\n<strong>&#8211; \u00bfC\u00f3mo manej\u00f3 usted entonces estas adopciones?<\/strong><br \/>\n&#8211; Lo que pas\u00f3, es que en esos a\u00f1os las cosas eran muy distintas a hoy d\u00eda. Antes era muy complicado que una ni\u00f1a de doce o trece a\u00f1os saliera embarazada, a las familias les daba m\u00e1s verg\u00fcenza que ahora, por lo que era \u2018una terrible pena\u2019 que se enteraran en sociedad \u2018que nuestra hija estaba embarazada\u2019, y en esos casos el aborto era una salida relativamente f\u00e1cil al problema.<br \/>\n<strong>&#8211; \u00bfCu\u00e1l fue su exacta participaci\u00f3n en estos casos?<\/strong><br \/>\n&#8211; En ciertas ocasiones se me consult\u00f3 por parte de un par de madres, por separado, sobre c\u00f3mo resolver este problema, que c\u00f3mo podr\u00eda yo ayudar a coordinar un aborto, de ninguna manera podr\u00eda yo prestarme para tal atrocidad, \u00a1Jam\u00e1s!, lo que vi viable en ese momento y para que no fuera asesinada la criaturita por nacer, fue sugerir a un par de m\u00e9dicos, muy honestos por cierto, quienes estar\u00edan dispuestos a coordinar un parto normal, y eventualmente destinar a la guagua a padres que no pod\u00edan tener hijos, y que gustosos acoger\u00edan a ese beb\u00e9, la situaci\u00f3n era, que o les buscaba adopci\u00f3n a esos ni\u00f1os, o ser\u00edan asesinados por aborto.<br \/>\n<strong>&#8211; \u00bfQu\u00e9 dec\u00edan las ni\u00f1as embarazadas sobre estas acciones y decisiones que se tomaban?<\/strong><br \/>\n&#8211; Normalmente eran los padres los que determinaban estas cosas, las ni\u00f1as embarazadas no pod\u00edan decidir sobre esto, pues estaba en juego la reputaci\u00f3n de toda su familia. Esto ocurri\u00f3 dos o tres veces. A esos ni\u00f1os ten\u00eda que buscarles adopci\u00f3n, o dejar que los mataran.<br \/>\n<strong>&#8211; Si estos casos se hicieron de mutuo acuerdo, \u00bfpor qu\u00e9 supone que ahora le reclaman o denuncian a usted?<\/strong><br \/>\n&#8211; En estas denuncias que interpusieron en mi contra, creo que son quiz\u00e1, esas madres arrepentidas que pudieron experimentar culpa por no poder conservar a sus hijos. Con los a\u00f1os he atendido confesiones de mujeres mayores, quienes me han revelado en Secreto de Confesi\u00f3n, que cuando ni\u00f1as abortaron, y que durante toda su existencia han sufrido mucho por esa decisi\u00f3n y no han vivido en paz, lo que explicar\u00eda quiz\u00e1 por qu\u00e9 hoy en d\u00eda se me puede adjudicar a m\u00ed el peso de sus decisiones.<\/p>\n<p><strong>PENAL Y CON\u00d3NICA<\/strong><br \/>\nEste religioso fue investigado por la v\u00eda del Canon cat\u00f3lico y por la penal, en el primer escenario a \u00e9l s\u00f3lo se le impuso una medida disciplinaria, la cual acept\u00f3 por obediencia, aunque asegura ser inocente, mientras que el ministro Mario Carroza -que sustancia la investigaci\u00f3n penal en relaci\u00f3n a las adopciones irregulares supuestamente ocurridas en la d\u00e9cada de los \u201970 y \u201980 en la capital- resolvi\u00f3 decretar el sobreseimiento parcial y definitivo, luego que a pesar de acreditar los delitos de sustracci\u00f3n de menores y adopciones irregulares que involucraban a Joannon, la responsabilidad penal se encuentra prescrita.<br \/>\n<strong>REPORTE ESPECIAL<\/strong><br \/>\n<strong>Roberto Gonz\u00e1lez Short<\/strong><br \/>\n<strong>rgonzalez@eltrabajo.cl<\/strong><\/p>\n","protected":false},"excerpt":{"rendered":"<p>Pese al esc\u00e1ndalo, el Padre Joannon ser\u00e1 protagonista en Semana Santa: SANTA MAR\u00cdA.- Dos son los ejes que sostienen la presente entrevista realizada al sacerdote Gerardo Joannon Rivera, en la Parroquia Inmaculada&#8230;<\/p>\n","protected":false},"author":1,"featured_media":67924,"comment_status":"open","ping_status":"open","sticky":false,"template":"","format":"standard","meta":{"advanced_seo_description":"","jetpack_seo_html_title":"","jetpack_seo_noindex":false,"_jetpack_memberships_contains_paid_content":false,"footnotes":""},"categories":[15],"tags":[],"class_list":["post-67923","post","type-post","status-publish","format-standard","has-post-thumbnail","hentry","category-comunidad"],"jetpack_featured_media_url":"https:\/\/i0.wp.com\/eltrabajo.cl\/portal\/wp-content\/uploads\/2016\/03\/Gerardo-Jannon.jpg?fit=530%2C348&ssl=1","jetpack_sharing_enabled":true,"jetpack_likes_enabled":true,"jetpack-related-posts":[],"_links":{"self":[{"href":"https:\/\/eltrabajo.cl\/portal\/wp-json\/wp\/v2\/posts\/67923","targetHints":{"allow":["GET"]}}],"collection":[{"href":"https:\/\/eltrabajo.cl\/portal\/wp-json\/wp\/v2\/posts"}],"about":[{"href":"https:\/\/eltrabajo.cl\/portal\/wp-json\/wp\/v2\/types\/post"}],"author":[{"embeddable":true,"href":"https:\/\/eltrabajo.cl\/portal\/wp-json\/wp\/v2\/users\/1"}],"replies":[{"embeddable":true,"href":"https:\/\/eltrabajo.cl\/portal\/wp-json\/wp\/v2\/comments?post=67923"}],"version-history":[{"count":0,"href":"https:\/\/eltrabajo.cl\/portal\/wp-json\/wp\/v2\/posts\/67923\/revisions"}],"wp:featuredmedia":[{"embeddable":true,"href":"https:\/\/eltrabajo.cl\/portal\/wp-json\/wp\/v2\/media\/67924"}],"wp:attachment":[{"href":"https:\/\/eltrabajo.cl\/portal\/wp-json\/wp\/v2\/media?parent=67923"}],"wp:term":[{"taxonomy":"category","embeddable":true,"href":"https:\/\/eltrabajo.cl\/portal\/wp-json\/wp\/v2\/categories?post=67923"},{"taxonomy":"post_tag","embeddable":true,"href":"https:\/\/eltrabajo.cl\/portal\/wp-json\/wp\/v2\/tags?post=67923"}],"curies":[{"name":"wp","href":"https:\/\/api.w.org\/{rel}","templated":true}]}}