{"id":67927,"date":"2016-03-18T08:47:47","date_gmt":"2016-03-18T11:47:47","guid":{"rendered":"http:\/\/www.eltrabajo.cl\/portal\/?p=67927"},"modified":"2016-03-18T08:47:47","modified_gmt":"2016-03-18T11:47:47","slug":"nino-pistolero-vuelve-a-atacar-robando-celular-a-estudiante","status":"publish","type":"post","link":"https:\/\/eltrabajo.cl\/portal\/nino-pistolero-vuelve-a-atacar-robando-celular-a-estudiante\/","title":{"rendered":"Ni\u00f1o pistolero vuelve a atacar robando celular a estudiante"},"content":{"rendered":"<figure id=\"attachment_67928\" aria-describedby=\"caption-attachment-67928\" style=\"width: 530px\" class=\"wp-caption alignleft\"><a href=\"http:\/\/www.eltrabajo.cl\/portal\/nino-pistolero-vuelve-a-atacar-robando-celular-a-estudiante\/portada-menor-pistolero\/\" rel=\"attachment wp-att-67928\"><img data-recalc-dims=\"1\" loading=\"lazy\" decoding=\"async\" class=\"size-full wp-image-67928\" src=\"https:\/\/i0.wp.com\/www.eltrabajo.cl\/portal\/wp-content\/uploads\/2016\/03\/portada-menor-pistolero.jpg?resize=530%2C349\" alt=\"El menor fue reducido por transe\u00fantes luego de cometer delitos en la avenida Chacabuco de San Felipe. Existe preocupaci\u00f3n por parte de Carabineros del destino de este menor inmerso en la drogadicci\u00f3n y la delincuencia que ha afectado directamente a los escolares.\" width=\"530\" height=\"349\" srcset=\"https:\/\/i0.wp.com\/eltrabajo.cl\/portal\/wp-content\/uploads\/2016\/03\/portada-menor-pistolero.jpg?w=530&amp;ssl=1 530w, https:\/\/i0.wp.com\/eltrabajo.cl\/portal\/wp-content\/uploads\/2016\/03\/portada-menor-pistolero.jpg?resize=200%2C132&amp;ssl=1 200w, https:\/\/i0.wp.com\/eltrabajo.cl\/portal\/wp-content\/uploads\/2016\/03\/portada-menor-pistolero.jpg?resize=300%2C198&amp;ssl=1 300w, https:\/\/i0.wp.com\/eltrabajo.cl\/portal\/wp-content\/uploads\/2016\/03\/portada-menor-pistolero.jpg?resize=228%2C150&amp;ssl=1 228w, https:\/\/i0.wp.com\/eltrabajo.cl\/portal\/wp-content\/uploads\/2016\/03\/portada-menor-pistolero.jpg?resize=400%2C263&amp;ssl=1 400w\" sizes=\"auto, (max-width: 530px) 100vw, 530px\" \/><\/a><figcaption id=\"caption-attachment-67928\" class=\"wp-caption-text\">El menor fue reducido por transe\u00fantes luego de cometer delitos en la avenida Chacabuco de San Felipe. Existe preocupaci\u00f3n por parte de Carabineros del destino de este menor inmerso en la drogadicci\u00f3n y la delincuencia que ha afectado directamente a los escolares.<\/figcaption><\/figure>\n<p><strong>Junto a otros menores han cometido diversos delitos en avenida Chacabuco<\/strong><\/p>\n<p>Tribunal de Familia deber\u00e1 resolver el destino de este menor de 13 a\u00f1os inmerso en las drogas y la delincuencia a su corta edad. El padre de este precoz antisocial fue citado ante la Justicia pese a que ya el caso se encontraba en manos del Sename.<br \/>\nEn un verdadero problema para los transe\u00fantes que circulan por avenida Chacabuco en San Felipe, se ha convertido en estos d\u00edas un ni\u00f1o de tan solo 13 a\u00f1os de edad que se ha dedicado a asaltar especialmente a escolares, como el que ocurri\u00f3 el pasado lunes cuando el precoz antisocial intimid\u00f3 con un arma a fogueo a un adolescente para robarle sus pertenencias.<br \/>\nAsimismo la tarde de este mi\u00e9rcoles, pese a las intervenciones de Carabineros que entregaron al imputado a su padre, y las respectivas diligencias al Tribunal de Familia, un menor de edad se convirti\u00f3 en una nueva v\u00edctima de robo de su tel\u00e9fono celular, luego de ser interceptado por tres ni\u00f1os delincuentes de similares edades, obligando al adolescente a entregar la especie mientras circulaba por calle Combate de Las Coimas esquina Chacabuco en San Felipe.<br \/>\nPersonal de Carabineros, al recepcionar la denuncia, efectu\u00f3 patrullajes en b\u00fasqueda del menor que fue hallado finalmente en calle Salinas esquina Uno Norte a eso de las 18:30 horas, comprob\u00e1ndose que se trataba del mismo ni\u00f1o del delito anterior, siendo individualizado como \u2018El Cizarro\u2019, quien manten\u00eda en su poder un tel\u00e9fono celular marca Samsung de propiedad del estudiante adolescente que denunci\u00f3 el delito, adem\u00e1s de papelillos contenedores de marihuana.<br \/>\nDurante esta semana se han recibido diversas denuncias ante Carabineros respecto a otros episodios de intentos de robo, amenazas y supuestas agresiones, donde le recae participaci\u00f3n a este menor quien se acompa\u00f1ar\u00eda de otros ni\u00f1os de su edad para cometer delitos, y que se han visto frustrados tras la intervenci\u00f3n de transe\u00fantes que han participado en la detenci\u00f3n de este preadolescente inmerso en la delincuencia.<br \/>\nEl menor de iniciales B.A.C.P. con tan s\u00f3lo 13 a\u00f1os de edad, estuvo internado en un Centro de Tr\u00e1nsito y Distribuci\u00f3n del Servicio Nacional de Menores en Valpara\u00edso, lugar donde se habr\u00eda fugado, registrando domicilio en la comuna de San Felipe, a cargo de su padre quien fue citado el d\u00eda de ayer jueves a las 11:00 horas al Tribunal de Familia para resolver el destino de este ni\u00f1o.<br \/>\n<strong>Pablo Salinas Sald\u00edas<\/strong><\/p>\n","protected":false},"excerpt":{"rendered":"<p>Junto a otros menores han cometido diversos delitos en avenida Chacabuco Tribunal de Familia deber\u00e1 resolver el destino de este menor de 13 a\u00f1os inmerso en las drogas y la delincuencia a&#8230;<\/p>\n","protected":false},"author":1,"featured_media":67928,"comment_status":"open","ping_status":"open","sticky":false,"template":"","format":"standard","meta":{"advanced_seo_description":"","jetpack_seo_html_title":"","jetpack_seo_noindex":false,"_jetpack_memberships_contains_paid_content":false,"footnotes":""},"categories":[21],"tags":[],"class_list":["post-67927","post","type-post","status-publish","format-standard","has-post-thumbnail","hentry","category-policial"],"jetpack_featured_media_url":"https:\/\/i0.wp.com\/eltrabajo.cl\/portal\/wp-content\/uploads\/2016\/03\/portada-menor-pistolero.jpg?fit=530%2C349&ssl=1","jetpack_sharing_enabled":true,"jetpack_likes_enabled":true,"jetpack-related-posts":[],"_links":{"self":[{"href":"https:\/\/eltrabajo.cl\/portal\/wp-json\/wp\/v2\/posts\/67927","targetHints":{"allow":["GET"]}}],"collection":[{"href":"https:\/\/eltrabajo.cl\/portal\/wp-json\/wp\/v2\/posts"}],"about":[{"href":"https:\/\/eltrabajo.cl\/portal\/wp-json\/wp\/v2\/types\/post"}],"author":[{"embeddable":true,"href":"https:\/\/eltrabajo.cl\/portal\/wp-json\/wp\/v2\/users\/1"}],"replies":[{"embeddable":true,"href":"https:\/\/eltrabajo.cl\/portal\/wp-json\/wp\/v2\/comments?post=67927"}],"version-history":[{"count":0,"href":"https:\/\/eltrabajo.cl\/portal\/wp-json\/wp\/v2\/posts\/67927\/revisions"}],"wp:featuredmedia":[{"embeddable":true,"href":"https:\/\/eltrabajo.cl\/portal\/wp-json\/wp\/v2\/media\/67928"}],"wp:attachment":[{"href":"https:\/\/eltrabajo.cl\/portal\/wp-json\/wp\/v2\/media?parent=67927"}],"wp:term":[{"taxonomy":"category","embeddable":true,"href":"https:\/\/eltrabajo.cl\/portal\/wp-json\/wp\/v2\/categories?post=67927"},{"taxonomy":"post_tag","embeddable":true,"href":"https:\/\/eltrabajo.cl\/portal\/wp-json\/wp\/v2\/tags?post=67927"}],"curies":[{"name":"wp","href":"https:\/\/api.w.org\/{rel}","templated":true}]}}