{"id":67932,"date":"2016-03-21T08:33:49","date_gmt":"2016-03-21T11:33:49","guid":{"rendered":"http:\/\/www.eltrabajo.cl\/portal\/?p=67932"},"modified":"2016-03-21T08:33:49","modified_gmt":"2016-03-21T11:33:49","slug":"bomberos-realizaron-muestra-de-equipo-en-la-plaza-de-armas","status":"publish","type":"post","link":"https:\/\/eltrabajo.cl\/portal\/bomberos-realizaron-muestra-de-equipo-en-la-plaza-de-armas\/","title":{"rendered":"Bomberos realizaron muestra de equipo en la Plaza de Armas"},"content":{"rendered":"<p>M\u00e1s que una muestra bomberil ofrecida al p\u00fablico, se trat\u00f3 de una jornada educativa en donde los \u2018Caballeros del Fuego\u2019 pudieron interactuar con los sanfelipe\u00f1os que participaron en la exhibici\u00f3n de herramientas e implementos que Bomberos usa para su labor de rescate y control de siniestros en nuestra provincia.<br \/>\nLa muestra se realiz\u00f3 a partir del s\u00e1bado a las 17:00 horas en nuestra Plaza de Armas y termin\u00f3 al filo de las 21:00 horas. En la muestra hubo mangueras; herramientas de rescate vehicular; cilindros de ox\u00edgeno y sus mascarillas, as\u00ed como muchas charlas educativas para los presentes.<\/p>\n<p><strong>JORNADA FAMILIAR<\/strong><br \/>\nFamilias enteras se acercaron a la plaza, abuelos con sus nietos y padres con sus hijos, todos ellos participaron en las charlas, as\u00ed como otros, que se colocaron las m\u00e1scaras y cilindros de ox\u00edgenos, algunos peque\u00f1itos manipularon las mangueras y experimentados bomberos tambi\u00e9n llegaron para respaldar esta actividad, en la que participaron las siete compa\u00f1\u00edas de San Felipe y las de Catemu y Rescate de Panquehue, esta \u00faltima da cobertura operativa a 12 kil\u00f3metros cuadrados, desde Chagres hasta el l\u00edmite de Panquehue con San Felipe.<br \/>\n<strong>Roberto Gonz\u00e1lez Short<\/strong><br \/>\n<strong>rgonzalez@eltrabajo.cl<\/strong><\/p>\n<div class=\"tiled-gallery type-rectangular tiled-gallery-unresized\" data-original-width=\"640\" data-carousel-extra='null' itemscope itemtype=\"http:\/\/schema.org\/ImageGallery\" > <div class=\"gallery-row\" style=\"width: 640px; height: 452px;\" data-original-width=\"640\" data-original-height=\"452\" > <div class=\"gallery-group images-1\" style=\"width: 414px; height: 452px;\" data-original-width=\"414\" data-original-height=\"452\" > <div class=\"tiled-gallery-item tiled-gallery-item-large\" itemprop=\"associatedMedia\" itemscope itemtype=\"http:\/\/schema.org\/ImageObject\"> <a href=\"https:\/\/eltrabajo.cl\/portal\/bomberos-realizaron-muestra-de-equipo-en-la-plaza-de-armas\/bomberito33\/\" border=\"0\" itemprop=\"url\"> <meta itemprop=\"width\" content=\"410\"> <meta itemprop=\"height\" content=\"448\"> <img decoding=\"async\" class=\"\" data-attachment-id=\"67933\" data-orig-file=\"https:\/\/eltrabajo.cl\/portal\/wp-content\/uploads\/2016\/03\/Bomberito33.jpg\" data-orig-size=\"530,579\" data-comments-opened=\"1\" data-image-meta=\"{&quot;aperture&quot;:&quot;0&quot;,&quot;credit&quot;:&quot;&quot;,&quot;camera&quot;:&quot;&quot;,&quot;caption&quot;:&quot;&quot;,&quot;created_timestamp&quot;:&quot;0&quot;,&quot;copyright&quot;:&quot;&quot;,&quot;focal_length&quot;:&quot;0&quot;,&quot;iso&quot;:&quot;0&quot;,&quot;shutter_speed&quot;:&quot;0&quot;,&quot;title&quot;:&quot;&quot;,&quot;orientation&quot;:&quot;0&quot;}\" data-image-title=\"BOMBERITO.- Este peque\u00f1\u00edn tambi\u00e9n se dio gusto aprendiendo y manipulando equipo bomberil en nuestra Plaza de Armas.\" data-image-description=\"&lt;p&gt;BOMBERITO.- Este peque\u00f1\u00edn tambi\u00e9n se dio gusto aprendiendo y manipulando equipo bomberil en nuestra Plaza de Armas.&lt;\/p&gt; \" data-medium-file=\"https:\/\/i0.wp.com\/eltrabajo.cl\/portal\/wp-content\/uploads\/2016\/03\/Bomberito33.jpg?fit=275%2C300&#038;ssl=1\" data-large-file=\"https:\/\/i0.wp.com\/eltrabajo.cl\/portal\/wp-content\/uploads\/2016\/03\/Bomberito33.jpg?fit=530%2C579&#038;ssl=1\" src=\"https:\/\/i0.wp.com\/eltrabajo.cl\/portal\/wp-content\/uploads\/2016\/03\/Bomberito33.jpg?w=410&#038;h=448&#038;ssl=1\" srcset=\"https:\/\/i0.wp.com\/eltrabajo.cl\/portal\/wp-content\/uploads\/2016\/03\/Bomberito33.jpg?w=530&amp;ssl=1 530w, https:\/\/i0.wp.com\/eltrabajo.cl\/portal\/wp-content\/uploads\/2016\/03\/Bomberito33.jpg?resize=137%2C150&amp;ssl=1 137w, https:\/\/i0.wp.com\/eltrabajo.cl\/portal\/wp-content\/uploads\/2016\/03\/Bomberito33.jpg?resize=275%2C300&amp;ssl=1 275w, https:\/\/i0.wp.com\/eltrabajo.cl\/portal\/wp-content\/uploads\/2016\/03\/Bomberito33.jpg?resize=400%2C437&amp;ssl=1 400w\" width=\"410\" height=\"448\" loading=\"lazy\" data-original-width=\"410\" data-original-height=\"448\" itemprop=\"http:\/\/schema.org\/image\" title=\"BOMBERITO.- Este peque\u00f1\u00edn tambi\u00e9n se dio gusto aprendiendo y manipulando equipo bomberil en nuestra Plaza de Armas.\" alt=\"BOMBERITO.- Este peque\u00f1\u00edn tambi\u00e9n se dio gusto aprendiendo y manipulando equipo bomberil en nuestra Plaza de Armas.\" style=\"width: 410px; height: 448px;\" \/> <\/a> <div class=\"tiled-gallery-caption\" itemprop=\"caption description\"> BOMBERITO.- Este peque\u00f1\u00edn tambi\u00e9n se dio gusto aprendiendo y manipulando equipo bomberil en nuestra Plaza de Armas. <\/div> <\/div> <\/div> <!-- close group --> <div class=\"gallery-group images-3\" style=\"width: 226px; height: 452px;\" data-original-width=\"226\" data-original-height=\"452\" > <div class=\"tiled-gallery-item tiled-gallery-item-small\" itemprop=\"associatedMedia\" itemscope itemtype=\"http:\/\/schema.org\/ImageObject\"> <a href=\"https:\/\/eltrabajo.cl\/portal\/bomberos-realizaron-muestra-de-equipo-en-la-plaza-de-armas\/charlas1-5\/\" border=\"0\" itemprop=\"url\"> <meta itemprop=\"width\" content=\"222\"> <meta itemprop=\"height\" content=\"147\"> <img decoding=\"async\" class=\"\" data-attachment-id=\"67934\" data-orig-file=\"https:\/\/eltrabajo.cl\/portal\/wp-content\/uploads\/2016\/03\/Charlas1.jpg\" data-orig-size=\"530,350\" data-comments-opened=\"1\" data-image-meta=\"{&quot;aperture&quot;:&quot;0&quot;,&quot;credit&quot;:&quot;&quot;,&quot;camera&quot;:&quot;&quot;,&quot;caption&quot;:&quot;&quot;,&quot;created_timestamp&quot;:&quot;0&quot;,&quot;copyright&quot;:&quot;&quot;,&quot;focal_length&quot;:&quot;0&quot;,&quot;iso&quot;:&quot;0&quot;,&quot;shutter_speed&quot;:&quot;0&quot;,&quot;title&quot;:&quot;&quot;,&quot;orientation&quot;:&quot;0&quot;}\" data-image-title=\"PASO A PASO.- Primero, las personas participantes recibieron una amplia explicaci\u00f3n de c\u00f3mo operar el equipo.\" data-image-description=\"&lt;p&gt;PASO A PASO.- Primero, las personas participantes recibieron una amplia explicaci\u00f3n de c\u00f3mo operar el equipo.&lt;\/p&gt; \" data-medium-file=\"https:\/\/i0.wp.com\/eltrabajo.cl\/portal\/wp-content\/uploads\/2016\/03\/Charlas1.jpg?fit=300%2C198&#038;ssl=1\" data-large-file=\"https:\/\/i0.wp.com\/eltrabajo.cl\/portal\/wp-content\/uploads\/2016\/03\/Charlas1.jpg?fit=530%2C350&#038;ssl=1\" src=\"https:\/\/i0.wp.com\/eltrabajo.cl\/portal\/wp-content\/uploads\/2016\/03\/Charlas1.jpg?w=222&#038;h=147&#038;ssl=1\" srcset=\"https:\/\/i0.wp.com\/eltrabajo.cl\/portal\/wp-content\/uploads\/2016\/03\/Charlas1.jpg?w=530&amp;ssl=1 530w, https:\/\/i0.wp.com\/eltrabajo.cl\/portal\/wp-content\/uploads\/2016\/03\/Charlas1.jpg?resize=200%2C132&amp;ssl=1 200w, https:\/\/i0.wp.com\/eltrabajo.cl\/portal\/wp-content\/uploads\/2016\/03\/Charlas1.jpg?resize=300%2C198&amp;ssl=1 300w, https:\/\/i0.wp.com\/eltrabajo.cl\/portal\/wp-content\/uploads\/2016\/03\/Charlas1.jpg?resize=227%2C150&amp;ssl=1 227w, https:\/\/i0.wp.com\/eltrabajo.cl\/portal\/wp-content\/uploads\/2016\/03\/Charlas1.jpg?resize=400%2C264&amp;ssl=1 400w\" width=\"222\" height=\"147\" loading=\"lazy\" data-original-width=\"222\" data-original-height=\"147\" itemprop=\"http:\/\/schema.org\/image\" title=\"PASO A PASO.- Primero, las personas participantes recibieron una amplia explicaci\u00f3n de c\u00f3mo operar el equipo.\" alt=\"PASO A PASO.- Primero, las personas participantes recibieron una amplia explicaci\u00f3n de c\u00f3mo operar el equipo.\" style=\"width: 222px; height: 147px;\" \/> <\/a> <div class=\"tiled-gallery-caption\" itemprop=\"caption description\"> PASO A PASO.- Primero, las personas participantes recibieron una amplia explicaci\u00f3n de c\u00f3mo operar el equipo. <\/div> <\/div> <div class=\"tiled-gallery-item tiled-gallery-item-small\" itemprop=\"associatedMedia\" itemscope itemtype=\"http:\/\/schema.org\/ImageObject\"> <a href=\"https:\/\/eltrabajo.cl\/portal\/bomberos-realizaron-muestra-de-equipo-en-la-plaza-de-armas\/charlas2-3\/\" border=\"0\" itemprop=\"url\"> <meta itemprop=\"width\" content=\"222\"> <meta itemprop=\"height\" content=\"146\"> <img decoding=\"async\" class=\"\" data-attachment-id=\"67935\" data-orig-file=\"https:\/\/eltrabajo.cl\/portal\/wp-content\/uploads\/2016\/03\/Charlas2.jpg\" data-orig-size=\"530,349\" data-comments-opened=\"1\" data-image-meta=\"{&quot;aperture&quot;:&quot;0&quot;,&quot;credit&quot;:&quot;&quot;,&quot;camera&quot;:&quot;&quot;,&quot;caption&quot;:&quot;&quot;,&quot;created_timestamp&quot;:&quot;0&quot;,&quot;copyright&quot;:&quot;&quot;,&quot;focal_length&quot;:&quot;0&quot;,&quot;iso&quot;:&quot;0&quot;,&quot;shutter_speed&quot;:&quot;0&quot;,&quot;title&quot;:&quot;&quot;,&quot;orientation&quot;:&quot;0&quot;}\" data-image-title=\"SE LLEGA LEJOS.- Posteriormente se colocaron el equipo y pudieron manejarlo con relativa facilidad.\" data-image-description=\"&lt;p&gt;SE LLEGA LEJOS.- Posteriormente se colocaron el equipo y pudieron manejarlo con relativa facilidad.&lt;\/p&gt; \" data-medium-file=\"https:\/\/i0.wp.com\/eltrabajo.cl\/portal\/wp-content\/uploads\/2016\/03\/Charlas2.jpg?fit=300%2C198&#038;ssl=1\" data-large-file=\"https:\/\/i0.wp.com\/eltrabajo.cl\/portal\/wp-content\/uploads\/2016\/03\/Charlas2.jpg?fit=530%2C349&#038;ssl=1\" src=\"https:\/\/i0.wp.com\/eltrabajo.cl\/portal\/wp-content\/uploads\/2016\/03\/Charlas2.jpg?w=222&#038;h=146&#038;ssl=1\" srcset=\"https:\/\/i0.wp.com\/eltrabajo.cl\/portal\/wp-content\/uploads\/2016\/03\/Charlas2.jpg?w=530&amp;ssl=1 530w, https:\/\/i0.wp.com\/eltrabajo.cl\/portal\/wp-content\/uploads\/2016\/03\/Charlas2.jpg?resize=200%2C132&amp;ssl=1 200w, https:\/\/i0.wp.com\/eltrabajo.cl\/portal\/wp-content\/uploads\/2016\/03\/Charlas2.jpg?resize=300%2C198&amp;ssl=1 300w, https:\/\/i0.wp.com\/eltrabajo.cl\/portal\/wp-content\/uploads\/2016\/03\/Charlas2.jpg?resize=228%2C150&amp;ssl=1 228w, https:\/\/i0.wp.com\/eltrabajo.cl\/portal\/wp-content\/uploads\/2016\/03\/Charlas2.jpg?resize=400%2C263&amp;ssl=1 400w\" width=\"222\" height=\"146\" loading=\"lazy\" data-original-width=\"222\" data-original-height=\"146\" itemprop=\"http:\/\/schema.org\/image\" title=\"SE LLEGA LEJOS.- Posteriormente se colocaron el equipo y pudieron manejarlo con relativa facilidad.\" alt=\"SE LLEGA LEJOS.- Posteriormente se colocaron el equipo y pudieron manejarlo con relativa facilidad.\" style=\"width: 222px; height: 146px;\" \/> <\/a> <div class=\"tiled-gallery-caption\" itemprop=\"caption description\"> SE LLEGA LEJOS.- Posteriormente se colocaron el equipo y pudieron manejarlo con relativa facilidad. <\/div> <\/div> <div class=\"tiled-gallery-item tiled-gallery-item-small\" itemprop=\"associatedMedia\" itemscope itemtype=\"http:\/\/schema.org\/ImageObject\"> <a href=\"https:\/\/eltrabajo.cl\/portal\/bomberos-realizaron-muestra-de-equipo-en-la-plaza-de-armas\/sexta33\/\" border=\"0\" itemprop=\"url\"> <meta itemprop=\"width\" content=\"222\"> <meta itemprop=\"height\" content=\"147\"> <img decoding=\"async\" class=\"\" data-attachment-id=\"67936\" data-orig-file=\"https:\/\/eltrabajo.cl\/portal\/wp-content\/uploads\/2016\/03\/Sexta33.jpg\" data-orig-size=\"530,350\" data-comments-opened=\"1\" data-image-meta=\"{&quot;aperture&quot;:&quot;0&quot;,&quot;credit&quot;:&quot;&quot;,&quot;camera&quot;:&quot;&quot;,&quot;caption&quot;:&quot;&quot;,&quot;created_timestamp&quot;:&quot;0&quot;,&quot;copyright&quot;:&quot;&quot;,&quot;focal_length&quot;:&quot;0&quot;,&quot;iso&quot;:&quot;0&quot;,&quot;shutter_speed&quot;:&quot;0&quot;,&quot;title&quot;:&quot;&quot;,&quot;orientation&quot;:&quot;0&quot;}\" data-image-title=\"La Sexta Compa\u00f1\u00eda de Rescate de Panquehue, da cobertura operativa a 12 kil\u00f3metros cuadrados, desde Chagres hasta el l\u00edmite de Panquehue con San Felipe.\" data-image-description=\"&lt;p&gt;La Sexta Compa\u00f1\u00eda de Rescate de Panquehue, da cobertura operativa a 12 kil\u00f3metros cuadrados, desde Chagres hasta el l\u00edmite de Panquehue con San Felipe.&lt;\/p&gt; \" data-medium-file=\"https:\/\/i0.wp.com\/eltrabajo.cl\/portal\/wp-content\/uploads\/2016\/03\/Sexta33.jpg?fit=300%2C198&#038;ssl=1\" data-large-file=\"https:\/\/i0.wp.com\/eltrabajo.cl\/portal\/wp-content\/uploads\/2016\/03\/Sexta33.jpg?fit=530%2C350&#038;ssl=1\" src=\"https:\/\/i0.wp.com\/eltrabajo.cl\/portal\/wp-content\/uploads\/2016\/03\/Sexta33.jpg?w=222&#038;h=147&#038;ssl=1\" srcset=\"https:\/\/i0.wp.com\/eltrabajo.cl\/portal\/wp-content\/uploads\/2016\/03\/Sexta33.jpg?w=530&amp;ssl=1 530w, https:\/\/i0.wp.com\/eltrabajo.cl\/portal\/wp-content\/uploads\/2016\/03\/Sexta33.jpg?resize=200%2C132&amp;ssl=1 200w, https:\/\/i0.wp.com\/eltrabajo.cl\/portal\/wp-content\/uploads\/2016\/03\/Sexta33.jpg?resize=300%2C198&amp;ssl=1 300w, https:\/\/i0.wp.com\/eltrabajo.cl\/portal\/wp-content\/uploads\/2016\/03\/Sexta33.jpg?resize=227%2C150&amp;ssl=1 227w, https:\/\/i0.wp.com\/eltrabajo.cl\/portal\/wp-content\/uploads\/2016\/03\/Sexta33.jpg?resize=400%2C264&amp;ssl=1 400w\" width=\"222\" height=\"147\" loading=\"lazy\" data-original-width=\"222\" data-original-height=\"147\" itemprop=\"http:\/\/schema.org\/image\" title=\"La Sexta Compa\u00f1\u00eda de Rescate de Panquehue, da cobertura operativa a 12 kil\u00f3metros cuadrados, desde Chagres hasta el l\u00edmite de Panquehue con San Felipe.\" alt=\"La Sexta Compa\u00f1\u00eda de Rescate de Panquehue, da cobertura operativa a 12 kil\u00f3metros cuadrados, desde Chagres hasta el l\u00edmite de Panquehue con San Felipe.\" style=\"width: 222px; height: 147px;\" \/> <\/a> <div class=\"tiled-gallery-caption\" itemprop=\"caption description\"> La Sexta Compa\u00f1\u00eda de Rescate de Panquehue, da cobertura operativa a 12 kil\u00f3metros cuadrados, desde Chagres hasta el l\u00edmite de Panquehue con San Felipe. <\/div> <\/div> <\/div> <!-- close group --> <\/div> <!-- close row --> <div class=\"gallery-row\" style=\"width: 640px; height: 423px;\" data-original-width=\"640\" data-original-height=\"423\" > <div class=\"gallery-group images-1\" style=\"width: 640px; height: 423px;\" data-original-width=\"640\" data-original-height=\"423\" > <div class=\"tiled-gallery-item tiled-gallery-item-large\" itemprop=\"associatedMedia\" itemscope itemtype=\"http:\/\/schema.org\/ImageObject\"> <a href=\"https:\/\/eltrabajo.cl\/portal\/bomberos-realizaron-muestra-de-equipo-en-la-plaza-de-armas\/veterano33\/\" border=\"0\" itemprop=\"url\"> <meta itemprop=\"width\" content=\"636\"> <meta itemprop=\"height\" content=\"419\"> <img decoding=\"async\" class=\"\" data-attachment-id=\"67937\" data-orig-file=\"https:\/\/eltrabajo.cl\/portal\/wp-content\/uploads\/2016\/03\/Veterano33.jpg\" data-orig-size=\"530,349\" data-comments-opened=\"1\" data-image-meta=\"{&quot;aperture&quot;:&quot;0&quot;,&quot;credit&quot;:&quot;&quot;,&quot;camera&quot;:&quot;&quot;,&quot;caption&quot;:&quot;&quot;,&quot;created_timestamp&quot;:&quot;0&quot;,&quot;copyright&quot;:&quot;&quot;,&quot;focal_length&quot;:&quot;0&quot;,&quot;iso&quot;:&quot;0&quot;,&quot;shutter_speed&quot;:&quot;0&quot;,&quot;title&quot;:&quot;&quot;,&quot;orientation&quot;:&quot;0&quot;}\" data-image-title=\"SIEMPRE CHITO.- El experimentado \u2018Chito\u2019 Montenegro (derecha), es el bombero de mayor edad activo en el Cuerpo, \u00e9l comparti\u00f3 con sus pares m\u00e1s j\u00f3venes y con vecinos participantes.\" data-image-description=\"&lt;p&gt;SIEMPRE CHITO.- El experimentado \u2018Chito\u2019 Montenegro (derecha), es el bombero de mayor edad activo en el Cuerpo, \u00e9l comparti\u00f3 con sus pares m\u00e1s j\u00f3venes y con vecinos participantes.&lt;\/p&gt; \" data-medium-file=\"https:\/\/i0.wp.com\/eltrabajo.cl\/portal\/wp-content\/uploads\/2016\/03\/Veterano33.jpg?fit=300%2C198&#038;ssl=1\" data-large-file=\"https:\/\/i0.wp.com\/eltrabajo.cl\/portal\/wp-content\/uploads\/2016\/03\/Veterano33.jpg?fit=530%2C349&#038;ssl=1\" src=\"https:\/\/i0.wp.com\/eltrabajo.cl\/portal\/wp-content\/uploads\/2016\/03\/Veterano33.jpg?w=636&#038;h=419&#038;ssl=1\" srcset=\"https:\/\/i0.wp.com\/eltrabajo.cl\/portal\/wp-content\/uploads\/2016\/03\/Veterano33.jpg?w=530&amp;ssl=1 530w, https:\/\/i0.wp.com\/eltrabajo.cl\/portal\/wp-content\/uploads\/2016\/03\/Veterano33.jpg?resize=200%2C132&amp;ssl=1 200w, https:\/\/i0.wp.com\/eltrabajo.cl\/portal\/wp-content\/uploads\/2016\/03\/Veterano33.jpg?resize=300%2C198&amp;ssl=1 300w, https:\/\/i0.wp.com\/eltrabajo.cl\/portal\/wp-content\/uploads\/2016\/03\/Veterano33.jpg?resize=228%2C150&amp;ssl=1 228w, https:\/\/i0.wp.com\/eltrabajo.cl\/portal\/wp-content\/uploads\/2016\/03\/Veterano33.jpg?resize=400%2C263&amp;ssl=1 400w\" width=\"636\" height=\"419\" loading=\"lazy\" data-original-width=\"636\" data-original-height=\"419\" itemprop=\"http:\/\/schema.org\/image\" title=\"SIEMPRE CHITO.- El experimentado \u2018Chito\u2019 Montenegro (derecha), es el bombero de mayor edad activo en el Cuerpo, \u00e9l comparti\u00f3 con sus pares m\u00e1s j\u00f3venes y con vecinos participantes.\" alt=\"SIEMPRE CHITO.- El experimentado \u2018Chito\u2019 Montenegro (derecha), es el bombero de mayor edad activo en el Cuerpo, \u00e9l comparti\u00f3 con sus pares m\u00e1s j\u00f3venes y con vecinos participantes.\" style=\"width: 636px; height: 419px;\" \/> <\/a> <div class=\"tiled-gallery-caption\" itemprop=\"caption description\"> SIEMPRE CHITO.- El experimentado \u2018Chito\u2019 Montenegro (derecha), es el bombero de mayor edad activo en el Cuerpo, \u00e9l comparti\u00f3 con sus pares m\u00e1s j\u00f3venes y con vecinos participantes. <\/div> <\/div> <\/div> <!-- close group --> <\/div> <!-- close row --> <\/div>\n","protected":false},"excerpt":{"rendered":"<p>M\u00e1s que una muestra bomberil ofrecida al p\u00fablico, se trat\u00f3 de una jornada educativa en donde los \u2018Caballeros del Fuego\u2019 pudieron interactuar con los sanfelipe\u00f1os que participaron en la exhibici\u00f3n de herramientas&#8230;<\/p>\n","protected":false},"author":1,"featured_media":67935,"comment_status":"open","ping_status":"open","sticky":false,"template":"","format":"standard","meta":{"advanced_seo_description":"","jetpack_seo_html_title":"","jetpack_seo_noindex":false,"_jetpack_memberships_contains_paid_content":false,"footnotes":""},"categories":[15],"tags":[],"class_list":["post-67932","post","type-post","status-publish","format-standard","has-post-thumbnail","hentry","category-comunidad"],"jetpack_featured_media_url":"https:\/\/i0.wp.com\/eltrabajo.cl\/portal\/wp-content\/uploads\/2016\/03\/Charlas2.jpg?fit=530%2C349&ssl=1","jetpack_sharing_enabled":true,"jetpack_likes_enabled":true,"jetpack-related-posts":[],"_links":{"self":[{"href":"https:\/\/eltrabajo.cl\/portal\/wp-json\/wp\/v2\/posts\/67932","targetHints":{"allow":["GET"]}}],"collection":[{"href":"https:\/\/eltrabajo.cl\/portal\/wp-json\/wp\/v2\/posts"}],"about":[{"href":"https:\/\/eltrabajo.cl\/portal\/wp-json\/wp\/v2\/types\/post"}],"author":[{"embeddable":true,"href":"https:\/\/eltrabajo.cl\/portal\/wp-json\/wp\/v2\/users\/1"}],"replies":[{"embeddable":true,"href":"https:\/\/eltrabajo.cl\/portal\/wp-json\/wp\/v2\/comments?post=67932"}],"version-history":[{"count":0,"href":"https:\/\/eltrabajo.cl\/portal\/wp-json\/wp\/v2\/posts\/67932\/revisions"}],"wp:featuredmedia":[{"embeddable":true,"href":"https:\/\/eltrabajo.cl\/portal\/wp-json\/wp\/v2\/media\/67935"}],"wp:attachment":[{"href":"https:\/\/eltrabajo.cl\/portal\/wp-json\/wp\/v2\/media?parent=67932"}],"wp:term":[{"taxonomy":"category","embeddable":true,"href":"https:\/\/eltrabajo.cl\/portal\/wp-json\/wp\/v2\/categories?post=67932"},{"taxonomy":"post_tag","embeddable":true,"href":"https:\/\/eltrabajo.cl\/portal\/wp-json\/wp\/v2\/tags?post=67932"}],"curies":[{"name":"wp","href":"https:\/\/api.w.org\/{rel}","templated":true}]}}