{"id":67939,"date":"2016-03-21T08:05:51","date_gmt":"2016-03-21T11:05:51","guid":{"rendered":"http:\/\/www.eltrabajo.cl\/portal\/?p=67939"},"modified":"2016-03-21T08:05:51","modified_gmt":"2016-03-21T11:05:51","slug":"entregan-subsidios-a-174-familias-para-comprar-o-construir-una-vivienda","status":"publish","type":"post","link":"https:\/\/eltrabajo.cl\/portal\/entregan-subsidios-a-174-familias-para-comprar-o-construir-una-vivienda\/","title":{"rendered":"Entregan subsidios a 174 familias para comprar o construir una vivienda"},"content":{"rendered":"<figure id=\"attachment_67940\" aria-describedby=\"caption-attachment-67940\" style=\"width: 530px\" class=\"wp-caption alignleft\"><a href=\"http:\/\/www.eltrabajo.cl\/portal\/entregan-subsidios-a-174-familias-para-comprar-o-construir-una-vivienda\/subsidio-sector-medio-san-felipe\/\" rel=\"attachment wp-att-67940\"><img data-recalc-dims=\"1\" loading=\"lazy\" decoding=\"async\" class=\"size-full wp-image-67940\" src=\"https:\/\/i0.wp.com\/www.eltrabajo.cl\/portal\/wp-content\/uploads\/2016\/03\/Subsidio-Sector-medio-San-Felipe.jpg?resize=530%2C350\" alt=\"Muy contentos estaban parte de los 174 beneficiados con la entrega del subsidio para sectores medios que entreg\u00f3 el Gobernador junto al Director Regional de Serviu.\" width=\"530\" height=\"350\" srcset=\"https:\/\/i0.wp.com\/eltrabajo.cl\/portal\/wp-content\/uploads\/2016\/03\/Subsidio-Sector-medio-San-Felipe.jpg?w=530&amp;ssl=1 530w, https:\/\/i0.wp.com\/eltrabajo.cl\/portal\/wp-content\/uploads\/2016\/03\/Subsidio-Sector-medio-San-Felipe.jpg?resize=200%2C132&amp;ssl=1 200w, https:\/\/i0.wp.com\/eltrabajo.cl\/portal\/wp-content\/uploads\/2016\/03\/Subsidio-Sector-medio-San-Felipe.jpg?resize=300%2C198&amp;ssl=1 300w, https:\/\/i0.wp.com\/eltrabajo.cl\/portal\/wp-content\/uploads\/2016\/03\/Subsidio-Sector-medio-San-Felipe.jpg?resize=227%2C150&amp;ssl=1 227w, https:\/\/i0.wp.com\/eltrabajo.cl\/portal\/wp-content\/uploads\/2016\/03\/Subsidio-Sector-medio-San-Felipe.jpg?resize=400%2C264&amp;ssl=1 400w\" sizes=\"auto, (max-width: 530px) 100vw, 530px\" \/><\/a><figcaption id=\"caption-attachment-67940\" class=\"wp-caption-text\">Muy contentos estaban parte de los 174 beneficiados con la entrega del subsidio para sectores medios que entreg\u00f3 el Gobernador junto al Director Regional de Serviu.<\/figcaption><\/figure>\n<p>Se trata de personas que postularon al programa de subsidio para sectores medios y que resultaron beneficiadas, lo que les permitir\u00e1 comprar una vivienda o construir una propia.<br \/>\nCon alegr\u00eda y emoci\u00f3n, las 174 familias de la Provincia de San Felipe recibieron este viernes los subsidios para \u2018sectores medios\u2019 de manos del Ministerio de Vivienda y Urbanismo, correspondientes al \u00faltimo llamado 2015.<br \/>\nLa actividad, que tuvo lugar en la Plaza C\u00edvica de San Felipe, tambi\u00e9n congreg\u00f3 a autoridades de la zona encabezadas por el Gobernador Eduardo Le\u00f3n y el Director Regional de Serviu, quienes le hicieron entrega de este anhelo a cada una de las familias.<br \/>\nEl beneficio les permitir\u00e1 adquirir viviendas nuevas o usadas, de hasta 2 mil UF, que est\u00e9n en el mercado inmobiliario o construir viviendas cuyo costo en construcci\u00f3n no supere los 2 mil UF.<br \/>\nManuel Le\u00f3n, Director Regional de Serviu, manifest\u00f3 que \u201cac\u00e1, cada una de estas familias, pueden concretar el sue\u00f1o de su vivienda propia y eso nos pone muy contentos. Es importante se\u00f1alar que en este subsidio, nosotros ponemos cierta cantidad de dinero y, para aquellas que tienen la capacidad crediticia y que pueden comprar estas casas\u201d, asegur\u00f3.<br \/>\nEn tanto, la m\u00e1xima autoridad de la Provincia enfatiz\u00f3 que \u201choy hay una restricci\u00f3n presupuestaria, pero el Gobierno de la Presidenta Bachelet no ha acortado los programas sociales. Nosotros, junto al director, estamos entregando esto. Aprovecharemos de ver algunos proyectos de vivienda en construcci\u00f3n y lo que queremos es que m\u00e1s familias de clase media obtengan su casa propia\u201d, destac\u00f3 el Gobernador Le\u00f3n.<br \/>\nCabe se\u00f1alar que el primer llamado de postulaci\u00f3n 2016 comienza en abril, por lo que quienes quieran postular al programa deben acreditar su ahorro a m\u00e1s tardar el pr\u00f3ximo 31 de marzo. Se puede postular de manera presencial en delegaciones provinciales de Serviu o por internet a trav\u00e9s de www.minvu.cl.<\/p>\n<p><strong>SUBSIDIOS POR COMUNA<\/strong><br \/>\nLos subsidios entregados a las familias de la Provincia se dividieron de la siguiente manera: 32 para Catemu, 44 para Llay Llay, 5 para Panquehue, 17 para Putaendo, 4 para Santa Mar\u00eda y 72 para San Felipe.<br \/>\nPara este a\u00f1o, el Minvu implement\u00f3 modificaciones que permitir\u00e1 ampliar, diversificar y facilitar el acceso a la vivienda para las familias de sectores medios, mejorando el sistema de financiamiento, la focalizaci\u00f3n y la operatoria: Se aument\u00f3 el subsidio base, se extendi\u00f3 la posibilidad de optar al cr\u00e9dito hipotecario para todos los tramos, se estableci\u00f3 un puntaje adicional para aquellos postulantes que sean voluntarios a bomberos y para quienes sean o vivan con adultos mayores.<\/p>\n","protected":false},"excerpt":{"rendered":"<p>Se trata de personas que postularon al programa de subsidio para sectores medios y que resultaron beneficiadas, lo que les permitir\u00e1 comprar una vivienda o construir una propia. Con alegr\u00eda y emoci\u00f3n,&#8230;<\/p>\n","protected":false},"author":1,"featured_media":67940,"comment_status":"open","ping_status":"open","sticky":false,"template":"","format":"standard","meta":{"advanced_seo_description":"","jetpack_seo_html_title":"","jetpack_seo_noindex":false,"_jetpack_memberships_contains_paid_content":false,"footnotes":""},"categories":[1],"tags":[],"class_list":["post-67939","post","type-post","status-publish","format-standard","has-post-thumbnail","hentry","category-cronica"],"jetpack_featured_media_url":"https:\/\/i0.wp.com\/eltrabajo.cl\/portal\/wp-content\/uploads\/2016\/03\/Subsidio-Sector-medio-San-Felipe.jpg?fit=530%2C350&ssl=1","jetpack_sharing_enabled":true,"jetpack_likes_enabled":true,"jetpack-related-posts":[],"_links":{"self":[{"href":"https:\/\/eltrabajo.cl\/portal\/wp-json\/wp\/v2\/posts\/67939","targetHints":{"allow":["GET"]}}],"collection":[{"href":"https:\/\/eltrabajo.cl\/portal\/wp-json\/wp\/v2\/posts"}],"about":[{"href":"https:\/\/eltrabajo.cl\/portal\/wp-json\/wp\/v2\/types\/post"}],"author":[{"embeddable":true,"href":"https:\/\/eltrabajo.cl\/portal\/wp-json\/wp\/v2\/users\/1"}],"replies":[{"embeddable":true,"href":"https:\/\/eltrabajo.cl\/portal\/wp-json\/wp\/v2\/comments?post=67939"}],"version-history":[{"count":0,"href":"https:\/\/eltrabajo.cl\/portal\/wp-json\/wp\/v2\/posts\/67939\/revisions"}],"wp:featuredmedia":[{"embeddable":true,"href":"https:\/\/eltrabajo.cl\/portal\/wp-json\/wp\/v2\/media\/67940"}],"wp:attachment":[{"href":"https:\/\/eltrabajo.cl\/portal\/wp-json\/wp\/v2\/media?parent=67939"}],"wp:term":[{"taxonomy":"category","embeddable":true,"href":"https:\/\/eltrabajo.cl\/portal\/wp-json\/wp\/v2\/categories?post=67939"},{"taxonomy":"post_tag","embeddable":true,"href":"https:\/\/eltrabajo.cl\/portal\/wp-json\/wp\/v2\/tags?post=67939"}],"curies":[{"name":"wp","href":"https:\/\/api.w.org\/{rel}","templated":true}]}}