{"id":67958,"date":"2016-03-21T08:21:36","date_gmt":"2016-03-21T11:21:36","guid":{"rendered":"http:\/\/www.eltrabajo.cl\/portal\/?p=67958"},"modified":"2016-03-21T08:21:36","modified_gmt":"2016-03-21T11:21:36","slug":"siniestro-destruyo-dos-inmuebles-en-la-poblacion-ambrosio-ohiggins","status":"publish","type":"post","link":"https:\/\/eltrabajo.cl\/portal\/siniestro-destruyo-dos-inmuebles-en-la-poblacion-ambrosio-ohiggins\/","title":{"rendered":"Siniestro destruy\u00f3 dos inmuebles en la poblaci\u00f3n Ambrosio O\u2019Higgins"},"content":{"rendered":"<figure id=\"attachment_67959\" aria-describedby=\"caption-attachment-67959\" style=\"width: 530px\" class=\"wp-caption alignleft\"><a href=\"http:\/\/www.eltrabajo.cl\/portal\/siniestro-destruyo-dos-inmuebles-en-la-poblacion-ambrosio-ohiggins\/incendio-los-andes-3\/\" rel=\"attachment wp-att-67959\"><img data-recalc-dims=\"1\" loading=\"lazy\" decoding=\"async\" class=\"size-full wp-image-67959\" src=\"https:\/\/i0.wp.com\/www.eltrabajo.cl\/portal\/wp-content\/uploads\/2016\/03\/Incendio-Los-Andes-3.jpg?resize=530%2C349\" alt=\"Una vivienda result\u00f3 completamente destruida y la otra con da\u00f1os en un 80% de su estructura.\" width=\"530\" height=\"349\" srcset=\"https:\/\/i0.wp.com\/eltrabajo.cl\/portal\/wp-content\/uploads\/2016\/03\/Incendio-Los-Andes-3.jpg?w=530&amp;ssl=1 530w, https:\/\/i0.wp.com\/eltrabajo.cl\/portal\/wp-content\/uploads\/2016\/03\/Incendio-Los-Andes-3.jpg?resize=200%2C132&amp;ssl=1 200w, https:\/\/i0.wp.com\/eltrabajo.cl\/portal\/wp-content\/uploads\/2016\/03\/Incendio-Los-Andes-3.jpg?resize=300%2C198&amp;ssl=1 300w, https:\/\/i0.wp.com\/eltrabajo.cl\/portal\/wp-content\/uploads\/2016\/03\/Incendio-Los-Andes-3.jpg?resize=228%2C150&amp;ssl=1 228w, https:\/\/i0.wp.com\/eltrabajo.cl\/portal\/wp-content\/uploads\/2016\/03\/Incendio-Los-Andes-3.jpg?resize=400%2C263&amp;ssl=1 400w\" sizes=\"auto, (max-width: 530px) 100vw, 530px\" \/><\/a><figcaption id=\"caption-attachment-67959\" class=\"wp-caption-text\">Una vivienda result\u00f3 completamente destruida y la otra con da\u00f1os en un 80% de su estructura.<\/figcaption><\/figure>\n<p><strong>LOS ANDES.-<\/strong> Un incendio de grandes proporciones afect\u00f3 a dos casas de la poblaci\u00f3n Ambrosio O\u2019Higgins la ma\u00f1ana del pasado viernes, dejando una de ellas completamente destruida y la otra con da\u00f1os en un 80% de su estructura.<br \/>\nLa emergencia se produjo a eso de las 9:30 horas en la casa ubicada en la esquina del pasaje Pedro Lagos con Saavedra, propag\u00e1ndose r\u00e1pidamente al inmueble contiguo.<br \/>\nLa gran columna de humo emanada del siniestro era visible desde distintos puntos de la ciudad lo que gener\u00f3 preocupaci\u00f3n y alarma entre los vecinos del sector.<br \/>\nA ra\u00edz de ello debieron concurrir unidades de cinco compa\u00f1\u00edas del Cuerpo de Bomberos de Los Andes que tras casi una hora lograron controlar el fuego y evitar la propagaci\u00f3n hacia m\u00e1s casas colindantes, ya que la mayor\u00eda son construcciones antiguas de madera.<br \/>\nInicialmente se inform\u00f3 que el fuego se inici\u00f3 en una dependencia interior, no obstante que los peritajes de bomberos deber\u00e1n establecer el origen de las llamas.<br \/>\nEl Comandante del Cuerpo de Bomberos de Los Andes Jhonny Arriaza Pueyes, inform\u00f3 que fue un bombero quien llam\u00f3 a la central avisando sobre la presencia de fuego violento en uno de los inmuebles, \u201cpor lo que se procede al despacho de dos carros bombas hacia el sector, cuando uno de los carros bombas desde el centro se percata de la gran cantidad de humo se ordena despachar dos carros bombas m\u00e1s y al momento de llegar al lugar del siniestro la otra persona a cargo procede a dar la alarma general de incendio, lo que significa que todos los recursos los acotamos hacia esta emergencia por el peligro de propagaci\u00f3n que existe en este conjunto habitacional\u201d.<br \/>\nPrecis\u00f3 que hasta el momento no tienen ning\u00fan indicio ni tampoco raz\u00f3n de las causas que originaron este siniestro, \u201cpor lo que el equipo de investigaci\u00f3n de nuestra compa\u00f1\u00eda se encuentra trabajando y no se descarta ninguna hip\u00f3tesis\u201d.<br \/>\n\u201cEn este conjunto habitacional hay ampliaciones que no se encuentran regularizadas y no se conocen los tipos de conexiones el\u00e9ctricas con que cuentan, las casa est\u00e1n construidas de manera continua, por lo tanto no podemos descartar ning\u00fan tipo de ignici\u00f3n del incendio ya sea el\u00e9ctrico, intencional, no se puede descartar ninguna\u201d, adelant\u00f3 el Comandante.<br \/>\nA\u00f1adi\u00f3 que para poder controlar la emergencia debieron acudir setenta voluntarios y diez carros bomba, resultando dos personas lesionadas.<br \/>\nEl Comandante Arriaza advirti\u00f3 que en este caso hubo demora en el llamado porque los mismos vecinos intentaron controlar el fuego y solo mediante la comunicaci\u00f3n hecha por el voluntario que vio humo se pudo llegar prontamente, \u201clo cual significa la p\u00e9rdida de tiempo muy valiosa, una casa de estas caracter\u00edsticas que son de material ligero en cinco minutos se quema en un cien por ciento y hoy as\u00ed se pudo constatar, ya que cuando llego el primer carro una de las casas la de la esquina estaba totalmente consumida por el incendio y afectando las casas laterales\u201d.<br \/>\nEl padre de la propietaria de la casa donde se inici\u00f3 el fuego, Santiago Mu\u00f1oz Osorio, afirm\u00f3 que el fuego se pudo haber iniciado por una falla el\u00e9ctrica, \u201cpero la casa se quem\u00f3 completamente, solamente alcanzamos sacar dos televisores y un colch\u00f3n, aqu\u00ed vive mi hija, mi yerno y dos ni\u00f1os\u201d.<br \/>\nSaavedra critic\u00f3 la supuesta tardanza en la llegada de bomberos, \u201cse demoraron mucho, nosotros tiramos agua lo que m\u00e1s pudimos ya sea con mangueras, baldes y lo que pod\u00edamos juntar y de ah\u00ed no pudimos hacer nada mas ya que se nos empez\u00f3 a caer el techo, la mayor\u00eda de los vecinos trato de ayudarnos en controlar el fuego pero fue imposible\u201d.<br \/>\nAgreg\u00f3 que la casa estaba sin moradores al momento de iniciarse el fuego ya que en esos momentos su hija y yerno hab\u00edan ido a dejar a los ni\u00f1os al colegio.<br \/>\nAl lugar tambi\u00e9n concurri\u00f3 la unidad de emergencia de la Municipalidad de Los Andes a fin de evaluar los da\u00f1os y brindar ayuda a los afectados.<\/p>\n<figure id=\"attachment_67960\" aria-describedby=\"caption-attachment-67960\" style=\"width: 530px\" class=\"wp-caption alignleft\"><a href=\"http:\/\/www.eltrabajo.cl\/portal\/siniestro-destruyo-dos-inmuebles-en-la-poblacion-ambrosio-ohiggins\/incendio-los-andes-2\/\" rel=\"attachment wp-att-67960\"><img data-recalc-dims=\"1\" loading=\"lazy\" decoding=\"async\" class=\"size-full wp-image-67960\" src=\"https:\/\/i0.wp.com\/www.eltrabajo.cl\/portal\/wp-content\/uploads\/2016\/03\/Incendio-Los-Andes-2.jpg?resize=530%2C350\" alt=\"El incendio se produjo durante la ma\u00f1ana del pasado viernes en dos viviendas ubicadas en la esquina del pasaje Pedro Lagos con Saavedra, de la poblaci\u00f3n Ambrosio O\u2019Higgins.\" width=\"530\" height=\"350\" srcset=\"https:\/\/i0.wp.com\/eltrabajo.cl\/portal\/wp-content\/uploads\/2016\/03\/Incendio-Los-Andes-2.jpg?w=530&amp;ssl=1 530w, https:\/\/i0.wp.com\/eltrabajo.cl\/portal\/wp-content\/uploads\/2016\/03\/Incendio-Los-Andes-2.jpg?resize=200%2C132&amp;ssl=1 200w, https:\/\/i0.wp.com\/eltrabajo.cl\/portal\/wp-content\/uploads\/2016\/03\/Incendio-Los-Andes-2.jpg?resize=300%2C198&amp;ssl=1 300w, https:\/\/i0.wp.com\/eltrabajo.cl\/portal\/wp-content\/uploads\/2016\/03\/Incendio-Los-Andes-2.jpg?resize=227%2C150&amp;ssl=1 227w, https:\/\/i0.wp.com\/eltrabajo.cl\/portal\/wp-content\/uploads\/2016\/03\/Incendio-Los-Andes-2.jpg?resize=400%2C264&amp;ssl=1 400w\" sizes=\"auto, (max-width: 530px) 100vw, 530px\" \/><\/a><figcaption id=\"caption-attachment-67960\" class=\"wp-caption-text\">El incendio se produjo durante la ma\u00f1ana del pasado viernes en dos viviendas ubicadas en la esquina del pasaje Pedro Lagos con Saavedra, de la poblaci\u00f3n Ambrosio O\u2019Higgins.<\/figcaption><\/figure>\n","protected":false},"excerpt":{"rendered":"<p>LOS ANDES.- Un incendio de grandes proporciones afect\u00f3 a dos casas de la poblaci\u00f3n Ambrosio O\u2019Higgins la ma\u00f1ana del pasado viernes, dejando una de ellas completamente destruida y la otra con da\u00f1os&#8230;<\/p>\n","protected":false},"author":1,"featured_media":67960,"comment_status":"open","ping_status":"open","sticky":false,"template":"","format":"standard","meta":{"advanced_seo_description":"","jetpack_seo_html_title":"","jetpack_seo_noindex":false,"_jetpack_memberships_contains_paid_content":false,"footnotes":""},"categories":[21],"tags":[],"class_list":["post-67958","post","type-post","status-publish","format-standard","has-post-thumbnail","hentry","category-policial"],"jetpack_featured_media_url":"https:\/\/i0.wp.com\/eltrabajo.cl\/portal\/wp-content\/uploads\/2016\/03\/Incendio-Los-Andes-2.jpg?fit=530%2C350&ssl=1","jetpack_sharing_enabled":true,"jetpack_likes_enabled":true,"jetpack-related-posts":[],"_links":{"self":[{"href":"https:\/\/eltrabajo.cl\/portal\/wp-json\/wp\/v2\/posts\/67958","targetHints":{"allow":["GET"]}}],"collection":[{"href":"https:\/\/eltrabajo.cl\/portal\/wp-json\/wp\/v2\/posts"}],"about":[{"href":"https:\/\/eltrabajo.cl\/portal\/wp-json\/wp\/v2\/types\/post"}],"author":[{"embeddable":true,"href":"https:\/\/eltrabajo.cl\/portal\/wp-json\/wp\/v2\/users\/1"}],"replies":[{"embeddable":true,"href":"https:\/\/eltrabajo.cl\/portal\/wp-json\/wp\/v2\/comments?post=67958"}],"version-history":[{"count":0,"href":"https:\/\/eltrabajo.cl\/portal\/wp-json\/wp\/v2\/posts\/67958\/revisions"}],"wp:featuredmedia":[{"embeddable":true,"href":"https:\/\/eltrabajo.cl\/portal\/wp-json\/wp\/v2\/media\/67960"}],"wp:attachment":[{"href":"https:\/\/eltrabajo.cl\/portal\/wp-json\/wp\/v2\/media?parent=67958"}],"wp:term":[{"taxonomy":"category","embeddable":true,"href":"https:\/\/eltrabajo.cl\/portal\/wp-json\/wp\/v2\/categories?post=67958"},{"taxonomy":"post_tag","embeddable":true,"href":"https:\/\/eltrabajo.cl\/portal\/wp-json\/wp\/v2\/tags?post=67958"}],"curies":[{"name":"wp","href":"https:\/\/api.w.org\/{rel}","templated":true}]}}