{"id":67963,"date":"2016-03-21T08:23:04","date_gmt":"2016-03-21T11:23:04","guid":{"rendered":"http:\/\/www.eltrabajo.cl\/portal\/?p=67963"},"modified":"2016-03-21T08:41:20","modified_gmt":"2016-03-21T11:41:20","slug":"delincuente-que-sustrajo-cilindro-de-gas-fue-condenado-a-541-dias-de-reclusion-nocturna","status":"publish","type":"post","link":"https:\/\/eltrabajo.cl\/portal\/delincuente-que-sustrajo-cilindro-de-gas-fue-condenado-a-541-dias-de-reclusion-nocturna\/","title":{"rendered":"Delincuente que rob\u00f3 cilindro de gas condenado a 541 d\u00edas reclusi\u00f3n nocturna"},"content":{"rendered":"<figure id=\"attachment_67964\" aria-describedby=\"caption-attachment-67964\" style=\"width: 530px\" class=\"wp-caption alignleft\"><a href=\"http:\/\/www.eltrabajo.cl\/portal\/delincuente-que-sustrajo-cilindro-de-gas-fue-condenado-a-541-dias-de-reclusion-nocturna\/cristian_munoz_munoz2\/\" rel=\"attachment wp-att-67964\"><img data-recalc-dims=\"1\" loading=\"lazy\" decoding=\"async\" class=\"size-full wp-image-67964\" src=\"https:\/\/i0.wp.com\/www.eltrabajo.cl\/portal\/wp-content\/uploads\/2016\/03\/cristian_munoz_munoz2.jpg?resize=530%2C349\" alt=\"Cristian Mu\u00f1oz deber\u00e1 cumplir una condena de 541 d\u00edas de reclusi\u00f3n nocturna por el robo de un cilindro de gas.\" width=\"530\" height=\"349\" srcset=\"https:\/\/i0.wp.com\/eltrabajo.cl\/portal\/wp-content\/uploads\/2016\/03\/cristian_munoz_munoz2.jpg?w=530&amp;ssl=1 530w, https:\/\/i0.wp.com\/eltrabajo.cl\/portal\/wp-content\/uploads\/2016\/03\/cristian_munoz_munoz2.jpg?resize=200%2C132&amp;ssl=1 200w, https:\/\/i0.wp.com\/eltrabajo.cl\/portal\/wp-content\/uploads\/2016\/03\/cristian_munoz_munoz2.jpg?resize=300%2C198&amp;ssl=1 300w, https:\/\/i0.wp.com\/eltrabajo.cl\/portal\/wp-content\/uploads\/2016\/03\/cristian_munoz_munoz2.jpg?resize=228%2C150&amp;ssl=1 228w, https:\/\/i0.wp.com\/eltrabajo.cl\/portal\/wp-content\/uploads\/2016\/03\/cristian_munoz_munoz2.jpg?resize=400%2C263&amp;ssl=1 400w\" sizes=\"auto, (max-width: 530px) 100vw, 530px\" \/><\/a><figcaption id=\"caption-attachment-67964\" class=\"wp-caption-text\">Cristian Mu\u00f1oz deber\u00e1 cumplir una condena de 541 d\u00edas de reclusi\u00f3n nocturna por el robo de un cilindro de gas.<\/figcaption><\/figure>\n<p><strong>Antisocial pas\u00f3 ocho meses en prisi\u00f3n preventiva por este delito perpetrado en una vivienda de la villa Los Jardines.<\/strong><br \/>\n<strong>LOS ANDES.-<\/strong> A 541 d\u00edas de c\u00e1rcel con el beneficio de la reclusi\u00f3n nocturna fue condenado en juicio abreviado el delincuente habitual Cristi\u00e1n Rodrigo Mu\u00f1oz Mu\u00f1oz (40), quien se encontraba en prisi\u00f3n preventiva por el robo de un cilindro de gas desde un domicilio en el sector sur de Los Andes.<br \/>\nEl caso de remonta a la madrugada del viernes 24 de julio de 2015, cuando Mu\u00f1oz ingres\u00f3 mediante escalamiento del cierre perimetral a una vivienda ubicada en la calle Gregorio Meneses de la villa Los Jardines y una vez en el patio sustrajo un cilindro de gas.<br \/>\nEl delincuente fue descubierto por los due\u00f1os de casa, ante lo cual se dio a la fuga en direcci\u00f3n hacia las poblaciones aleda\u00f1as.<br \/>\nEl due\u00f1o de casa llam\u00f3 a Carabineros y pocos minutos despu\u00e9s en un patrullaje por el sector se logr\u00f3 dar con el paradero del antisocial y capturarlo.<br \/>\nEl antisocial registra un nutrido prontuario policial y una vez puesto a disposici\u00f3n del Tribunal fue formalizado por robo en lugar habitado y qued\u00f3 en prisi\u00f3n preventiva por ser considerado un peligro para la seguridad de la sociedad.<br \/>\nTras ocho meses privado de libertad el Ministerio P\u00fablico le ofreci\u00f3 un juicio abreviado si aceptaba su responsabilidad en los hechos, raz\u00f3n por la cual el sujeto fue condenado a 541 con este beneficio de dormir todas las noches en la c\u00e1rcel a fin propender con ello a su reinserci\u00f3n social.<\/p>\n","protected":false},"excerpt":{"rendered":"<p>Antisocial pas\u00f3 ocho meses en prisi\u00f3n preventiva por este delito perpetrado en una vivienda de la villa Los Jardines. LOS ANDES.- A 541 d\u00edas de c\u00e1rcel con el beneficio de la reclusi\u00f3n&#8230;<\/p>\n","protected":false},"author":1,"featured_media":67964,"comment_status":"open","ping_status":"open","sticky":false,"template":"","format":"standard","meta":{"advanced_seo_description":"","jetpack_seo_html_title":"","jetpack_seo_noindex":false,"_jetpack_memberships_contains_paid_content":false,"footnotes":""},"categories":[21],"tags":[],"class_list":["post-67963","post","type-post","status-publish","format-standard","has-post-thumbnail","hentry","category-policial"],"jetpack_featured_media_url":"https:\/\/i0.wp.com\/eltrabajo.cl\/portal\/wp-content\/uploads\/2016\/03\/cristian_munoz_munoz2.jpg?fit=530%2C349&ssl=1","jetpack_sharing_enabled":true,"jetpack_likes_enabled":true,"jetpack-related-posts":[],"_links":{"self":[{"href":"https:\/\/eltrabajo.cl\/portal\/wp-json\/wp\/v2\/posts\/67963","targetHints":{"allow":["GET"]}}],"collection":[{"href":"https:\/\/eltrabajo.cl\/portal\/wp-json\/wp\/v2\/posts"}],"about":[{"href":"https:\/\/eltrabajo.cl\/portal\/wp-json\/wp\/v2\/types\/post"}],"author":[{"embeddable":true,"href":"https:\/\/eltrabajo.cl\/portal\/wp-json\/wp\/v2\/users\/1"}],"replies":[{"embeddable":true,"href":"https:\/\/eltrabajo.cl\/portal\/wp-json\/wp\/v2\/comments?post=67963"}],"version-history":[{"count":0,"href":"https:\/\/eltrabajo.cl\/portal\/wp-json\/wp\/v2\/posts\/67963\/revisions"}],"wp:featuredmedia":[{"embeddable":true,"href":"https:\/\/eltrabajo.cl\/portal\/wp-json\/wp\/v2\/media\/67964"}],"wp:attachment":[{"href":"https:\/\/eltrabajo.cl\/portal\/wp-json\/wp\/v2\/media?parent=67963"}],"wp:term":[{"taxonomy":"category","embeddable":true,"href":"https:\/\/eltrabajo.cl\/portal\/wp-json\/wp\/v2\/categories?post=67963"},{"taxonomy":"post_tag","embeddable":true,"href":"https:\/\/eltrabajo.cl\/portal\/wp-json\/wp\/v2\/tags?post=67963"}],"curies":[{"name":"wp","href":"https:\/\/api.w.org\/{rel}","templated":true}]}}