{"id":67967,"date":"2016-03-21T08:25:45","date_gmt":"2016-03-21T11:25:45","guid":{"rendered":"http:\/\/www.eltrabajo.cl\/portal\/?p=67967"},"modified":"2016-03-21T08:25:45","modified_gmt":"2016-03-21T11:25:45","slug":"asaltan-a-trabajador-y-roban-computadores-de-lectura-de-oficina-esval","status":"publish","type":"post","link":"https:\/\/eltrabajo.cl\/portal\/asaltan-a-trabajador-y-roban-computadores-de-lectura-de-oficina-esval\/","title":{"rendered":"Asaltan a trabajador y roban computadores de lectura de oficina Esval"},"content":{"rendered":"<figure id=\"attachment_67968\" aria-describedby=\"caption-attachment-67968\" style=\"width: 530px\" class=\"wp-caption alignleft\"><a href=\"http:\/\/www.eltrabajo.cl\/portal\/asaltan-a-trabajador-y-roban-computadores-de-lectura-de-oficina-esval\/manuel-alejandro-ahumada-aguilera\/\" rel=\"attachment wp-att-67968\"><img data-recalc-dims=\"1\" loading=\"lazy\" decoding=\"async\" class=\"size-full wp-image-67968\" src=\"https:\/\/i0.wp.com\/www.eltrabajo.cl\/portal\/wp-content\/uploads\/2016\/03\/MANUEL-ALEJANDRO-AHUMADA-AGUILERA.jpg?resize=530%2C350\" alt=\"M. A. A. recuper\u00f3 su libertad con m\u00ednimas cautelares de firma mensual en Carabineros.\" width=\"530\" height=\"350\" srcset=\"https:\/\/i0.wp.com\/eltrabajo.cl\/portal\/wp-content\/uploads\/2016\/03\/MANUEL-ALEJANDRO-AHUMADA-AGUILERA.jpg?w=530&amp;ssl=1 530w, https:\/\/i0.wp.com\/eltrabajo.cl\/portal\/wp-content\/uploads\/2016\/03\/MANUEL-ALEJANDRO-AHUMADA-AGUILERA.jpg?resize=200%2C132&amp;ssl=1 200w, https:\/\/i0.wp.com\/eltrabajo.cl\/portal\/wp-content\/uploads\/2016\/03\/MANUEL-ALEJANDRO-AHUMADA-AGUILERA.jpg?resize=300%2C198&amp;ssl=1 300w, https:\/\/i0.wp.com\/eltrabajo.cl\/portal\/wp-content\/uploads\/2016\/03\/MANUEL-ALEJANDRO-AHUMADA-AGUILERA.jpg?resize=227%2C150&amp;ssl=1 227w, https:\/\/i0.wp.com\/eltrabajo.cl\/portal\/wp-content\/uploads\/2016\/03\/MANUEL-ALEJANDRO-AHUMADA-AGUILERA.jpg?resize=400%2C264&amp;ssl=1 400w\" sizes=\"auto, (max-width: 530px) 100vw, 530px\" \/><\/a><figcaption id=\"caption-attachment-67968\" class=\"wp-caption-text\">M. A. A. recuper\u00f3 su libertad con m\u00ednimas cautelares de firma mensual en Carabineros.<\/figcaption><\/figure>\n<p><strong>Avaluados en m\u00e1s de tres millones y medio de pesos:<\/strong><\/p>\n<p>Dos delincuentes irrumpieron en las oficinas de calle San Mart\u00edn, lugar donde sustrajeron los art\u00edculos tecnol\u00f3gicos de medici\u00f3n, intimidando a un trabajador que retornaba de su jornada laboral la tarde de este viernes.<br \/>\nDos antisociales fueron detenidos por Carabineros luego de asaltar a un trabajador y robar trece computadores de lectura de la empresa Esval, avaluados en m\u00e1s de tres millones y medio de pesos, desde sus oficinas ubicadas en calle San Mart\u00edn 164 en San Felipe.<br \/>\nEl delito fue denunciado a Carabineros por el trabajador v\u00edctima de estos hechos, de 21 a\u00f1os de edad, quien en horas de la tarde del pasado viernes, mientras se dirig\u00eda a su lugar de trabajo, observ\u00f3 desde la oficina a dos individuos desconocidos que lo intimidaron verbalmente y de manera agresiva lo obligaron a hacer entrega de un computador de lectura de medidores marca Intermec.<br \/>\nPosteriormente los antisociales huyeron hacia calle Salinas y de ah\u00ed en direcci\u00f3n a la Plaza de Armas de la ciudad, instantes en que Carabineros tom\u00f3 conocimiento de estos hechos luego de la denuncia que realiz\u00f3 el afectado. La v\u00edctima proporcion\u00f3 los antecedentes a los uniformados tras descubrir que los delincuentes circulaban por el centro de San Felipe.<br \/>\nEn minutos los efectivos policiales capturaron a estos sujetos quienes portaban al interior de una mochila los trece computadores de lectura y 10 cables de conexi\u00f3n USB. Los operativos continuaron en las oficinas de esta empresa confirmando que los sujetos irrumpieron escalando un muro de ladrillos con protecci\u00f3n para acceder a las dependencias, perpetrando el robo de las especies avaluadas en la suma de $3.650.000.<br \/>\nLos imputados fueron identificados como M. A. A. A. de 24 a\u00f1os de edad, sin antecedentes policiales y Joaqu\u00edn Alexander Arias Estay, de 22 a\u00f1os, ambos domiciliados en la villa 250 A\u00f1os de San Felipe. Este \u00faltimo mantiene un prontuario por delito de hurto y robo por sorpresa y robo de accesorios de veh\u00edculos.<br \/>\nSu detenci\u00f3n fue controlada en el Juzgado de Garant\u00eda de San Felipe por los delitos de robo con intimidaci\u00f3n y robo en lugar habitado. El tribunal asign\u00f3 m\u00ednimas cautelares para el primero de los nombrados con firma mensual y arraigo nacional, mientras que Arias Estay deber\u00e1 permanecer recluido las 24 horas en su domicilio por el per\u00edodo fijado para la investigaci\u00f3n a cargo de la Fiscal\u00eda de San Felipe.<br \/>\n<strong>Pablo Salinas Sald\u00edas<\/strong><\/p>\n<figure id=\"attachment_67969\" aria-describedby=\"caption-attachment-67969\" style=\"width: 530px\" class=\"wp-caption alignleft\"><a href=\"http:\/\/www.eltrabajo.cl\/portal\/asaltan-a-trabajador-y-roban-computadores-de-lectura-de-oficina-esval\/joaquin-arias-estay\/\" rel=\"attachment wp-att-67969\"><img data-recalc-dims=\"1\" loading=\"lazy\" decoding=\"async\" class=\"size-full wp-image-67969\" src=\"https:\/\/i0.wp.com\/www.eltrabajo.cl\/portal\/wp-content\/uploads\/2016\/03\/JOAQUIN-ARIAS-ESTAY.jpg?resize=530%2C349\" alt=\"El imputado Joaqu\u00edn Arias Estay cuenta con amplio prontuario por diversos delitos de robo y hurto. Tras ser formalizado en tribunales deber\u00e1 permanecer recluido en su domicilio.\" width=\"530\" height=\"349\" srcset=\"https:\/\/i0.wp.com\/eltrabajo.cl\/portal\/wp-content\/uploads\/2016\/03\/JOAQUIN-ARIAS-ESTAY.jpg?w=530&amp;ssl=1 530w, https:\/\/i0.wp.com\/eltrabajo.cl\/portal\/wp-content\/uploads\/2016\/03\/JOAQUIN-ARIAS-ESTAY.jpg?resize=200%2C132&amp;ssl=1 200w, https:\/\/i0.wp.com\/eltrabajo.cl\/portal\/wp-content\/uploads\/2016\/03\/JOAQUIN-ARIAS-ESTAY.jpg?resize=300%2C198&amp;ssl=1 300w, https:\/\/i0.wp.com\/eltrabajo.cl\/portal\/wp-content\/uploads\/2016\/03\/JOAQUIN-ARIAS-ESTAY.jpg?resize=228%2C150&amp;ssl=1 228w, https:\/\/i0.wp.com\/eltrabajo.cl\/portal\/wp-content\/uploads\/2016\/03\/JOAQUIN-ARIAS-ESTAY.jpg?resize=400%2C263&amp;ssl=1 400w\" sizes=\"auto, (max-width: 530px) 100vw, 530px\" \/><\/a><figcaption id=\"caption-attachment-67969\" class=\"wp-caption-text\">El imputado Joaqu\u00edn Arias Estay cuenta con amplio prontuario por diversos delitos de robo y hurto. Tras ser formalizado en tribunales deber\u00e1 permanecer recluido en su domicilio.<\/figcaption><\/figure>\n","protected":false},"excerpt":{"rendered":"<p>Avaluados en m\u00e1s de tres millones y medio de pesos: Dos delincuentes irrumpieron en las oficinas de calle San Mart\u00edn, lugar donde sustrajeron los art\u00edculos tecnol\u00f3gicos de medici\u00f3n, intimidando a un trabajador&#8230;<\/p>\n","protected":false},"author":1,"featured_media":67969,"comment_status":"open","ping_status":"open","sticky":false,"template":"","format":"standard","meta":{"advanced_seo_description":"","jetpack_seo_html_title":"","jetpack_seo_noindex":false,"_jetpack_memberships_contains_paid_content":false,"footnotes":""},"categories":[21],"tags":[],"class_list":["post-67967","post","type-post","status-publish","format-standard","has-post-thumbnail","hentry","category-policial"],"jetpack_featured_media_url":"https:\/\/i0.wp.com\/eltrabajo.cl\/portal\/wp-content\/uploads\/2016\/03\/JOAQUIN-ARIAS-ESTAY.jpg?fit=530%2C349&ssl=1","jetpack_sharing_enabled":true,"jetpack_likes_enabled":true,"jetpack-related-posts":[],"_links":{"self":[{"href":"https:\/\/eltrabajo.cl\/portal\/wp-json\/wp\/v2\/posts\/67967","targetHints":{"allow":["GET"]}}],"collection":[{"href":"https:\/\/eltrabajo.cl\/portal\/wp-json\/wp\/v2\/posts"}],"about":[{"href":"https:\/\/eltrabajo.cl\/portal\/wp-json\/wp\/v2\/types\/post"}],"author":[{"embeddable":true,"href":"https:\/\/eltrabajo.cl\/portal\/wp-json\/wp\/v2\/users\/1"}],"replies":[{"embeddable":true,"href":"https:\/\/eltrabajo.cl\/portal\/wp-json\/wp\/v2\/comments?post=67967"}],"version-history":[{"count":0,"href":"https:\/\/eltrabajo.cl\/portal\/wp-json\/wp\/v2\/posts\/67967\/revisions"}],"wp:featuredmedia":[{"embeddable":true,"href":"https:\/\/eltrabajo.cl\/portal\/wp-json\/wp\/v2\/media\/67969"}],"wp:attachment":[{"href":"https:\/\/eltrabajo.cl\/portal\/wp-json\/wp\/v2\/media?parent=67967"}],"wp:term":[{"taxonomy":"category","embeddable":true,"href":"https:\/\/eltrabajo.cl\/portal\/wp-json\/wp\/v2\/categories?post=67967"},{"taxonomy":"post_tag","embeddable":true,"href":"https:\/\/eltrabajo.cl\/portal\/wp-json\/wp\/v2\/tags?post=67967"}],"curies":[{"name":"wp","href":"https:\/\/api.w.org\/{rel}","templated":true}]}}