{"id":67972,"date":"2016-03-21T08:27:25","date_gmt":"2016-03-21T11:27:25","guid":{"rendered":"http:\/\/www.eltrabajo.cl\/portal\/?p=67972"},"modified":"2016-03-21T08:33:09","modified_gmt":"2016-03-21T11:33:09","slug":"joven-intoxicado-por-drogas-dejo-al-descubierto-a-su-primo-por-microtrafico","status":"publish","type":"post","link":"https:\/\/eltrabajo.cl\/portal\/joven-intoxicado-por-drogas-dejo-al-descubierto-a-su-primo-por-microtrafico\/","title":{"rendered":"Joven intoxicado por drogas dej\u00f3 al descubierto a su primo por microtr\u00e1fico"},"content":{"rendered":"<figure id=\"attachment_67973\" aria-describedby=\"caption-attachment-67973\" style=\"width: 529px\" class=\"wp-caption alignleft\"><a href=\"http:\/\/www.eltrabajo.cl\/portal\/joven-intoxicado-por-drogas-dejo-al-descubierto-a-su-primo-por-microtrafico\/marihuana-llay-llay\/\" rel=\"attachment wp-att-67973\"><img data-recalc-dims=\"1\" loading=\"lazy\" decoding=\"async\" class=\"size-full wp-image-67973\" src=\"https:\/\/i0.wp.com\/www.eltrabajo.cl\/portal\/wp-content\/uploads\/2016\/03\/MARIHUANA-LLAY-LLAY-e1458559711496.jpg?resize=529%2C361\" alt=\"Personal de Carabineros de la Subcomisar\u00eda de Llay Llay incaut\u00f3 28 gramos de marihuana y dinero en efectivo como medio de prueba para la acusaci\u00f3n de microtr\u00e1fico.\" width=\"529\" height=\"361\" srcset=\"https:\/\/i0.wp.com\/eltrabajo.cl\/portal\/wp-content\/uploads\/2016\/03\/MARIHUANA-LLAY-LLAY-e1458559711496.jpg?w=529&amp;ssl=1 529w, https:\/\/i0.wp.com\/eltrabajo.cl\/portal\/wp-content\/uploads\/2016\/03\/MARIHUANA-LLAY-LLAY-e1458559711496.jpg?resize=200%2C136&amp;ssl=1 200w, https:\/\/i0.wp.com\/eltrabajo.cl\/portal\/wp-content\/uploads\/2016\/03\/MARIHUANA-LLAY-LLAY-e1458559711496.jpg?resize=300%2C205&amp;ssl=1 300w, https:\/\/i0.wp.com\/eltrabajo.cl\/portal\/wp-content\/uploads\/2016\/03\/MARIHUANA-LLAY-LLAY-e1458559711496.jpg?resize=220%2C150&amp;ssl=1 220w, https:\/\/i0.wp.com\/eltrabajo.cl\/portal\/wp-content\/uploads\/2016\/03\/MARIHUANA-LLAY-LLAY-e1458559711496.jpg?resize=400%2C273&amp;ssl=1 400w\" sizes=\"auto, (max-width: 529px) 100vw, 529px\" \/><\/a><figcaption id=\"caption-attachment-67973\" class=\"wp-caption-text\">Personal de Carabineros de la Subcomisar\u00eda de Llay Llay incaut\u00f3 28 gramos de marihuana y dinero en efectivo como medio de prueba para la acusaci\u00f3n de microtr\u00e1fico.<\/figcaption><\/figure>\n<p><strong>Viajaban en bus desde Santiago hacia La Calera:<\/strong><\/p>\n<p>Carabineros de Llay Llay detuvo a un joven que manten\u00eda 28 gramos de marihuana, quien adem\u00e1s habr\u00eda prove\u00eddo de droga a su primo que result\u00f3 intoxicado debiendo ser asistido en el Hospital San Francisco de esa localidad.<br \/>\nUn joven de 27 a\u00f1os de edad fue detenido por Carabineros de la Subcomisar\u00eda de Llay Llay, acusado del delito de microtr\u00e1fico de drogas por mantener en su poder 28 gramos de marihuana. El delito fue descubierto tras la internaci\u00f3n en el servicio de urgencias de un primo del imputado que result\u00f3 intoxicado por consumo de estupefacientes.<br \/>\nSeg\u00fan Carabineros, los hechos se habr\u00edan originado cerca de las 21:30 horas del pasado jueves, tras un llamado telef\u00f3nico desde el Hospital San Francisco de Llay Llay a la polic\u00eda uniformada, avisando que hab\u00eda ingresado un joven en mal estado de salud por consumo de drogas.<br \/>\nEl paciente de 27 a\u00f1os de edad, confes\u00f3 a los efectivos policiales haber consumido coca\u00edna y marihuana antes de iniciar un viaje en bus desde la ciudad de Santiago acompa\u00f1ado por su primo de la misma edad. Durante el recorrido que ten\u00eda como destino la comuna de La Calera, el joven comenz\u00f3 a sentirse mal de salud producto de estas sustancias en su cuerpo.<br \/>\nFue as\u00ed que el chofer del bus desvi\u00f3 el recorrido, dirigi\u00e9ndose hasta el hospital de Llay Llay para que el pasajero fuera atendido en el centro asistencial, donde informaron de los hechos a Carabineros quienes cursaron una infracci\u00f3n a este individuo por el porte de un papelillo contender de marihuana entre sus vestimentas.<br \/>\nNo obstante el Subcomisario de Carabineros, Capit\u00e1n Osvaldo Villarroel, se\u00f1al\u00f3 que al consultar al paciente sobre la procedencia de la droga, \u00e9ste manifest\u00f3 que hab\u00eda sido adquirida por su primo que lo acompa\u00f1aba en esos momentos.<br \/>\n\u201cAl realizar un registro de sus vestimentas y su bolso, se encontr\u00f3 al interior una bolsa contenedora de 28 gramos de marihuana y adem\u00e1s la suma de $82.000, por lo cual se configura el delito de microtr\u00e1fico de droga\u201d.<br \/>\nEl detenido individualizado con las iniciales C.A.P.A. de 27 a\u00f1os, qued\u00f3 a disposici\u00f3n de la Fiscal\u00eda de San Felipe para la investigaci\u00f3n del caso.<br \/>\n<strong>Pablo Salinas Sald\u00edas<\/strong><\/p>\n","protected":false},"excerpt":{"rendered":"<p>Viajaban en bus desde Santiago hacia La Calera: Carabineros de Llay Llay detuvo a un joven que manten\u00eda 28 gramos de marihuana, quien adem\u00e1s habr\u00eda prove\u00eddo de droga a su primo que&#8230;<\/p>\n","protected":false},"author":1,"featured_media":67973,"comment_status":"open","ping_status":"open","sticky":false,"template":"","format":"standard","meta":{"advanced_seo_description":"","jetpack_seo_html_title":"","jetpack_seo_noindex":false,"_jetpack_memberships_contains_paid_content":false,"footnotes":""},"categories":[21],"tags":[],"class_list":["post-67972","post","type-post","status-publish","format-standard","has-post-thumbnail","hentry","category-policial"],"jetpack_featured_media_url":"https:\/\/i0.wp.com\/eltrabajo.cl\/portal\/wp-content\/uploads\/2016\/03\/MARIHUANA-LLAY-LLAY-e1458559711496.jpg?fit=529%2C361&ssl=1","jetpack_sharing_enabled":true,"jetpack_likes_enabled":true,"jetpack-related-posts":[],"_links":{"self":[{"href":"https:\/\/eltrabajo.cl\/portal\/wp-json\/wp\/v2\/posts\/67972","targetHints":{"allow":["GET"]}}],"collection":[{"href":"https:\/\/eltrabajo.cl\/portal\/wp-json\/wp\/v2\/posts"}],"about":[{"href":"https:\/\/eltrabajo.cl\/portal\/wp-json\/wp\/v2\/types\/post"}],"author":[{"embeddable":true,"href":"https:\/\/eltrabajo.cl\/portal\/wp-json\/wp\/v2\/users\/1"}],"replies":[{"embeddable":true,"href":"https:\/\/eltrabajo.cl\/portal\/wp-json\/wp\/v2\/comments?post=67972"}],"version-history":[{"count":0,"href":"https:\/\/eltrabajo.cl\/portal\/wp-json\/wp\/v2\/posts\/67972\/revisions"}],"wp:featuredmedia":[{"embeddable":true,"href":"https:\/\/eltrabajo.cl\/portal\/wp-json\/wp\/v2\/media\/67973"}],"wp:attachment":[{"href":"https:\/\/eltrabajo.cl\/portal\/wp-json\/wp\/v2\/media?parent=67972"}],"wp:term":[{"taxonomy":"category","embeddable":true,"href":"https:\/\/eltrabajo.cl\/portal\/wp-json\/wp\/v2\/categories?post=67972"},{"taxonomy":"post_tag","embeddable":true,"href":"https:\/\/eltrabajo.cl\/portal\/wp-json\/wp\/v2\/tags?post=67972"}],"curies":[{"name":"wp","href":"https:\/\/api.w.org\/{rel}","templated":true}]}}