{"id":67979,"date":"2016-03-21T08:38:33","date_gmt":"2016-03-21T11:38:33","guid":{"rendered":"http:\/\/www.eltrabajo.cl\/portal\/?p=67979"},"modified":"2016-03-21T08:38:33","modified_gmt":"2016-03-21T11:38:33","slug":"a-pedido-de-vecinos-rinden-homenaje-a-javier-munoz-delgado-en-el-tambo","status":"publish","type":"post","link":"https:\/\/eltrabajo.cl\/portal\/a-pedido-de-vecinos-rinden-homenaje-a-javier-munoz-delgado-en-el-tambo\/","title":{"rendered":"A pedido de vecinos rinden homenaje a Javier Mu\u00f1oz Delgado en El Tambo"},"content":{"rendered":"<figure id=\"attachment_67981\" aria-describedby=\"caption-attachment-67981\" style=\"width: 219px\" class=\"wp-caption alignleft\"><a href=\"http:\/\/www.eltrabajo.cl\/portal\/a-pedido-de-vecinos-rinden-homenaje-a-javier-munoz-delgado-en-el-tambo\/calle-javier-munoz\/\" rel=\"attachment wp-att-67981\"><img data-recalc-dims=\"1\" loading=\"lazy\" decoding=\"async\" class=\"size-medium wp-image-67981\" src=\"https:\/\/i0.wp.com\/www.eltrabajo.cl\/portal\/wp-content\/uploads\/2016\/03\/calle-Javier-Munoz-219x300.jpg?resize=219%2C300\" alt=\"La calle principal de El Tambo tambi\u00e9n lleva por nombre Javier Mu\u00f1oz Delgado.\" width=\"219\" height=\"300\" srcset=\"https:\/\/i0.wp.com\/eltrabajo.cl\/portal\/wp-content\/uploads\/2016\/03\/calle-Javier-Munoz.jpg?resize=219%2C300&amp;ssl=1 219w, https:\/\/i0.wp.com\/eltrabajo.cl\/portal\/wp-content\/uploads\/2016\/03\/calle-Javier-Munoz.jpg?resize=109%2C150&amp;ssl=1 109w, https:\/\/i0.wp.com\/eltrabajo.cl\/portal\/wp-content\/uploads\/2016\/03\/calle-Javier-Munoz.jpg?resize=400%2C549&amp;ssl=1 400w, https:\/\/i0.wp.com\/eltrabajo.cl\/portal\/wp-content\/uploads\/2016\/03\/calle-Javier-Munoz.jpg?w=530&amp;ssl=1 530w\" sizes=\"auto, (max-width: 219px) 100vw, 219px\" \/><\/a><figcaption id=\"caption-attachment-67981\" class=\"wp-caption-text\">La calle principal de El Tambo tambi\u00e9n lleva por nombre Javier Mu\u00f1oz Delgado.<\/figcaption><\/figure>\n<p><strong>Calle principal y la plazuela del sector desde ahora llevan el nombre del destacado comunicador sanfelipe\u00f1o.<\/strong><\/p>\n<p>En una emotiva ceremonia que se realiz\u00f3 el viernes reci\u00e9n pasado, la plazuela y la calle principal de la poblaci\u00f3n El Tambo recibieron el nombre del destacado comunicador sanfelipe\u00f1o Javier Mu\u00f1oz Delgado, quien falleci\u00f3 en un lamentable accidente automovil\u00edstico.<br \/>\nLa ceremonia fue encabezada por el alcalde Patricio Freire junto al Gobernador Eduardo Le\u00f3n y en ella participaron la familia de Javier Mu\u00f1oz, los consejeros regionales Rolando Stevenson, Iv\u00e1n Reyes y Mario Sottolichio, los concejales Yanet Sotomayor y Dante Rodr\u00edguez y los vecinos del destacado comunicador, que vivi\u00f3 su infancia en este sector de la comuna.<br \/>\nFueron precisamente los vecinos de este sector quienes plantearon al concejo municipal el cambio de nombre de la calle, que llevaba el nombre de Oscar Bonillla, por el de Javier Mu\u00f1oz, a lo que se sum\u00f3 tambi\u00e9n colocar su nombre a la plazoleta del sector, petici\u00f3n a la que el cuerpo de concejales de manera un\u00e1nime aprob\u00f3.<br \/>\nEs as\u00ed que desde el viernes pasado llevan su nombre, como una forma de reconocer el trabajo realizado por Javier Mu\u00f1oz en el \u00e1rea de las comunicaciones, reconocimiento que se sum\u00f3 al realizado en vida, en el a\u00f1o 2012 cuando fue nombrado Hijo Ilustre de San Felipe.<br \/>\n\u201cPara nosotros es motivo de orgullo nombrar esta calle como Javier Mu\u00f1oz, que es el sector donde \u00e9l se cri\u00f3, por ello cuando los vecinos nos realizaron esta petici\u00f3n, fue aprobado de manera un\u00e1nime por el concejo y ac\u00e1 estamos para recordar a Javier, uno de los grandes de San Felipe\u201d, dijo el alcalde Patricio Freire.<br \/>\nEl gobernador Eduardo Le\u00f3n record\u00f3 los primeros a\u00f1os de Javier, cuando asist\u00eda a la escuela Rep\u00fablica Argentina o cuando jug\u00f3 por el club Lautaro Atl\u00e9tico, destacando que \u201cera un tipo con garra, con energ\u00eda limpia y mucha fuerza y era un tipo positivo y hoy d\u00eda esa identidad pasa a nosotros los sanfelipe\u00f1os y hoy con mucho orgullo podemos decir que Javier vive en la identidad de San Felipe\u201d. Mientras que Ricardo Y\u00e1\u00f1ez, director de ese establecimiento educacional record\u00f3 la imagen de humildad y de perseverancia de Javier, dos valores que a su juicio deben reforzarse entre los alumnos de la escuela de El Tambo.<br \/>\nProfundamente emocionada se encontraba la mam\u00e1 de Javier. Do\u00f1a Nancy Delgado agradeci\u00f3 las muestras de cari\u00f1o de parte de los vecinos, as\u00ed como el cambio de nombre de la calle principal de este sector.<br \/>\n\u201cEsto es algo que uno lo valora con mucho sentimiento y cari\u00f1o y se siente lo importante que \u00e9l era y que la gente lo quer\u00eda por lo que \u00e9l era, eso se agradece con mucho cari\u00f1o\u201d. Y aunque se aprecia tranquila, se\u00f1ala lo dif\u00edcil que ha sido como mam\u00e1 continuar su vida sin Javier.<br \/>\n\u201cPara m\u00ed ha sido muy dif\u00edcil porque para m\u00ed era todo. Yo hace m\u00e1s de 25 a\u00f1os que estaba separada entonces \u00e9l fue mi apoyo en todo, si yo estaba enferma \u00e9l estaba conmigo, no todos los d\u00edas nos ve\u00edamos, pero siempre hab\u00eda una llamada por tel\u00e9fono o llegaba de sorpresa a la casa, pero ahora eso ya no est\u00e1, por eso todo este tiempo ha sido doloroso. El consuelo es que \u00e9l est\u00e1 conmigo y esperando que se haga justicia, como debe ser\u201d.<\/p>\n<figure id=\"attachment_67980\" aria-describedby=\"caption-attachment-67980\" style=\"width: 530px\" class=\"wp-caption alignleft\"><a href=\"http:\/\/www.eltrabajo.cl\/portal\/a-pedido-de-vecinos-rinden-homenaje-a-javier-munoz-delgado-en-el-tambo\/plazoleta-3\/\" rel=\"attachment wp-att-67980\"><img data-recalc-dims=\"1\" loading=\"lazy\" decoding=\"async\" class=\"size-full wp-image-67980\" src=\"https:\/\/i0.wp.com\/www.eltrabajo.cl\/portal\/wp-content\/uploads\/2016\/03\/plazoleta-.jpg?resize=530%2C348\" alt=\"Autoridades y la familia de Javier Mu\u00f1oz en la la plazuela que lleva el nombre del recordado comunicador en la poblaci\u00f3n El Tambo.\" width=\"530\" height=\"348\" srcset=\"https:\/\/i0.wp.com\/eltrabajo.cl\/portal\/wp-content\/uploads\/2016\/03\/plazoleta-.jpg?w=530&amp;ssl=1 530w, https:\/\/i0.wp.com\/eltrabajo.cl\/portal\/wp-content\/uploads\/2016\/03\/plazoleta-.jpg?resize=200%2C131&amp;ssl=1 200w, https:\/\/i0.wp.com\/eltrabajo.cl\/portal\/wp-content\/uploads\/2016\/03\/plazoleta-.jpg?resize=300%2C197&amp;ssl=1 300w, https:\/\/i0.wp.com\/eltrabajo.cl\/portal\/wp-content\/uploads\/2016\/03\/plazoleta-.jpg?resize=228%2C150&amp;ssl=1 228w, https:\/\/i0.wp.com\/eltrabajo.cl\/portal\/wp-content\/uploads\/2016\/03\/plazoleta-.jpg?resize=400%2C263&amp;ssl=1 400w\" sizes=\"auto, (max-width: 530px) 100vw, 530px\" \/><\/a><figcaption id=\"caption-attachment-67980\" class=\"wp-caption-text\">Autoridades y la familia de Javier Mu\u00f1oz en la la plazuela que lleva el nombre del recordado comunicador en la poblaci\u00f3n El Tambo.<\/figcaption><\/figure>\n","protected":false},"excerpt":{"rendered":"<p>Calle principal y la plazuela del sector desde ahora llevan el nombre del destacado comunicador sanfelipe\u00f1o. En una emotiva ceremonia que se realiz\u00f3 el viernes reci\u00e9n pasado, la plazuela y la calle&#8230;<\/p>\n","protected":false},"author":1,"featured_media":67980,"comment_status":"open","ping_status":"open","sticky":false,"template":"","format":"standard","meta":{"advanced_seo_description":"","jetpack_seo_html_title":"","jetpack_seo_noindex":false,"_jetpack_memberships_contains_paid_content":false,"footnotes":""},"categories":[15],"tags":[],"class_list":["post-67979","post","type-post","status-publish","format-standard","has-post-thumbnail","hentry","category-comunidad"],"jetpack_featured_media_url":"https:\/\/i0.wp.com\/eltrabajo.cl\/portal\/wp-content\/uploads\/2016\/03\/plazoleta-.jpg?fit=530%2C348&ssl=1","jetpack_sharing_enabled":true,"jetpack_likes_enabled":true,"jetpack-related-posts":[],"_links":{"self":[{"href":"https:\/\/eltrabajo.cl\/portal\/wp-json\/wp\/v2\/posts\/67979","targetHints":{"allow":["GET"]}}],"collection":[{"href":"https:\/\/eltrabajo.cl\/portal\/wp-json\/wp\/v2\/posts"}],"about":[{"href":"https:\/\/eltrabajo.cl\/portal\/wp-json\/wp\/v2\/types\/post"}],"author":[{"embeddable":true,"href":"https:\/\/eltrabajo.cl\/portal\/wp-json\/wp\/v2\/users\/1"}],"replies":[{"embeddable":true,"href":"https:\/\/eltrabajo.cl\/portal\/wp-json\/wp\/v2\/comments?post=67979"}],"version-history":[{"count":0,"href":"https:\/\/eltrabajo.cl\/portal\/wp-json\/wp\/v2\/posts\/67979\/revisions"}],"wp:featuredmedia":[{"embeddable":true,"href":"https:\/\/eltrabajo.cl\/portal\/wp-json\/wp\/v2\/media\/67980"}],"wp:attachment":[{"href":"https:\/\/eltrabajo.cl\/portal\/wp-json\/wp\/v2\/media?parent=67979"}],"wp:term":[{"taxonomy":"category","embeddable":true,"href":"https:\/\/eltrabajo.cl\/portal\/wp-json\/wp\/v2\/categories?post=67979"},{"taxonomy":"post_tag","embeddable":true,"href":"https:\/\/eltrabajo.cl\/portal\/wp-json\/wp\/v2\/tags?post=67979"}],"curies":[{"name":"wp","href":"https:\/\/api.w.org\/{rel}","templated":true}]}}