{"id":67986,"date":"2016-03-22T08:06:09","date_gmt":"2016-03-22T11:06:09","guid":{"rendered":"http:\/\/www.eltrabajo.cl\/portal\/?p=67986"},"modified":"2016-03-22T08:06:09","modified_gmt":"2016-03-22T11:06:09","slug":"inician-ano-escolar-oficializando-homenaje-a-fernando-silva-castellon","status":"publish","type":"post","link":"https:\/\/eltrabajo.cl\/portal\/inician-ano-escolar-oficializando-homenaje-a-fernando-silva-castellon\/","title":{"rendered":"Inician a\u00f1o escolar oficializando homenaje a Fernando Silva Castell\u00f3n"},"content":{"rendered":"<figure id=\"attachment_67987\" aria-describedby=\"caption-attachment-67987\" style=\"width: 530px\" class=\"wp-caption alignleft\"><a href=\"http:\/\/www.eltrabajo.cl\/portal\/inician-ano-escolar-oficializando-homenaje-a-fernando-silva-castellon\/liceo-polivalente\/\" rel=\"attachment wp-att-67987\"><img data-recalc-dims=\"1\" loading=\"lazy\" decoding=\"async\" class=\"size-full wp-image-67987\" src=\"https:\/\/i0.wp.com\/www.eltrabajo.cl\/portal\/wp-content\/uploads\/2016\/03\/Liceo-Polivalente.jpg?resize=530%2C350\" alt=\"Junto a diversas autoridades y familiares del conocido exdirector, se oficializ\u00f3 el cambio de nombre del Liceo Chagres a Liceo Polivalente Fernando Silva Castell\u00f3n durante la ceremonia de inicio del a\u00f1o escolar.\" width=\"530\" height=\"350\" srcset=\"https:\/\/i0.wp.com\/eltrabajo.cl\/portal\/wp-content\/uploads\/2016\/03\/Liceo-Polivalente.jpg?w=530&amp;ssl=1 530w, https:\/\/i0.wp.com\/eltrabajo.cl\/portal\/wp-content\/uploads\/2016\/03\/Liceo-Polivalente.jpg?resize=200%2C132&amp;ssl=1 200w, https:\/\/i0.wp.com\/eltrabajo.cl\/portal\/wp-content\/uploads\/2016\/03\/Liceo-Polivalente.jpg?resize=300%2C198&amp;ssl=1 300w, https:\/\/i0.wp.com\/eltrabajo.cl\/portal\/wp-content\/uploads\/2016\/03\/Liceo-Polivalente.jpg?resize=227%2C150&amp;ssl=1 227w, https:\/\/i0.wp.com\/eltrabajo.cl\/portal\/wp-content\/uploads\/2016\/03\/Liceo-Polivalente.jpg?resize=400%2C264&amp;ssl=1 400w\" sizes=\"auto, (max-width: 530px) 100vw, 530px\" \/><\/a><figcaption id=\"caption-attachment-67987\" class=\"wp-caption-text\">Junto a diversas autoridades y familiares del conocido exdirector, se oficializ\u00f3 el cambio de nombre del Liceo Chagres a Liceo Polivalente Fernando Silva Castell\u00f3n durante la ceremonia de inicio del a\u00f1o escolar.<\/figcaption><\/figure>\n<p><strong>El Liceo Chagres pas\u00f3 a llevar el nombre del reconocido exdirector.<\/strong><\/p>\n<p><strong>CATEMU.-<\/strong> Con cambio de nombre al establecimiento en honor al ex Director, se realiz\u00f3 el pasado viernes la inauguraci\u00f3n del a\u00f1o escolar en la comuna, en una emotiva ceremonia en la que se record\u00f3 al fallecido Director Fernando Silva Castell\u00f3n, en el Liceo Polivalente de la comuna.<br \/>\nDurante la ceremonia hizo uso de la palabra el Jefe Daem, quien destac\u00f3 el gran trabajo realizado por Fernando Silva en la comuna y tambi\u00e9n la serie de avances que ha tenido la educaci\u00f3n en Catemu durante estos \u00faltimos a\u00f1os, se\u00f1alando que nada es coincidencia, sino que se debe a un Gobierno Comunal comprometido con la ense\u00f1anza que se imparte a los estudiantes cateminos.<br \/>\nPosteriormente se present\u00f3 un grupo de alumnos del Liceo Polivalente, quienes amenizaron este emotivo inicio de a\u00f1o escolar con su m\u00fasica al comp\u00e1s de guitarras, charango, viol\u00edn y acorde\u00f3n.<br \/>\nEn el acto se realiz\u00f3 la firma del acta donde se establece de acuerdo a la Resoluci\u00f3n N\u00b0 725 de la Seremi de Educaci\u00f3n que acoge la solicitud del alcalde de cambiar el nombre del Liceo Chagres a Liceo Polivalente Fernando Silva Castell\u00f3n, debido al legado dejado por el ex Director y el sentido de pertenencia que genera en la comunidad.<br \/>\nDe esta acta se hizo entrega una copia a la familia de Silva Castell\u00f3n, y el Alcalde adem\u00e1s hizo entrega de un ramo de flores a la esposa del homenajeado.<br \/>\nLa familia Silva Escudero, muy emocionada particip\u00f3 de este homenaje. \u201cEs un orgullo para nosotros y toda nuestra familia, que este Liceo lleve el nombre de nuestro padre, es un gran reconocimiento a su legado y eso es muy importante para nosotros como hijos, mis agradecimientos al se\u00f1or Alcalde y al Seremi por permitirlo\u201d, se\u00f1al\u00f3 Ricardo Silva Escudero, hijo del fallecido Director.<br \/>\nEn sus palabras, el Alcalde record\u00f3 de manera muy emotiva a su amigo Fernando Silva, destacando los lazos que generaba en los estudiantes a trav\u00e9s de la ense\u00f1anza con afecto y preocupaci\u00f3n por sus ni\u00f1os, como \u00e9l les llamaba con tanto cari\u00f1o.<br \/>\nLa primera autoridad comunal confes\u00f3 adem\u00e1s lo mucho que se extra\u00f1a su presencia y estilo tan particular, en el que se combinaba de manera perfecta la disciplina y el afecto, logrando un equilibrio que siempre consigui\u00f3 tocar los corazones y lograr excelentes resultados en los cientos de j\u00f3venes que tuvieron la fortuna de ser sus alumnos y aprender de \u00e9l.<br \/>\n\u201cEs un verdadero orgullo haber desarrollado el proyecto del Liceo T\u00e9cnico junto a Fernando, entregar educaci\u00f3n de calidad para los j\u00f3venes de Catemu, sin salir de la comuna para obtener t\u00edtulo t\u00e9cnico, una gran herramienta que les permite desenvolverse en la vida laboral. Que hoy nuestro Liceo cambie de nombre, por una petici\u00f3n de toda la comunidad que acept\u00f3 la Seremi de Educaci\u00f3n es un verdadero honor, desde hoy este Liceo lleva su nombre, Fernando Silva Castell\u00f3n, agradecemos al Seremi de Educaci\u00f3n Alejandro Tapia, y muy especialmente a su familia; a Gladys su esposa; y a sus hijos Fernando y Ricardo por compartir a Fernando con nosotros en sus \u00faltimos a\u00f1os, quien nos dej\u00f3 un tremendo legado a nosotros y a toda la comunidad del establecimiento\u201d, se\u00f1al\u00f3 el Alcalde Luksic.<\/p>\n","protected":false},"excerpt":{"rendered":"<p>El Liceo Chagres pas\u00f3 a llevar el nombre del reconocido exdirector. CATEMU.- Con cambio de nombre al establecimiento en honor al ex Director, se realiz\u00f3 el pasado viernes la inauguraci\u00f3n del a\u00f1o&#8230;<\/p>\n","protected":false},"author":1,"featured_media":67987,"comment_status":"open","ping_status":"open","sticky":false,"template":"","format":"standard","meta":{"advanced_seo_description":"","jetpack_seo_html_title":"","jetpack_seo_noindex":false,"_jetpack_memberships_contains_paid_content":false,"footnotes":""},"categories":[1],"tags":[],"class_list":["post-67986","post","type-post","status-publish","format-standard","has-post-thumbnail","hentry","category-cronica"],"jetpack_featured_media_url":"https:\/\/i0.wp.com\/eltrabajo.cl\/portal\/wp-content\/uploads\/2016\/03\/Liceo-Polivalente.jpg?fit=530%2C350&ssl=1","jetpack_sharing_enabled":true,"jetpack_likes_enabled":true,"jetpack-related-posts":[],"_links":{"self":[{"href":"https:\/\/eltrabajo.cl\/portal\/wp-json\/wp\/v2\/posts\/67986","targetHints":{"allow":["GET"]}}],"collection":[{"href":"https:\/\/eltrabajo.cl\/portal\/wp-json\/wp\/v2\/posts"}],"about":[{"href":"https:\/\/eltrabajo.cl\/portal\/wp-json\/wp\/v2\/types\/post"}],"author":[{"embeddable":true,"href":"https:\/\/eltrabajo.cl\/portal\/wp-json\/wp\/v2\/users\/1"}],"replies":[{"embeddable":true,"href":"https:\/\/eltrabajo.cl\/portal\/wp-json\/wp\/v2\/comments?post=67986"}],"version-history":[{"count":0,"href":"https:\/\/eltrabajo.cl\/portal\/wp-json\/wp\/v2\/posts\/67986\/revisions"}],"wp:featuredmedia":[{"embeddable":true,"href":"https:\/\/eltrabajo.cl\/portal\/wp-json\/wp\/v2\/media\/67987"}],"wp:attachment":[{"href":"https:\/\/eltrabajo.cl\/portal\/wp-json\/wp\/v2\/media?parent=67986"}],"wp:term":[{"taxonomy":"category","embeddable":true,"href":"https:\/\/eltrabajo.cl\/portal\/wp-json\/wp\/v2\/categories?post=67986"},{"taxonomy":"post_tag","embeddable":true,"href":"https:\/\/eltrabajo.cl\/portal\/wp-json\/wp\/v2\/tags?post=67986"}],"curies":[{"name":"wp","href":"https:\/\/api.w.org\/{rel}","templated":true}]}}