{"id":67990,"date":"2016-03-22T08:08:33","date_gmt":"2016-03-22T11:08:33","guid":{"rendered":"http:\/\/www.eltrabajo.cl\/portal\/?p=67990"},"modified":"2016-03-22T08:08:33","modified_gmt":"2016-03-22T11:08:33","slug":"capacitan-a-voluntarios-de-3a-compania-bomberos-en-rescate-agreste","status":"publish","type":"post","link":"https:\/\/eltrabajo.cl\/portal\/capacitan-a-voluntarios-de-3a-compania-bomberos-en-rescate-agreste\/","title":{"rendered":"Capacitan a voluntarios de 3\u00aa Compa\u00f1\u00eda Bomberos en rescate agreste"},"content":{"rendered":"<figure id=\"attachment_67991\" aria-describedby=\"caption-attachment-67991\" style=\"width: 530px\" class=\"wp-caption alignleft\"><a href=\"http:\/\/www.eltrabajo.cl\/portal\/capacitan-a-voluntarios-de-3a-compania-bomberos-en-rescate-agreste\/tercera5\/\" rel=\"attachment wp-att-67991\"><img data-recalc-dims=\"1\" loading=\"lazy\" decoding=\"async\" class=\"size-full wp-image-67991\" src=\"https:\/\/i0.wp.com\/www.eltrabajo.cl\/portal\/wp-content\/uploads\/2016\/03\/tercera5.jpg?resize=530%2C350\" alt=\"La Tercera Compa\u00f1\u00eda de Bomberos de Los Andes capacit\u00f3 a sus voluntarios en un curso de rescate agreste.\" width=\"530\" height=\"350\" srcset=\"https:\/\/i0.wp.com\/eltrabajo.cl\/portal\/wp-content\/uploads\/2016\/03\/tercera5.jpg?w=530&amp;ssl=1 530w, https:\/\/i0.wp.com\/eltrabajo.cl\/portal\/wp-content\/uploads\/2016\/03\/tercera5.jpg?resize=200%2C132&amp;ssl=1 200w, https:\/\/i0.wp.com\/eltrabajo.cl\/portal\/wp-content\/uploads\/2016\/03\/tercera5.jpg?resize=300%2C198&amp;ssl=1 300w, https:\/\/i0.wp.com\/eltrabajo.cl\/portal\/wp-content\/uploads\/2016\/03\/tercera5.jpg?resize=227%2C150&amp;ssl=1 227w, https:\/\/i0.wp.com\/eltrabajo.cl\/portal\/wp-content\/uploads\/2016\/03\/tercera5.jpg?resize=400%2C264&amp;ssl=1 400w\" sizes=\"auto, (max-width: 530px) 100vw, 530px\" \/><\/a><figcaption id=\"caption-attachment-67991\" class=\"wp-caption-text\">La Tercera Compa\u00f1\u00eda de Bomberos de Los Andes capacit\u00f3 a sus voluntarios en un curso de rescate agreste.<\/figcaption><\/figure>\n<p><strong>Como parte del programa anual de instrucci\u00f3n del personal de esa unidad que tiene jurisdicci\u00f3n sobre el sector sur la ciudad.<\/strong><\/p>\n<p><strong>LOS ANDES.-<\/strong> Veinte voluntarios de la Tercera Compa\u00f1\u00eda \u2018Bomba Andina\u2019 del Cuerpo de Bomberos participaron de un curso de rescate agreste desarrollado en el sector Los Rosales.<br \/>\nLa actividad forma parte del programa anual de instrucci\u00f3n y capacitaci\u00f3n a la que son sometidos todos los voluntarios a fin de brindar un mejor servicio a la comunidad en todo tipo de emergencias, ya que esa compa\u00f1\u00eda tiene jurisdicci\u00f3n sobre todo el sector sur de la ciudad con una poblaci\u00f3n cercana a las 30 mil personas.<br \/>\nEl Capit\u00e1n de Compa\u00f1\u00eda, Bladimir D\u00edaz Salazar, indic\u00f3 que estos cursos son independientes a las que desarrolla el Cuerpo de Bomberos de Los Andes a los voluntarios de todas las compa\u00f1\u00edas y tienen por finalidad especializarse en diferentes tipos de rescate.<br \/>\nA esta capacitaci\u00f3n en rescate agreste se suma otras dos que se llevar\u00e1n adelante este 2016 y que corresponden a rescate vertical invernal y rescate minero.<br \/>\nEl capit\u00e1n D\u00edaz destac\u00f3 el esfuerzo de los voluntarios en poder capacitarse ocupante los fines de semana, ya que por sus jornadas laborales no pueden hacerlo en la semana, \u201centonces nosotros dejamos muchas cosas de hacer con nuestra familia para dedicarnos a estas capacitaciones y tambi\u00e9n debemos estar atentos a los llamados de emergencia que se puedan producir\u201d.<br \/>\nEl oficial record\u00f3 que con el crecimiento explosivo que ha tenido la ciudad de Los Andes hacia el sector sur los obliga como compa\u00f1\u00eda a mejorar la especializaci\u00f3n de sus voluntarios y ya no solo dedicarse a los siniestros de pastizales o estructurales, sino que a otro tipo de emergencias como rescates en desnivel, altura, agreste y vehiculares.<br \/>\nPor su parte, el coordinador especialista de este curso, Cristi\u00e1n Arenas, indic\u00f3 que los voluntarios participantes fueron capacitados en t\u00e9cnicas de rescate en terrenos agrestes, partiendo por una formaci\u00f3n t\u00e9cnica para llegar a los conocimientos avanzados en lo que significa gesti\u00f3n de riesgos en los rescates de monta\u00f1a.<br \/>\n\u201cUna vez formado al personal en todo lo que tiene que ver con la parte b\u00e1sica en gesti\u00f3n de riesgos, pasamos directamente a lo que son las t\u00e9cnicas de rescate utilizando cuerdas y material especializado que se aplica en metodolog\u00eda de descenso, t\u00e9cnica de marcha y planificaci\u00f3n de una emergencia usando cartas topogr\u00e1ficas\u201d, coment\u00f3.<br \/>\nAgreg\u00f3 que tambi\u00e9n se desarroll\u00f3 un ejercicio nocturno para fortalecer el trabajo en equipo, \u201cpues son bomberos que en su primera etapa de formaci\u00f3n no han tenido que enfrentarse a este tipo de emergencias, pero ahora con este trabajo nocturno donde las condiciones del terreno son totalmente adversas, trabajamos en la parte emocional del voluntario y fortaleciendo su control emocional\u201d.<br \/>\nCristi\u00e1n Arenas especific\u00f3 que esta es una primera etapa de los talleres, para luego pasar a rescate en la cordillera que presenta otro tipo de complicaciones, \u201cpor lo que una vez concluida la primera fase nosotros efectuamos este curso en terreno monta\u00f1oso y as\u00ed el personal queda capacitado plenamente\u201d.<br \/>\nFinalmente el director de Compa\u00f1\u00eda, Eduardo Lepe Forno, expres\u00f3 su satisfacci\u00f3n el poder desarrollar estos cursos que forman parte de los nuevos proyectos de la unidad bomberil para seguir perfeccionando a los voluntarios, \u201cpues muchos de ellos entregaron m\u00e1s all\u00e1 de sus capacidades y creo que ese es el gran objetivo de dar un mejor servicio a nuestra comunidad\u201d.<\/p>\n","protected":false},"excerpt":{"rendered":"<p>Como parte del programa anual de instrucci\u00f3n del personal de esa unidad que tiene jurisdicci\u00f3n sobre el sector sur la ciudad. LOS ANDES.- Veinte voluntarios de la Tercera Compa\u00f1\u00eda \u2018Bomba Andina\u2019 del&#8230;<\/p>\n","protected":false},"author":1,"featured_media":67991,"comment_status":"open","ping_status":"open","sticky":false,"template":"","format":"standard","meta":{"advanced_seo_description":"","jetpack_seo_html_title":"","jetpack_seo_noindex":false,"_jetpack_memberships_contains_paid_content":false,"footnotes":""},"categories":[15],"tags":[],"class_list":["post-67990","post","type-post","status-publish","format-standard","has-post-thumbnail","hentry","category-comunidad"],"jetpack_featured_media_url":"https:\/\/i0.wp.com\/eltrabajo.cl\/portal\/wp-content\/uploads\/2016\/03\/tercera5.jpg?fit=530%2C350&ssl=1","jetpack_sharing_enabled":true,"jetpack_likes_enabled":true,"jetpack-related-posts":[],"_links":{"self":[{"href":"https:\/\/eltrabajo.cl\/portal\/wp-json\/wp\/v2\/posts\/67990","targetHints":{"allow":["GET"]}}],"collection":[{"href":"https:\/\/eltrabajo.cl\/portal\/wp-json\/wp\/v2\/posts"}],"about":[{"href":"https:\/\/eltrabajo.cl\/portal\/wp-json\/wp\/v2\/types\/post"}],"author":[{"embeddable":true,"href":"https:\/\/eltrabajo.cl\/portal\/wp-json\/wp\/v2\/users\/1"}],"replies":[{"embeddable":true,"href":"https:\/\/eltrabajo.cl\/portal\/wp-json\/wp\/v2\/comments?post=67990"}],"version-history":[{"count":0,"href":"https:\/\/eltrabajo.cl\/portal\/wp-json\/wp\/v2\/posts\/67990\/revisions"}],"wp:featuredmedia":[{"embeddable":true,"href":"https:\/\/eltrabajo.cl\/portal\/wp-json\/wp\/v2\/media\/67991"}],"wp:attachment":[{"href":"https:\/\/eltrabajo.cl\/portal\/wp-json\/wp\/v2\/media?parent=67990"}],"wp:term":[{"taxonomy":"category","embeddable":true,"href":"https:\/\/eltrabajo.cl\/portal\/wp-json\/wp\/v2\/categories?post=67990"},{"taxonomy":"post_tag","embeddable":true,"href":"https:\/\/eltrabajo.cl\/portal\/wp-json\/wp\/v2\/tags?post=67990"}],"curies":[{"name":"wp","href":"https:\/\/api.w.org\/{rel}","templated":true}]}}