{"id":67999,"date":"2016-03-22T08:15:47","date_gmt":"2016-03-22T11:15:47","guid":{"rendered":"http:\/\/www.eltrabajo.cl\/portal\/?p=67999"},"modified":"2016-03-22T08:15:47","modified_gmt":"2016-03-22T11:15:47","slug":"gobernacion-se-querella-contra-eventuales-responsables-de-incendio-en-el-asiento","status":"publish","type":"post","link":"https:\/\/eltrabajo.cl\/portal\/gobernacion-se-querella-contra-eventuales-responsables-de-incendio-en-el-asiento\/","title":{"rendered":"Gobernaci\u00f3n se querella contra eventuales responsables de incendio en El Asiento"},"content":{"rendered":"<figure id=\"attachment_68000\" aria-describedby=\"caption-attachment-68000\" style=\"width: 530px\" class=\"wp-caption alignleft\"><a href=\"http:\/\/www.eltrabajo.cl\/portal\/gobernacion-se-querella-contra-eventuales-responsables-de-incendio-en-el-asiento\/foto-1-querella-incendio-gobernador-eduardo-leon\/\" rel=\"attachment wp-att-68000\"><img data-recalc-dims=\"1\" loading=\"lazy\" decoding=\"async\" class=\"size-full wp-image-68000\" src=\"https:\/\/i0.wp.com\/www.eltrabajo.cl\/portal\/wp-content\/uploads\/2016\/03\/FOTO-1-QUERELLA-INCENDIO-GOBERNADOR-EDUARDO-LEON.jpg?resize=530%2C349\" alt=\"Gobernador Eduardo Le\u00f3n interpuso en el Juzgado de Garant\u00eda de San Felipe, una querella criminal en contra de quienes resulten responsables del incendio en El Asiento.\" width=\"530\" height=\"349\" srcset=\"https:\/\/i0.wp.com\/eltrabajo.cl\/portal\/wp-content\/uploads\/2016\/03\/FOTO-1-QUERELLA-INCENDIO-GOBERNADOR-EDUARDO-LEON.jpg?w=530&amp;ssl=1 530w, https:\/\/i0.wp.com\/eltrabajo.cl\/portal\/wp-content\/uploads\/2016\/03\/FOTO-1-QUERELLA-INCENDIO-GOBERNADOR-EDUARDO-LEON.jpg?resize=200%2C132&amp;ssl=1 200w, https:\/\/i0.wp.com\/eltrabajo.cl\/portal\/wp-content\/uploads\/2016\/03\/FOTO-1-QUERELLA-INCENDIO-GOBERNADOR-EDUARDO-LEON.jpg?resize=300%2C198&amp;ssl=1 300w, https:\/\/i0.wp.com\/eltrabajo.cl\/portal\/wp-content\/uploads\/2016\/03\/FOTO-1-QUERELLA-INCENDIO-GOBERNADOR-EDUARDO-LEON.jpg?resize=228%2C150&amp;ssl=1 228w, https:\/\/i0.wp.com\/eltrabajo.cl\/portal\/wp-content\/uploads\/2016\/03\/FOTO-1-QUERELLA-INCENDIO-GOBERNADOR-EDUARDO-LEON.jpg?resize=400%2C263&amp;ssl=1 400w\" sizes=\"auto, (max-width: 530px) 100vw, 530px\" \/><\/a><figcaption id=\"caption-attachment-68000\" class=\"wp-caption-text\">Gobernador Eduardo Le\u00f3n interpuso en el Juzgado de Garant\u00eda de San Felipe, una querella criminal en contra de quienes resulten responsables del incendio en El Asiento.<\/figcaption><\/figure>\n<p>Reconociendo que existen muchas probabilidades de que el incendio en el Santuario de la naturaleza, Serran\u00eda del Cipr\u00e9s, en el sector de El Asiento, haya sido provocado de forma intencional -con dolo o por negligencia-, el Gobernador de la Provincia de San Felipe, Eduardo Le\u00f3n, interpuso una querella criminal contra quienes resulten responsables del devastador siniestro.<br \/>\nLa diligencia fue llevada a cabo en el Juzgado de Garant\u00eda de San Felipe, donde la m\u00e1xima autoridad provincial fundament\u00f3 la instancia legal en el profundo impacto que gener\u00f3 el fuego, devastando m\u00e1s de 700 hect\u00e1reas de un sitio de enorme trascendencia para el pa\u00eds.<br \/>\n\u201cEste santuario ten\u00eda un alto valor ecol\u00f3gico y patrimonial, adem\u00e1s del bosque nativo hay una enorme reserva de Cipr\u00e9s de la Cordillera y cerca de un 10 % de estos, muchos con m\u00e1s de mil a\u00f1os, fueron afectados, as\u00ed que hemos colocado esta querella buscando esclarecer estos lamentables hechos\u201d, declar\u00f3 Le\u00f3n.<br \/>\nEn relaci\u00f3n con la posible intencionalidad que tendr\u00eda el origen del incendio, el Gobernador hizo referencia a que precisamente la querella busca fundamentar esa hip\u00f3tesis, arguyendo que \u201clos antecedentes que manejamos y que son preliminares apuntan en esa direcci\u00f3n, en estos momentos ya hay investigaci\u00f3n de los organismos competentes: Bomberos, Conaf, PDI, entonces no queremos dar espacio a ambig\u00fcedades y es por eso que interpusimos esta querella criminal\u201d, destac\u00f3.<br \/>\nSeg\u00fan Le\u00f3n, este proceso judicial permitir\u00e1 establecer una investigaci\u00f3n acuciosa que complemente el trabajo que est\u00e1 llevando a cabo Bomberos y Carabineros y, paralelamente, se tomen en cuenta los informes y antecedentes entregados por Conaf, con el fin de perseguir y condenar a eventuales culpables.<br \/>\nDe acuerdo a lo informado por el Gobernador de San Felipe, las diligencias del Gobierno Regional contin\u00faan enfocadas no s\u00f3lo a recuperar el lugar en el menor tiempo posible, sino que adem\u00e1s, a trabajar cuanto antes en la restituci\u00f3n de la cuenca del Santuario, en donde existe la posibilidad de que se pueda producir un desplazamiento de tierra que afecte al sector bajo de la Serran\u00eda, por lo que organismos como la Comunidad de Campo, Conaf, Onemi, el Ministerio de Medio Ambiente y expertos de distintas \u00e1reas, estudian acciones para prevenir una situaci\u00f3n de esta naturaleza.<\/p>\n","protected":false},"excerpt":{"rendered":"<p>Reconociendo que existen muchas probabilidades de que el incendio en el Santuario de la naturaleza, Serran\u00eda del Cipr\u00e9s, en el sector de El Asiento, haya sido provocado de forma intencional -con dolo&#8230;<\/p>\n","protected":false},"author":1,"featured_media":68000,"comment_status":"open","ping_status":"open","sticky":false,"template":"","format":"standard","meta":{"advanced_seo_description":"","jetpack_seo_html_title":"","jetpack_seo_noindex":false,"_jetpack_memberships_contains_paid_content":false,"footnotes":""},"categories":[1],"tags":[],"class_list":["post-67999","post","type-post","status-publish","format-standard","has-post-thumbnail","hentry","category-cronica"],"jetpack_featured_media_url":"https:\/\/i0.wp.com\/eltrabajo.cl\/portal\/wp-content\/uploads\/2016\/03\/FOTO-1-QUERELLA-INCENDIO-GOBERNADOR-EDUARDO-LEON.jpg?fit=530%2C349&ssl=1","jetpack_sharing_enabled":true,"jetpack_likes_enabled":true,"jetpack-related-posts":[],"_links":{"self":[{"href":"https:\/\/eltrabajo.cl\/portal\/wp-json\/wp\/v2\/posts\/67999","targetHints":{"allow":["GET"]}}],"collection":[{"href":"https:\/\/eltrabajo.cl\/portal\/wp-json\/wp\/v2\/posts"}],"about":[{"href":"https:\/\/eltrabajo.cl\/portal\/wp-json\/wp\/v2\/types\/post"}],"author":[{"embeddable":true,"href":"https:\/\/eltrabajo.cl\/portal\/wp-json\/wp\/v2\/users\/1"}],"replies":[{"embeddable":true,"href":"https:\/\/eltrabajo.cl\/portal\/wp-json\/wp\/v2\/comments?post=67999"}],"version-history":[{"count":0,"href":"https:\/\/eltrabajo.cl\/portal\/wp-json\/wp\/v2\/posts\/67999\/revisions"}],"wp:featuredmedia":[{"embeddable":true,"href":"https:\/\/eltrabajo.cl\/portal\/wp-json\/wp\/v2\/media\/68000"}],"wp:attachment":[{"href":"https:\/\/eltrabajo.cl\/portal\/wp-json\/wp\/v2\/media?parent=67999"}],"wp:term":[{"taxonomy":"category","embeddable":true,"href":"https:\/\/eltrabajo.cl\/portal\/wp-json\/wp\/v2\/categories?post=67999"},{"taxonomy":"post_tag","embeddable":true,"href":"https:\/\/eltrabajo.cl\/portal\/wp-json\/wp\/v2\/tags?post=67999"}],"curies":[{"name":"wp","href":"https:\/\/api.w.org\/{rel}","templated":true}]}}