{"id":68003,"date":"2016-03-22T08:17:56","date_gmt":"2016-03-22T11:17:56","guid":{"rendered":"http:\/\/www.eltrabajo.cl\/portal\/?p=68003"},"modified":"2016-03-22T08:17:56","modified_gmt":"2016-03-22T11:17:56","slug":"obras-colector-aguas-lluvias-calle-victor-korner-estaran-terminadas-en-junio","status":"publish","type":"post","link":"https:\/\/eltrabajo.cl\/portal\/obras-colector-aguas-lluvias-calle-victor-korner-estaran-terminadas-en-junio\/","title":{"rendered":"Obras colector aguas lluvias calle V\u00edctor K\u00f6rner estar\u00e1n terminadas en junio"},"content":{"rendered":"<figure id=\"attachment_68004\" aria-describedby=\"caption-attachment-68004\" style=\"width: 530px\" class=\"wp-caption alignleft\"><a href=\"http:\/\/www.eltrabajo.cl\/portal\/obras-colector-aguas-lluvias-calle-victor-korner-estaran-terminadas-en-junio\/revision-colector3\/\" rel=\"attachment wp-att-68004\"><img data-recalc-dims=\"1\" loading=\"lazy\" decoding=\"async\" class=\"size-full wp-image-68004\" src=\"https:\/\/i0.wp.com\/www.eltrabajo.cl\/portal\/wp-content\/uploads\/2016\/03\/revision-colector3.jpg?resize=530%2C350\" alt=\"El alcalde de Los Andes Mauricio Navarro junto al Inspector T\u00e9cnico de Obras (ITO), Javier Herrera, hicieron una visita a las obras de los colectores de aguas lluvias de la calle V\u00edctor K\u00f6rner. \" width=\"530\" height=\"350\" srcset=\"https:\/\/i0.wp.com\/eltrabajo.cl\/portal\/wp-content\/uploads\/2016\/03\/revision-colector3.jpg?w=530&amp;ssl=1 530w, https:\/\/i0.wp.com\/eltrabajo.cl\/portal\/wp-content\/uploads\/2016\/03\/revision-colector3.jpg?resize=200%2C132&amp;ssl=1 200w, https:\/\/i0.wp.com\/eltrabajo.cl\/portal\/wp-content\/uploads\/2016\/03\/revision-colector3.jpg?resize=300%2C198&amp;ssl=1 300w, https:\/\/i0.wp.com\/eltrabajo.cl\/portal\/wp-content\/uploads\/2016\/03\/revision-colector3.jpg?resize=227%2C150&amp;ssl=1 227w, https:\/\/i0.wp.com\/eltrabajo.cl\/portal\/wp-content\/uploads\/2016\/03\/revision-colector3.jpg?resize=400%2C264&amp;ssl=1 400w\" sizes=\"auto, (max-width: 530px) 100vw, 530px\" \/><\/a><figcaption id=\"caption-attachment-68004\" class=\"wp-caption-text\">El alcalde de Los Andes Mauricio Navarro junto al Inspector T\u00e9cnico de Obras (ITO), Javier Herrera, hicieron una visita a las obras de los colectores de aguas lluvias de la calle V\u00edctor K\u00f6rner.<\/figcaption><\/figure>\n<p><strong>Proyecto es emblem\u00e1tico y complementario a la pavimentaci\u00f3n de Arturo Prat.<\/strong><\/p>\n<p><strong>LOS ANDES.-<\/strong> Para mediados del mes de junio estar\u00edan concluyendo los trabajos de construcci\u00f3n del colector de aguas lluvias en la calle V\u00edctor K\u00f6rner, obra complementaria a lo que es la pavimentaci\u00f3n de Arturo Prat.<br \/>\nEl alcalde Mauricio Navarro realiz\u00f3 una visita inspectiva a las obras constatando que estas avanzan conforme al cronograma establecido por la empresa y que representan la parte m\u00e1s importante de este megaproyecto vial, uno de los m\u00e1s importante de la ciudad en los \u00faltimos a\u00f1os.<br \/>\nNavarro destac\u00f3 que este colector era necesario para resolver de una vez por todas el problema de la evacuaci\u00f3n de aguas lluvias de todas las villas del sector sur de la ciudad que antes escurr\u00edan por la superficie y que ahora ser\u00e1 subterr\u00e1nea hasta desembocar en el canal Rinconada.<br \/>\nEl edil precis\u00f3 que los trabajos y el encamisado que se est\u00e1 aplicando a las tuber\u00edas garantizan por un lado una obra de mucha durabilidad en el tiempo y tambi\u00e9n una importante descongesti\u00f3n para la ciudad al quedar expedita una de conectividad entre el sector poniente y sur oriente de Los Andes.<br \/>\nAgreg\u00f3 que esta es la obra v\u00eda m\u00e1s importante del Valle de Aconcagua actualmente en ejecuci\u00f3n y emblem\u00e1tica para los andinos.<br \/>\nNavarro reconoci\u00f3 que la construcci\u00f3n ha presentado m\u00faltiples dificultades, \u201csin embargo lo importante de todo esto es que lo han podido resolver adecuadamente y dentro de los tiempos programados para el desarrollo de las obras\u201d.<br \/>\nSe\u00f1al\u00f3 que el t\u00fanel de colector es indispensable para el proyecto, \u201cporque si no nos preocupamos de tener un buen sistema de evacuaci\u00f3n de aguas lluvias cualquier pavimentaci\u00f3n que se haga prontamente se va a deteriorar y no va a servir de nada\u201d.<br \/>\nPor su parte, el Inspector T\u00e9cnico de Obras (ITO), Javier Herrera, detall\u00f3 que se debi\u00f3 construir un t\u00fanel bajo avenida Santa Teresa para poder instalar este colector, \u201cy se trata de una obra que muy pocos andinos pueden apreciar pues estamos a casi seis metros bajo el subsuelo donde pasara este colector hasta desembocar en el canal Rinconada\u201d.<br \/>\nA\u00f1adi\u00f3 que llevan casi dos meses trabajando en este t\u00fanel, \u201cpues debemos ir excavando cerca de un metro diario para ir uniendo conexiones que se hace una a una\u201d.<br \/>\nHerrera explic\u00f3 que la idea es poder fortificar adecuadamente para poder proteger la tuber\u00eda del colector y as\u00ed garantizar no solo su durabilidad, sino que su mantenci\u00f3n.<\/p>\n","protected":false},"excerpt":{"rendered":"<p>Proyecto es emblem\u00e1tico y complementario a la pavimentaci\u00f3n de Arturo Prat. LOS ANDES.- Para mediados del mes de junio estar\u00edan concluyendo los trabajos de construcci\u00f3n del colector de aguas lluvias en la&#8230;<\/p>\n","protected":false},"author":1,"featured_media":68004,"comment_status":"open","ping_status":"open","sticky":false,"template":"","format":"standard","meta":{"advanced_seo_description":"","jetpack_seo_html_title":"","jetpack_seo_noindex":false,"_jetpack_memberships_contains_paid_content":false,"footnotes":""},"categories":[1],"tags":[],"class_list":["post-68003","post","type-post","status-publish","format-standard","has-post-thumbnail","hentry","category-cronica"],"jetpack_featured_media_url":"https:\/\/i0.wp.com\/eltrabajo.cl\/portal\/wp-content\/uploads\/2016\/03\/revision-colector3.jpg?fit=530%2C350&ssl=1","jetpack_sharing_enabled":true,"jetpack_likes_enabled":true,"jetpack-related-posts":[],"_links":{"self":[{"href":"https:\/\/eltrabajo.cl\/portal\/wp-json\/wp\/v2\/posts\/68003","targetHints":{"allow":["GET"]}}],"collection":[{"href":"https:\/\/eltrabajo.cl\/portal\/wp-json\/wp\/v2\/posts"}],"about":[{"href":"https:\/\/eltrabajo.cl\/portal\/wp-json\/wp\/v2\/types\/post"}],"author":[{"embeddable":true,"href":"https:\/\/eltrabajo.cl\/portal\/wp-json\/wp\/v2\/users\/1"}],"replies":[{"embeddable":true,"href":"https:\/\/eltrabajo.cl\/portal\/wp-json\/wp\/v2\/comments?post=68003"}],"version-history":[{"count":0,"href":"https:\/\/eltrabajo.cl\/portal\/wp-json\/wp\/v2\/posts\/68003\/revisions"}],"wp:featuredmedia":[{"embeddable":true,"href":"https:\/\/eltrabajo.cl\/portal\/wp-json\/wp\/v2\/media\/68004"}],"wp:attachment":[{"href":"https:\/\/eltrabajo.cl\/portal\/wp-json\/wp\/v2\/media?parent=68003"}],"wp:term":[{"taxonomy":"category","embeddable":true,"href":"https:\/\/eltrabajo.cl\/portal\/wp-json\/wp\/v2\/categories?post=68003"},{"taxonomy":"post_tag","embeddable":true,"href":"https:\/\/eltrabajo.cl\/portal\/wp-json\/wp\/v2\/tags?post=68003"}],"curies":[{"name":"wp","href":"https:\/\/api.w.org\/{rel}","templated":true}]}}