{"id":68007,"date":"2016-03-22T08:20:30","date_gmt":"2016-03-22T11:20:30","guid":{"rendered":"http:\/\/www.eltrabajo.cl\/portal\/?p=68007"},"modified":"2016-03-22T08:20:30","modified_gmt":"2016-03-22T11:20:30","slug":"direccion-de-obras-paraliza-construccion-sede-vecinal-villa-los-olivos","status":"publish","type":"post","link":"https:\/\/eltrabajo.cl\/portal\/direccion-de-obras-paraliza-construccion-sede-vecinal-villa-los-olivos\/","title":{"rendered":"Direcci\u00f3n de Obras paraliza construcci\u00f3n sede vecinal villa Los Olivos"},"content":{"rendered":"<figure id=\"attachment_68008\" aria-describedby=\"caption-attachment-68008\" style=\"width: 530px\" class=\"wp-caption alignleft\"><a href=\"http:\/\/www.eltrabajo.cl\/portal\/direccion-de-obras-paraliza-construccion-sede-vecinal-villa-los-olivos\/sede-vecinal-de-villa-los-olivos\/\" rel=\"attachment wp-att-68008\"><img data-recalc-dims=\"1\" loading=\"lazy\" decoding=\"async\" class=\"size-full wp-image-68008\" src=\"https:\/\/i0.wp.com\/www.eltrabajo.cl\/portal\/wp-content\/uploads\/2016\/03\/sede-vecinal-de-Villa-Los-Olivos.jpg?resize=530%2C348\" alt=\"Carla Far\u00edas, presidenta de la junta de vecinos, inform\u00f3 sobre la paralizaci\u00f3n de los trabajos de construcci\u00f3n de la sede vecinal de villa Los Olivos de Putaendo.\" width=\"530\" height=\"348\" srcset=\"https:\/\/i0.wp.com\/eltrabajo.cl\/portal\/wp-content\/uploads\/2016\/03\/sede-vecinal-de-Villa-Los-Olivos.jpg?w=530&amp;ssl=1 530w, https:\/\/i0.wp.com\/eltrabajo.cl\/portal\/wp-content\/uploads\/2016\/03\/sede-vecinal-de-Villa-Los-Olivos.jpg?resize=200%2C131&amp;ssl=1 200w, https:\/\/i0.wp.com\/eltrabajo.cl\/portal\/wp-content\/uploads\/2016\/03\/sede-vecinal-de-Villa-Los-Olivos.jpg?resize=300%2C197&amp;ssl=1 300w, https:\/\/i0.wp.com\/eltrabajo.cl\/portal\/wp-content\/uploads\/2016\/03\/sede-vecinal-de-Villa-Los-Olivos.jpg?resize=228%2C150&amp;ssl=1 228w, https:\/\/i0.wp.com\/eltrabajo.cl\/portal\/wp-content\/uploads\/2016\/03\/sede-vecinal-de-Villa-Los-Olivos.jpg?resize=400%2C263&amp;ssl=1 400w\" sizes=\"auto, (max-width: 530px) 100vw, 530px\" \/><\/a><figcaption id=\"caption-attachment-68008\" class=\"wp-caption-text\">Carla Far\u00edas, presidenta de la junta de vecinos, inform\u00f3 sobre la paralizaci\u00f3n de los trabajos de construcci\u00f3n de la sede vecinal de villa Los Olivos de Putaendo.<\/figcaption><\/figure>\n<p><strong>PUTAENDO.-<\/strong> El jueves reci\u00e9n pasado la Direcci\u00f3n de Obras del municipio paraliz\u00f3 los trabajos de construcci\u00f3n de la nueva sede vecinal de villa Los Olivos y puso t\u00e9rmino anticipado al contrato con la empresa que ejecutaba las obras.<br \/>\nCarla Far\u00edas, presidenta de la junta de vecinos del sector, asegur\u00f3 a nuestro medio que la construcci\u00f3n de esta sede vecinal ha sido un sue\u00f1o largamente a\u00f1orado y que muy felices vieron el comienzo de la construcci\u00f3n del recinto, pero al poco tiempo se percataron de varios detalles e irregularidades que fueron poniendo en evidencia la poca experiencia de la empresa, que incluso contrat\u00f3 personas que no ten\u00edan conocimientos en aspectos tan b\u00e1sicos como pegar ladrillos.<br \/>\nLa dirigente sostuvo que en varias ocasiones expresaron su preocupaci\u00f3n y molestia a la Direcci\u00f3n de Obras del Municipio por esta situaci\u00f3n, agregando que la gota que rebals\u00f3 el vaso fue la mala construcci\u00f3n de un pilar de concreto, que lejos de ser demolido fue recubierto para cubrir el mal trabajo, sumado a una especie de muro de ladrillos, que a simple vista demostraba que estaba totalmente desviada, al igual que problemas en puertas y ventanas y un cierre perimetral que quit\u00f3 varios metros correspondientes al terreno de la junta de vecinos.<br \/>\nPor estas razones, la directiva en pleno de la Junta de Vecinos de villa Los Olivos se reuni\u00f3 con el alcalde Guillermo Reyes, a quien le denunciaron estas graves falencias, lo que llev\u00f3 a que el jueves pasado la empresa se retirara del lugar luego que el municipio pusiera t\u00e9rmino anticipado al contrato.<br \/>\nFar\u00edas declar\u00f3 que el alcalde Guillermo Reyes dio garant\u00edas que est\u00e1n los recursos para retomar las obras, demoler lo que haya que demoler y asignar el proyecto a una nueva empresa. Junto con ello, la dirigente aprovech\u00f3 la ocasi\u00f3n para indicar a los vecinos que este es un traspi\u00e9 que escapa totalmente a la responsabilidad de la organizaci\u00f3n, que denunci\u00f3 oportunamente los hechos a la Direcci\u00f3n de Obras, pero tambi\u00e9n afirm\u00f3 que los vecinos pueden estar tranquilos, ya que los trabajos se retomar\u00e1n y se construir\u00e1 la sede de la forma y modo que est\u00e1 contemplada en el proyecto original.<br \/>\nPatricio Gallardo M.<\/p>\n","protected":false},"excerpt":{"rendered":"<p>PUTAENDO.- El jueves reci\u00e9n pasado la Direcci\u00f3n de Obras del municipio paraliz\u00f3 los trabajos de construcci\u00f3n de la nueva sede vecinal de villa Los Olivos y puso t\u00e9rmino anticipado al contrato con&#8230;<\/p>\n","protected":false},"author":1,"featured_media":68008,"comment_status":"open","ping_status":"open","sticky":false,"template":"","format":"standard","meta":{"advanced_seo_description":"","jetpack_seo_html_title":"","jetpack_seo_noindex":false,"_jetpack_memberships_contains_paid_content":false,"footnotes":""},"categories":[1],"tags":[],"class_list":["post-68007","post","type-post","status-publish","format-standard","has-post-thumbnail","hentry","category-cronica"],"jetpack_featured_media_url":"https:\/\/i0.wp.com\/eltrabajo.cl\/portal\/wp-content\/uploads\/2016\/03\/sede-vecinal-de-Villa-Los-Olivos.jpg?fit=530%2C348&ssl=1","jetpack_sharing_enabled":true,"jetpack_likes_enabled":true,"jetpack-related-posts":[],"_links":{"self":[{"href":"https:\/\/eltrabajo.cl\/portal\/wp-json\/wp\/v2\/posts\/68007","targetHints":{"allow":["GET"]}}],"collection":[{"href":"https:\/\/eltrabajo.cl\/portal\/wp-json\/wp\/v2\/posts"}],"about":[{"href":"https:\/\/eltrabajo.cl\/portal\/wp-json\/wp\/v2\/types\/post"}],"author":[{"embeddable":true,"href":"https:\/\/eltrabajo.cl\/portal\/wp-json\/wp\/v2\/users\/1"}],"replies":[{"embeddable":true,"href":"https:\/\/eltrabajo.cl\/portal\/wp-json\/wp\/v2\/comments?post=68007"}],"version-history":[{"count":0,"href":"https:\/\/eltrabajo.cl\/portal\/wp-json\/wp\/v2\/posts\/68007\/revisions"}],"wp:featuredmedia":[{"embeddable":true,"href":"https:\/\/eltrabajo.cl\/portal\/wp-json\/wp\/v2\/media\/68008"}],"wp:attachment":[{"href":"https:\/\/eltrabajo.cl\/portal\/wp-json\/wp\/v2\/media?parent=68007"}],"wp:term":[{"taxonomy":"category","embeddable":true,"href":"https:\/\/eltrabajo.cl\/portal\/wp-json\/wp\/v2\/categories?post=68007"},{"taxonomy":"post_tag","embeddable":true,"href":"https:\/\/eltrabajo.cl\/portal\/wp-json\/wp\/v2\/tags?post=68007"}],"curies":[{"name":"wp","href":"https:\/\/api.w.org\/{rel}","templated":true}]}}