{"id":68016,"date":"2016-03-22T08:28:00","date_gmt":"2016-03-22T11:28:00","guid":{"rendered":"http:\/\/www.eltrabajo.cl\/portal\/?p=68016"},"modified":"2016-03-22T08:28:00","modified_gmt":"2016-03-22T11:28:00","slug":"con-escopeta-intimido-a-ciclista-para-golpearlo-y-robarle-su-dinero","status":"publish","type":"post","link":"https:\/\/eltrabajo.cl\/portal\/con-escopeta-intimido-a-ciclista-para-golpearlo-y-robarle-su-dinero\/","title":{"rendered":"Con escopeta intimid\u00f3 a ciclista para golpearlo y robarle su dinero"},"content":{"rendered":"<figure id=\"attachment_68017\" aria-describedby=\"caption-attachment-68017\" style=\"width: 530px\" class=\"wp-caption alignleft\"><a href=\"http:\/\/www.eltrabajo.cl\/portal\/con-escopeta-intimido-a-ciclista-para-golpearlo-y-robarle-su-dinero\/detenido-robo-con-violencia\/\" rel=\"attachment wp-att-68017\"><img data-recalc-dims=\"1\" loading=\"lazy\" decoding=\"async\" class=\"size-full wp-image-68017\" src=\"https:\/\/i0.wp.com\/www.eltrabajo.cl\/portal\/wp-content\/uploads\/2016\/03\/detenido-robo-con-violencia.jpg?resize=530%2C350\" alt=\"El imputado al\u00edas &quot;El Pachuco&quot; fue detenido por Carabineros.\" width=\"530\" height=\"350\" srcset=\"https:\/\/i0.wp.com\/eltrabajo.cl\/portal\/wp-content\/uploads\/2016\/03\/detenido-robo-con-violencia.jpg?w=530&amp;ssl=1 530w, https:\/\/i0.wp.com\/eltrabajo.cl\/portal\/wp-content\/uploads\/2016\/03\/detenido-robo-con-violencia.jpg?resize=200%2C132&amp;ssl=1 200w, https:\/\/i0.wp.com\/eltrabajo.cl\/portal\/wp-content\/uploads\/2016\/03\/detenido-robo-con-violencia.jpg?resize=300%2C198&amp;ssl=1 300w, https:\/\/i0.wp.com\/eltrabajo.cl\/portal\/wp-content\/uploads\/2016\/03\/detenido-robo-con-violencia.jpg?resize=227%2C150&amp;ssl=1 227w, https:\/\/i0.wp.com\/eltrabajo.cl\/portal\/wp-content\/uploads\/2016\/03\/detenido-robo-con-violencia.jpg?resize=400%2C264&amp;ssl=1 400w\" sizes=\"auto, (max-width: 530px) 100vw, 530px\" \/><\/a><figcaption id=\"caption-attachment-68017\" class=\"wp-caption-text\">El imputado al\u00edas \u00abEl Pachuco\u00bb fue detenido por Carabineros.<\/figcaption><\/figure>\n<p><strong>Antisocial apodado \u2018El Pachuco\u2019 adem\u00e1s se apoder\u00f3 de bicicleta:<\/strong><\/p>\n<p>Carabineros de la Subcomisar\u00eda de Llay Llay captur\u00f3 al delincuente que fue reconocido por la v\u00edctima de 50 a\u00f1os de edad, quien sufri\u00f3 lesiones de car\u00e1cter leve, recuperando parte del dinero que le fue robado.<br \/>\nPor el delito de robo con violencia, un antisocial apodado \u2018El Pachuco\u2019 fue capturado por Carabineros aparentemente tras haber agredido y robado a un hombre de 50 a\u00f1os de edad. La v\u00edctima, que se desplazaba a bordo de su bicicleta, fue intimidada con una escopeta para quitarle su dinero y el m\u00f3vil en el que circulaba en la comuna de Llay Llay.<br \/>\nSeg\u00fan relat\u00f3 el afectado a funcionarios de Carabineros, el hecho habr\u00eda ocurrido la madrugada del domingo, a eso de las 03:30 horas, en momentos que se desplazaba a bordo de su bicicleta por el sector La Represa en Llay Llay, cuando sorpresivamente un sujeto lo intimid\u00f3 con una escopeta.<br \/>\nTras un violento forcejeo entre ambos, la v\u00edctima result\u00f3 lesionada por el antisocial que, tras apoderarse del dinero en efectivo, escap\u00f3 utilizando su bicicleta en direcci\u00f3n desconocida. Posteriormente fue individualizado por Carabineros que logr\u00f3 su detenci\u00f3n en menos de una hora, asegur\u00f3 el Capit\u00e1n Osvaldo Villarroel.<br \/>\n\u201cLa v\u00edctima se acerca a la unidad manifestando que un sujeto apodado \u2018El Pachuco\u2019, luego de agredirlo e intimidarlo con el arma de fuego, le sustrae $40.000 y su bicicleta huyendo en direcci\u00f3n desconocida. Con los patrullajes que realiza el personal policial logran ubicar a este sujeto que fue reconocido por la v\u00edctima\u201d.<br \/>\nVillarroel agreg\u00f3 que durante el procedimiento s\u00f3lo se logr\u00f3 recuperar parte del dinero sustra\u00eddo, sin lograr la incautaci\u00f3n del arma de fuego aparentemente usada por el acusado, ni la bicicleta de propiedad de la v\u00edctima, quien fue derivado hasta un centro asistencial, diagnosticado con lesiones de car\u00e1cter leve.<br \/>\nEl antisocial fue identificado con las iniciales I.A.M.M de 30 a\u00f1os de edad, quien seg\u00fan investigaciones policiales estar\u00eda vinculado a otros delitos, sin embargo no registra antecedentes delictuales. Su detenci\u00f3n fue controlada en el Juzgado de Garant\u00eda de San Felipe este domingo, quedando a disposici\u00f3n de la Fiscal\u00eda para la investigaci\u00f3n del caso.<br \/>\n<strong>Pablo Salinas Sald\u00edas<\/strong><\/p>\n","protected":false},"excerpt":{"rendered":"<p>Antisocial apodado \u2018El Pachuco\u2019 adem\u00e1s se apoder\u00f3 de bicicleta: Carabineros de la Subcomisar\u00eda de Llay Llay captur\u00f3 al delincuente que fue reconocido por la v\u00edctima de 50 a\u00f1os de edad, quien sufri\u00f3&#8230;<\/p>\n","protected":false},"author":1,"featured_media":68017,"comment_status":"open","ping_status":"open","sticky":false,"template":"","format":"standard","meta":{"advanced_seo_description":"","jetpack_seo_html_title":"","jetpack_seo_noindex":false,"_jetpack_memberships_contains_paid_content":false,"footnotes":""},"categories":[21],"tags":[],"class_list":["post-68016","post","type-post","status-publish","format-standard","has-post-thumbnail","hentry","category-policial"],"jetpack_featured_media_url":"https:\/\/i0.wp.com\/eltrabajo.cl\/portal\/wp-content\/uploads\/2016\/03\/detenido-robo-con-violencia.jpg?fit=530%2C350&ssl=1","jetpack_sharing_enabled":true,"jetpack_likes_enabled":true,"jetpack-related-posts":[],"_links":{"self":[{"href":"https:\/\/eltrabajo.cl\/portal\/wp-json\/wp\/v2\/posts\/68016","targetHints":{"allow":["GET"]}}],"collection":[{"href":"https:\/\/eltrabajo.cl\/portal\/wp-json\/wp\/v2\/posts"}],"about":[{"href":"https:\/\/eltrabajo.cl\/portal\/wp-json\/wp\/v2\/types\/post"}],"author":[{"embeddable":true,"href":"https:\/\/eltrabajo.cl\/portal\/wp-json\/wp\/v2\/users\/1"}],"replies":[{"embeddable":true,"href":"https:\/\/eltrabajo.cl\/portal\/wp-json\/wp\/v2\/comments?post=68016"}],"version-history":[{"count":0,"href":"https:\/\/eltrabajo.cl\/portal\/wp-json\/wp\/v2\/posts\/68016\/revisions"}],"wp:featuredmedia":[{"embeddable":true,"href":"https:\/\/eltrabajo.cl\/portal\/wp-json\/wp\/v2\/media\/68017"}],"wp:attachment":[{"href":"https:\/\/eltrabajo.cl\/portal\/wp-json\/wp\/v2\/media?parent=68016"}],"wp:term":[{"taxonomy":"category","embeddable":true,"href":"https:\/\/eltrabajo.cl\/portal\/wp-json\/wp\/v2\/categories?post=68016"},{"taxonomy":"post_tag","embeddable":true,"href":"https:\/\/eltrabajo.cl\/portal\/wp-json\/wp\/v2\/tags?post=68016"}],"curies":[{"name":"wp","href":"https:\/\/api.w.org\/{rel}","templated":true}]}}