{"id":68027,"date":"2016-03-23T08:21:34","date_gmt":"2016-03-23T11:21:34","guid":{"rendered":"http:\/\/www.eltrabajo.cl\/portal\/?p=68027"},"modified":"2016-03-23T08:21:34","modified_gmt":"2016-03-23T11:21:34","slug":"concejal-covarrubias-farmacia-popular-no-es-para-discriminar-a-vecinos","status":"publish","type":"post","link":"https:\/\/eltrabajo.cl\/portal\/concejal-covarrubias-farmacia-popular-no-es-para-discriminar-a-vecinos\/","title":{"rendered":"Concejal Covarrubias: \u201cFarmacia Popular no es para discriminar a vecinos\u201d"},"content":{"rendered":"<figure id=\"attachment_68028\" aria-describedby=\"caption-attachment-68028\" style=\"width: 300px\" class=\"wp-caption alignleft\"><a href=\"http:\/\/www.eltrabajo.cl\/portal\/concejal-covarrubias-farmacia-popular-no-es-para-discriminar-a-vecinos\/ricardo-covarrubias-1-2\/\" rel=\"attachment wp-att-68028\"><img data-recalc-dims=\"1\" loading=\"lazy\" decoding=\"async\" class=\"size-medium wp-image-68028\" src=\"https:\/\/i0.wp.com\/www.eltrabajo.cl\/portal\/wp-content\/uploads\/2016\/03\/Ricardo-Covarrubias-1-300x197.jpg?resize=300%2C197\" alt=\"Concejal Ricardo Covarrubias.\" width=\"300\" height=\"197\" srcset=\"https:\/\/i0.wp.com\/eltrabajo.cl\/portal\/wp-content\/uploads\/2016\/03\/Ricardo-Covarrubias-1.jpg?resize=300%2C197&amp;ssl=1 300w, https:\/\/i0.wp.com\/eltrabajo.cl\/portal\/wp-content\/uploads\/2016\/03\/Ricardo-Covarrubias-1.jpg?resize=200%2C131&amp;ssl=1 200w, https:\/\/i0.wp.com\/eltrabajo.cl\/portal\/wp-content\/uploads\/2016\/03\/Ricardo-Covarrubias-1.jpg?resize=228%2C150&amp;ssl=1 228w, https:\/\/i0.wp.com\/eltrabajo.cl\/portal\/wp-content\/uploads\/2016\/03\/Ricardo-Covarrubias-1.jpg?resize=400%2C263&amp;ssl=1 400w, https:\/\/i0.wp.com\/eltrabajo.cl\/portal\/wp-content\/uploads\/2016\/03\/Ricardo-Covarrubias-1.jpg?w=530&amp;ssl=1 530w\" sizes=\"auto, (max-width: 300px) 100vw, 300px\" \/><\/a><figcaption id=\"caption-attachment-68028\" class=\"wp-caption-text\">Concejal Ricardo Covarrubias.<\/figcaption><\/figure>\n<p>Este martes se desarroll\u00f3 una sesi\u00f3n de Concejo donde fue abordado el tema Farmacia Popular, y el alcalde Patricio Freire defendi\u00f3 la propuesta del equipo t\u00e9cnico de salud municipal para que dicho programa sea solamente para beneficiarios de Fonasa.<br \/>\nEn este sentido el concejal Ricardo Covarrubias, se mostr\u00f3 contrariado con dicha propuesta porque seg\u00fan el concejal muchas personas que en la d\u00e9cada de los \u201880 y \u201890 compraron otros programas de salud pensando en una mejor atenci\u00f3n y que dada su condici\u00f3n de profesionales medios pod\u00edan adquirirla, hoy tienen una realidad econ\u00f3mica distinta y desfavorable.<br \/>\n\u201cEste programa de la Farmacia Popular, tiene como objetivo de pol\u00edtica p\u00fablica responder a una imperiosa necesidad de que los vecinos puedan acceder a este beneficio para comprar medicamentos con precio justo y el municipio solamente hace el rol de intermediario y no debe afectar sus costos para hacerlo, entonces me parece extra\u00f1o que esta gran iniciativa no sea para todos los sanfelipe\u00f1os que padecen enfermedades cr\u00f3nicas, enfermedades terminales de altos costos de sus remedios y si no pertenecen a Fonasa simplemente se les deja fuera de esta farmacia popular lo que considero injusto\u201d, asever\u00f3 Ricardo Covarrubias.<br \/>\nAl ser consultado el concejal de por qu\u00e9 el equipo del municipio discrimin\u00f3 favoreciendo solamente a los usuarios de Fonasa, se\u00f1al\u00f3 \u201cdesconozco las razones y han instalado el discurso que van a ir haci\u00e9ndolo de a poco pero creo que esto es una aberraci\u00f3n, puesto que este gran programa est\u00e1 siendo esperado con gran expectativa por la comunidad sanfelipe\u00f1a\u201d.<br \/>\nAgreg\u00f3 que se aducen las presentaciones de quienes quieren derribar este programa \u201cmencionan las presentaciones que se han hecho a la contralor\u00eda, pero si eso siempre se supo que iba a ser as\u00ed, no se iban a quedar las grandes cadenas con los brazos cruzados, enviaron a sus operadores para que esto fracase y eso siempre se supo que era as\u00ed, pero nosotros como concejo debemos ser firmes y defender los bolsillos de los sanfelipe\u00f1os, y cualquiera sea su programa de salud\u201d, manifest\u00f3.<br \/>\nFinalmente al ser consultado si las personas que pertenecen a otros programas alternativos a Fonasa podr\u00edan ocupar un cupo de personas sin recursos, el concejal respondi\u00f3 \u201cle vuelvo a responder, hay personas en Isapres que compraron un paquete de atenci\u00f3n cuando ten\u00edan otra situaci\u00f3n econ\u00f3mica y ahora muchos de ellos ganan un tercio en sus pensiones en relaci\u00f3n de los sueldos que ganaban cuando eran activos, por cuanto se hace necesario incorporarles\u201d, concluy\u00f3 Ricardo Covarrubias.<\/p>\n","protected":false},"excerpt":{"rendered":"<p>Este martes se desarroll\u00f3 una sesi\u00f3n de Concejo donde fue abordado el tema Farmacia Popular, y el alcalde Patricio Freire defendi\u00f3 la propuesta del equipo t\u00e9cnico de salud municipal para que dicho&#8230;<\/p>\n","protected":false},"author":1,"featured_media":68028,"comment_status":"open","ping_status":"open","sticky":false,"template":"","format":"standard","meta":{"advanced_seo_description":"","jetpack_seo_html_title":"","jetpack_seo_noindex":false,"_jetpack_memberships_contains_paid_content":false,"footnotes":""},"categories":[1],"tags":[],"class_list":["post-68027","post","type-post","status-publish","format-standard","has-post-thumbnail","hentry","category-cronica"],"jetpack_featured_media_url":"https:\/\/i0.wp.com\/eltrabajo.cl\/portal\/wp-content\/uploads\/2016\/03\/Ricardo-Covarrubias-1.jpg?fit=530%2C348&ssl=1","jetpack_sharing_enabled":true,"jetpack_likes_enabled":true,"jetpack-related-posts":[],"_links":{"self":[{"href":"https:\/\/eltrabajo.cl\/portal\/wp-json\/wp\/v2\/posts\/68027","targetHints":{"allow":["GET"]}}],"collection":[{"href":"https:\/\/eltrabajo.cl\/portal\/wp-json\/wp\/v2\/posts"}],"about":[{"href":"https:\/\/eltrabajo.cl\/portal\/wp-json\/wp\/v2\/types\/post"}],"author":[{"embeddable":true,"href":"https:\/\/eltrabajo.cl\/portal\/wp-json\/wp\/v2\/users\/1"}],"replies":[{"embeddable":true,"href":"https:\/\/eltrabajo.cl\/portal\/wp-json\/wp\/v2\/comments?post=68027"}],"version-history":[{"count":0,"href":"https:\/\/eltrabajo.cl\/portal\/wp-json\/wp\/v2\/posts\/68027\/revisions"}],"wp:featuredmedia":[{"embeddable":true,"href":"https:\/\/eltrabajo.cl\/portal\/wp-json\/wp\/v2\/media\/68028"}],"wp:attachment":[{"href":"https:\/\/eltrabajo.cl\/portal\/wp-json\/wp\/v2\/media?parent=68027"}],"wp:term":[{"taxonomy":"category","embeddable":true,"href":"https:\/\/eltrabajo.cl\/portal\/wp-json\/wp\/v2\/categories?post=68027"},{"taxonomy":"post_tag","embeddable":true,"href":"https:\/\/eltrabajo.cl\/portal\/wp-json\/wp\/v2\/tags?post=68027"}],"curies":[{"name":"wp","href":"https:\/\/api.w.org\/{rel}","templated":true}]}}