{"id":68031,"date":"2016-03-23T08:23:35","date_gmt":"2016-03-23T11:23:35","guid":{"rendered":"http:\/\/www.eltrabajo.cl\/portal\/?p=68031"},"modified":"2016-03-23T08:24:45","modified_gmt":"2016-03-23T11:24:45","slug":"continuaran-trabajando-idea-de-instalar-sede-cft-estatal-en-los-andes","status":"publish","type":"post","link":"https:\/\/eltrabajo.cl\/portal\/continuaran-trabajando-idea-de-instalar-sede-cft-estatal-en-los-andes\/","title":{"rendered":"Continuar\u00e1n trabajando idea de instalar sede CFT estatal en Los Andes"},"content":{"rendered":"<figure id=\"attachment_68032\" aria-describedby=\"caption-attachment-68032\" style=\"width: 300px\" class=\"wp-caption alignleft\"><a href=\"http:\/\/www.eltrabajo.cl\/portal\/continuaran-trabajando-idea-de-instalar-sede-cft-estatal-en-los-andes\/gobernadora_mariavictoriarodriguez\/\" rel=\"attachment wp-att-68032\"><img data-recalc-dims=\"1\" loading=\"lazy\" decoding=\"async\" class=\"wp-image-68032 size-medium\" src=\"https:\/\/i0.wp.com\/www.eltrabajo.cl\/portal\/wp-content\/uploads\/2016\/03\/gobernadora_mariavictoriarodriguez-e1458732204446-300x268.jpg?resize=300%2C268\" alt=\"La Gobernadora Mar\u00eda Victoria Rodr\u00edguez asegur\u00f3 que el Ministerio de Educaci\u00f3n est\u00e1 asumiendo la vocer\u00eda del tema.\" width=\"300\" height=\"268\" srcset=\"https:\/\/i0.wp.com\/eltrabajo.cl\/portal\/wp-content\/uploads\/2016\/03\/gobernadora_mariavictoriarodriguez-e1458732204446.jpg?resize=300%2C268&amp;ssl=1 300w, https:\/\/i0.wp.com\/eltrabajo.cl\/portal\/wp-content\/uploads\/2016\/03\/gobernadora_mariavictoriarodriguez-e1458732204446.jpg?resize=168%2C150&amp;ssl=1 168w, https:\/\/i0.wp.com\/eltrabajo.cl\/portal\/wp-content\/uploads\/2016\/03\/gobernadora_mariavictoriarodriguez-e1458732204446.jpg?w=372&amp;ssl=1 372w\" sizes=\"auto, (max-width: 300px) 100vw, 300px\" \/><\/a><figcaption id=\"caption-attachment-68032\" class=\"wp-caption-text\">La Gobernadora Mar\u00eda Victoria Rodr\u00edguez asegur\u00f3 que el Ministerio de Educaci\u00f3n est\u00e1 asumiendo la vocer\u00eda del tema.<\/figcaption><\/figure>\n<p><strong>LOS ANDES.-<\/strong> Ante la promulgaci\u00f3n de la ley que crea 15 Centros de Formaci\u00f3n T\u00e9cnica Estatal a nivel nacional que dej\u00f3 fuera a la ciudad de Los Andes en beneficio del puerto de San Antonio, la gobernadora provincial Mar\u00eda Victoria Rodr\u00edguez dijo que el tema est\u00e1 en manos del Ministerio de Educaci\u00f3n y a trav\u00e9s de la Seremi del ramo se continuar\u00e1 trabajando para que una sede se instale en la ciudad.<br \/>\n\u00abLo que a nosotros nos interesa es que pueda existir la posibilidad de carreras t\u00e9cnico profesionales de universidades estatales se instalen en la provincia y lo que me manifiesta el Seremi es que a\u00fan hay tiempo de seguir trabajando para poder materializar esta idea de que Los Andes pueda ser una de las sedes de este CFT estatal de la regi\u00f3n de Valpara\u00edso\u00bb, expres\u00f3.<br \/>\nAgreg\u00f3 que \u00abyo no particip\u00e9 en las reuniones posteriores donde se resolvi\u00f3 que hab\u00eda un empate entre San Antonio y Los Andes y que la idea era construir un CFT y dos sedes, pero posteriormente si se tomaron otras decisiones, yo no he participado en ellas\u00bb.<br \/>\nLa gobernadora dijo que por lo que le manifest\u00f3 el Seremi de Educaci\u00f3n y ex concejal de la comuna de Los Andes, Alejandro Tapia, \u00ab\u00e9l va a continuar trabajando la idea de que pueda formalizarse, al igual que en otras regiones, un CFT y dos sedes, lo que ser\u00eda una gran respuesta para nuestra provincia y es lo que espera la gente respecto de los compromisos adquiridos anteriormente\u00bb.<br \/>\nManifest\u00f3 que esta es una situaci\u00f3n que refleja desde cierto punto de vista la necesidad de que Aconcagua se transforme en una regi\u00f3n independiente de Valpara\u00edso, \u00abpues este es uno de los temas que indican las diferencias de criterio que pueden existir\u00bb. Asimismo deslind\u00f3 responsabilidad en la Universidad de Playa Ancha por ser ellos quienes organizaron las mesas de trabajo donde dieron cuenta de la construcci\u00f3n de este CFT estatal en los terrenos de la ex Aduana, \u00abpero lo que a nosotros nos preocupa es que se cumpla con el compromiso de que haya un CFT y dos sede en la regi\u00f3n, ya que queremos que los j\u00f3venes de nuestra provincia tengan acceso a la educaci\u00f3n t\u00e9cnico profesional comprometida inicialmente para la provincia\u00bb.<br \/>\nEn cuanto al terreno, dijo que es de propiedad fiscal y su destin\u00f3 ser\u00e1 garantizado para que se utilice en una obra relacionada con educaci\u00f3n.<\/p>\n","protected":false},"excerpt":{"rendered":"<p>LOS ANDES.- Ante la promulgaci\u00f3n de la ley que crea 15 Centros de Formaci\u00f3n T\u00e9cnica Estatal a nivel nacional que dej\u00f3 fuera a la ciudad de Los Andes en beneficio del puerto&#8230;<\/p>\n","protected":false},"author":1,"featured_media":68032,"comment_status":"open","ping_status":"open","sticky":false,"template":"","format":"standard","meta":{"advanced_seo_description":"","jetpack_seo_html_title":"","jetpack_seo_noindex":false,"_jetpack_memberships_contains_paid_content":false,"footnotes":""},"categories":[1],"tags":[],"class_list":["post-68031","post","type-post","status-publish","format-standard","has-post-thumbnail","hentry","category-cronica"],"jetpack_featured_media_url":"https:\/\/i0.wp.com\/eltrabajo.cl\/portal\/wp-content\/uploads\/2016\/03\/gobernadora_mariavictoriarodriguez-e1458732204446.jpg?fit=372%2C332&ssl=1","jetpack_sharing_enabled":true,"jetpack_likes_enabled":true,"jetpack-related-posts":[],"_links":{"self":[{"href":"https:\/\/eltrabajo.cl\/portal\/wp-json\/wp\/v2\/posts\/68031","targetHints":{"allow":["GET"]}}],"collection":[{"href":"https:\/\/eltrabajo.cl\/portal\/wp-json\/wp\/v2\/posts"}],"about":[{"href":"https:\/\/eltrabajo.cl\/portal\/wp-json\/wp\/v2\/types\/post"}],"author":[{"embeddable":true,"href":"https:\/\/eltrabajo.cl\/portal\/wp-json\/wp\/v2\/users\/1"}],"replies":[{"embeddable":true,"href":"https:\/\/eltrabajo.cl\/portal\/wp-json\/wp\/v2\/comments?post=68031"}],"version-history":[{"count":0,"href":"https:\/\/eltrabajo.cl\/portal\/wp-json\/wp\/v2\/posts\/68031\/revisions"}],"wp:featuredmedia":[{"embeddable":true,"href":"https:\/\/eltrabajo.cl\/portal\/wp-json\/wp\/v2\/media\/68032"}],"wp:attachment":[{"href":"https:\/\/eltrabajo.cl\/portal\/wp-json\/wp\/v2\/media?parent=68031"}],"wp:term":[{"taxonomy":"category","embeddable":true,"href":"https:\/\/eltrabajo.cl\/portal\/wp-json\/wp\/v2\/categories?post=68031"},{"taxonomy":"post_tag","embeddable":true,"href":"https:\/\/eltrabajo.cl\/portal\/wp-json\/wp\/v2\/tags?post=68031"}],"curies":[{"name":"wp","href":"https:\/\/api.w.org\/{rel}","templated":true}]}}