{"id":68035,"date":"2016-03-23T08:28:17","date_gmt":"2016-03-23T11:28:17","guid":{"rendered":"http:\/\/www.eltrabajo.cl\/portal\/?p=68035"},"modified":"2016-03-23T08:28:17","modified_gmt":"2016-03-23T11:28:17","slug":"pdi-incauta-moto-robada-a-nino-de-13-anos-conduciendola-en-villa-250","status":"publish","type":"post","link":"https:\/\/eltrabajo.cl\/portal\/pdi-incauta-moto-robada-a-nino-de-13-anos-conduciendola-en-villa-250\/","title":{"rendered":"PDI incauta moto robada a ni\u00f1o de 13 a\u00f1os conduci\u00e9ndola en villa 250"},"content":{"rendered":"<figure id=\"attachment_68036\" aria-describedby=\"caption-attachment-68036\" style=\"width: 530px\" class=\"wp-caption alignleft\"><a href=\"http:\/\/www.eltrabajo.cl\/portal\/pdi-incauta-moto-robada-a-nino-de-13-anos-conduciendola-en-villa-250\/moto33\/\" rel=\"attachment wp-att-68036\"><img data-recalc-dims=\"1\" loading=\"lazy\" decoding=\"async\" class=\"size-full wp-image-68036\" src=\"https:\/\/i0.wp.com\/www.eltrabajo.cl\/portal\/wp-content\/uploads\/2016\/03\/Moto33.jpg?resize=530%2C348\" alt=\"RECUPERADA.- Esta es la motocicleta recuperada por agentes de la PDI, al momento de su recuperaci\u00f3n, era conducida por un ni\u00f1o de trece a\u00f1os.\" width=\"530\" height=\"348\" srcset=\"https:\/\/i0.wp.com\/eltrabajo.cl\/portal\/wp-content\/uploads\/2016\/03\/Moto33.jpg?w=530&amp;ssl=1 530w, https:\/\/i0.wp.com\/eltrabajo.cl\/portal\/wp-content\/uploads\/2016\/03\/Moto33.jpg?resize=200%2C131&amp;ssl=1 200w, https:\/\/i0.wp.com\/eltrabajo.cl\/portal\/wp-content\/uploads\/2016\/03\/Moto33.jpg?resize=300%2C197&amp;ssl=1 300w, https:\/\/i0.wp.com\/eltrabajo.cl\/portal\/wp-content\/uploads\/2016\/03\/Moto33.jpg?resize=228%2C150&amp;ssl=1 228w, https:\/\/i0.wp.com\/eltrabajo.cl\/portal\/wp-content\/uploads\/2016\/03\/Moto33.jpg?resize=400%2C263&amp;ssl=1 400w\" sizes=\"auto, (max-width: 530px) 100vw, 530px\" \/><\/a><figcaption id=\"caption-attachment-68036\" class=\"wp-caption-text\">RECUPERADA.- Esta es la motocicleta recuperada por agentes de la PDI, al momento de su recuperaci\u00f3n, era conducida por un ni\u00f1o de trece a\u00f1os.<\/figcaption><\/figure>\n<p>Sigue la PDI golpeando al hampa sanfelipe\u00f1a. Este lunes en horas de la ma\u00f1ana fue recuperada una motocicleta tipo Enduro que hab\u00eda sido robada frente a Bar Aries, ubicado en Chacabuco con Coimas el 12 de marzo. De esta manera iniciamos una investigaci\u00f3n, la cual nos condujo a villa 250 A\u00f1os, en donde descubrimos que la moto estaba circulando efectivamente.<br \/>\n\u00abFiscalizamos ese veh\u00edculo, cuyo conductor era un menor de trece a\u00f1os, el cual es inimputable, a\u00fan as\u00ed lo detuvimos y lo entregamos a sus padres por orden del Juzgado de Familia\u00bb, explic\u00f3 a Diario El Trabajo el subprefecto de la PDI, Carlos Rivera. La moto hab\u00eda sido repintada y fue identificada gracias a un meticuloso examen al serial del chasis.<\/p>\n","protected":false},"excerpt":{"rendered":"<p>Sigue la PDI golpeando al hampa sanfelipe\u00f1a. Este lunes en horas de la ma\u00f1ana fue recuperada una motocicleta tipo Enduro que hab\u00eda sido robada frente a Bar Aries, ubicado en Chacabuco con&#8230;<\/p>\n","protected":false},"author":1,"featured_media":68036,"comment_status":"open","ping_status":"open","sticky":false,"template":"","format":"standard","meta":{"advanced_seo_description":"","jetpack_seo_html_title":"","jetpack_seo_noindex":false,"_jetpack_memberships_contains_paid_content":false,"footnotes":""},"categories":[21],"tags":[],"class_list":["post-68035","post","type-post","status-publish","format-standard","has-post-thumbnail","hentry","category-policial"],"jetpack_featured_media_url":"https:\/\/i0.wp.com\/eltrabajo.cl\/portal\/wp-content\/uploads\/2016\/03\/Moto33.jpg?fit=530%2C348&ssl=1","jetpack_sharing_enabled":true,"jetpack_likes_enabled":true,"jetpack-related-posts":[],"_links":{"self":[{"href":"https:\/\/eltrabajo.cl\/portal\/wp-json\/wp\/v2\/posts\/68035","targetHints":{"allow":["GET"]}}],"collection":[{"href":"https:\/\/eltrabajo.cl\/portal\/wp-json\/wp\/v2\/posts"}],"about":[{"href":"https:\/\/eltrabajo.cl\/portal\/wp-json\/wp\/v2\/types\/post"}],"author":[{"embeddable":true,"href":"https:\/\/eltrabajo.cl\/portal\/wp-json\/wp\/v2\/users\/1"}],"replies":[{"embeddable":true,"href":"https:\/\/eltrabajo.cl\/portal\/wp-json\/wp\/v2\/comments?post=68035"}],"version-history":[{"count":0,"href":"https:\/\/eltrabajo.cl\/portal\/wp-json\/wp\/v2\/posts\/68035\/revisions"}],"wp:featuredmedia":[{"embeddable":true,"href":"https:\/\/eltrabajo.cl\/portal\/wp-json\/wp\/v2\/media\/68036"}],"wp:attachment":[{"href":"https:\/\/eltrabajo.cl\/portal\/wp-json\/wp\/v2\/media?parent=68035"}],"wp:term":[{"taxonomy":"category","embeddable":true,"href":"https:\/\/eltrabajo.cl\/portal\/wp-json\/wp\/v2\/categories?post=68035"},{"taxonomy":"post_tag","embeddable":true,"href":"https:\/\/eltrabajo.cl\/portal\/wp-json\/wp\/v2\/tags?post=68035"}],"curies":[{"name":"wp","href":"https:\/\/api.w.org\/{rel}","templated":true}]}}