{"id":68039,"date":"2016-03-23T08:31:13","date_gmt":"2016-03-23T11:31:13","guid":{"rendered":"http:\/\/www.eltrabajo.cl\/portal\/?p=68039"},"modified":"2016-03-23T08:31:13","modified_gmt":"2016-03-23T11:31:13","slug":"conductores-molestos-por-congestion-vehicular-frente-al-sunnyland-school","status":"publish","type":"post","link":"https:\/\/eltrabajo.cl\/portal\/conductores-molestos-por-congestion-vehicular-frente-al-sunnyland-school\/","title":{"rendered":"Conductores molestos\u00a0por congesti\u00f3n vehicular frente al Sunnyland School"},"content":{"rendered":"<figure id=\"attachment_68040\" aria-describedby=\"caption-attachment-68040\" style=\"width: 530px\" class=\"wp-caption alignleft\"><a href=\"http:\/\/www.eltrabajo.cl\/portal\/conductores-molestos-por-congestion-vehicular-frente-al-sunnyland-school\/carretera2\/\" rel=\"attachment wp-att-68040\"><img data-recalc-dims=\"1\" loading=\"lazy\" decoding=\"async\" class=\"size-full wp-image-68040\" src=\"https:\/\/i0.wp.com\/www.eltrabajo.cl\/portal\/wp-content\/uploads\/2016\/03\/carretera2.jpg?resize=530%2C348\" alt=\"Los conductores a\u00fan esperan soluciones a un problema que viene arrastr\u00e1ndose por a\u00f1os en el sector. \" width=\"530\" height=\"348\" srcset=\"https:\/\/i0.wp.com\/eltrabajo.cl\/portal\/wp-content\/uploads\/2016\/03\/carretera2.jpg?w=530&amp;ssl=1 530w, https:\/\/i0.wp.com\/eltrabajo.cl\/portal\/wp-content\/uploads\/2016\/03\/carretera2.jpg?resize=200%2C131&amp;ssl=1 200w, https:\/\/i0.wp.com\/eltrabajo.cl\/portal\/wp-content\/uploads\/2016\/03\/carretera2.jpg?resize=300%2C197&amp;ssl=1 300w, https:\/\/i0.wp.com\/eltrabajo.cl\/portal\/wp-content\/uploads\/2016\/03\/carretera2.jpg?resize=228%2C150&amp;ssl=1 228w, https:\/\/i0.wp.com\/eltrabajo.cl\/portal\/wp-content\/uploads\/2016\/03\/carretera2.jpg?resize=400%2C263&amp;ssl=1 400w\" sizes=\"auto, (max-width: 530px) 100vw, 530px\" \/><\/a><figcaption id=\"caption-attachment-68040\" class=\"wp-caption-text\">Los conductores a\u00fan esperan soluciones a un problema que viene arrastr\u00e1ndose por a\u00f1os en el sector.<\/figcaption><\/figure>\n<p><strong>PUTAENDO.-<\/strong> Hace dos a\u00f1os los alcaldes de Putaendo y San Felipe junto a autoridades de la Seremi de Transportes, la Seremi de Obras P\u00fablicas y la Gobernaci\u00f3n Provincial de San Felipe comprometieron estudiar soluciones para el inconveniente que a diario enfrentan varios automovilistas, y que hasta la fecha no han prosperado.<br \/>\nLos conductores que se dirigen desde Putaendo hacia San Felipe deben enfrentar retrasos de hasta 20 minutos en el tramo comprendido entre el sector Punta del Olivo y el Callej\u00f3n Los Naranjos, donde se ubica el Sunnyland School.<br \/>\nNuestro medio ya hab\u00eda dado cuenta de esta situaci\u00f3n hace casi dos a\u00f1os sobre este tema, que sigue causando problemas de retraso a los vecinos de la comuna, que muy temprano viajan a San Felipe. De hecho, el 27 de marzo del a\u00f1o 2014, los alcaldes de Putaendo, Guillermo Reyes y San Felipe, Patricio Freire, junto al Seremi de Transporte, el Gobernador Provincial Eduardo Le\u00f3n, un representante de la Seremi de Obras P\u00fablicas y el Director de Tr\u00e1nsito de la Municipalidad de San Felipe se reunieron para buscar soluciones a esta problem\u00e1tica, acordando establecer estudios y mejoras, con el objetivo de agilizar el tr\u00e1nsito vehicular en esa zona, donde incluso se habl\u00f3 una tercera pista y expropiaciones.<br \/>\nHasta la fecha, ninguno de esos acuerdos se ha materializado, y hoy son los conductores que a diario utilizan la carretera E-71 los que siguen enfrentando los inconvenientes de una congesti\u00f3n vehicular extensa, que adem\u00e1s se incrementa con el paso de camiones de alto tonelaje.<br \/>\nSobre este tema consultamos al Gobernador Eduardo Le\u00f3n, quien asegur\u00f3 que est\u00e1 consciente de esta situaci\u00f3n, e indic\u00f3 que en la reuni\u00f3n efectuada el a\u00f1o 2014 la Seremi de Obras P\u00fablicas comenz\u00f3 el estudio para buscar una soluci\u00f3n definitiva a esta problem\u00e1tica, motivo por el cual anunci\u00f3 que solicitar\u00e1 la revisi\u00f3n de los antecedentes que permitan definir las medidas que se adoptar\u00e1n para este caso.<br \/>\nEntre las 08:00 y 08:30 horas, cuando se produce el ingreso de estudiantes al Sunnyland School, la situaci\u00f3n se torna m\u00e1s compleja para quienes entran y salen desde el Callej\u00f3n Los Naranjos, y muchas veces la regulaci\u00f3n del tr\u00e1nsito que realiza Carabineros genera m\u00e1s problemas para los automovilistas.<br \/>\nEste martes, nuestro medio estuvo en el lugar entre las 07:00 horas y hasta las 08:00 horas, y una vez m\u00e1s pudimos comprobar la extensa congesti\u00f3n vehicular, que se dificultaba a\u00fan m\u00e1s por el continuo desborde de un canal de regad\u00edo, que inunda las dos pistas de la carretera en ese tramo, provocando m\u00e1s retrasos para quienes viajan entre Putaendo y San Felipe.<br \/>\n<strong>Patricio Gallardo M.<\/strong><\/p>\n","protected":false},"excerpt":{"rendered":"<p>PUTAENDO.- Hace dos a\u00f1os los alcaldes de Putaendo y San Felipe junto a autoridades de la Seremi de Transportes, la Seremi de Obras P\u00fablicas y la Gobernaci\u00f3n Provincial de San Felipe comprometieron&#8230;<\/p>\n","protected":false},"author":1,"featured_media":68040,"comment_status":"open","ping_status":"open","sticky":false,"template":"","format":"standard","meta":{"advanced_seo_description":"","jetpack_seo_html_title":"","jetpack_seo_noindex":false,"_jetpack_memberships_contains_paid_content":false,"footnotes":""},"categories":[15],"tags":[],"class_list":["post-68039","post","type-post","status-publish","format-standard","has-post-thumbnail","hentry","category-comunidad"],"jetpack_featured_media_url":"https:\/\/i0.wp.com\/eltrabajo.cl\/portal\/wp-content\/uploads\/2016\/03\/carretera2.jpg?fit=530%2C348&ssl=1","jetpack_sharing_enabled":true,"jetpack_likes_enabled":true,"jetpack-related-posts":[],"_links":{"self":[{"href":"https:\/\/eltrabajo.cl\/portal\/wp-json\/wp\/v2\/posts\/68039","targetHints":{"allow":["GET"]}}],"collection":[{"href":"https:\/\/eltrabajo.cl\/portal\/wp-json\/wp\/v2\/posts"}],"about":[{"href":"https:\/\/eltrabajo.cl\/portal\/wp-json\/wp\/v2\/types\/post"}],"author":[{"embeddable":true,"href":"https:\/\/eltrabajo.cl\/portal\/wp-json\/wp\/v2\/users\/1"}],"replies":[{"embeddable":true,"href":"https:\/\/eltrabajo.cl\/portal\/wp-json\/wp\/v2\/comments?post=68039"}],"version-history":[{"count":0,"href":"https:\/\/eltrabajo.cl\/portal\/wp-json\/wp\/v2\/posts\/68039\/revisions"}],"wp:featuredmedia":[{"embeddable":true,"href":"https:\/\/eltrabajo.cl\/portal\/wp-json\/wp\/v2\/media\/68040"}],"wp:attachment":[{"href":"https:\/\/eltrabajo.cl\/portal\/wp-json\/wp\/v2\/media?parent=68039"}],"wp:term":[{"taxonomy":"category","embeddable":true,"href":"https:\/\/eltrabajo.cl\/portal\/wp-json\/wp\/v2\/categories?post=68039"},{"taxonomy":"post_tag","embeddable":true,"href":"https:\/\/eltrabajo.cl\/portal\/wp-json\/wp\/v2\/tags?post=68039"}],"curies":[{"name":"wp","href":"https:\/\/api.w.org\/{rel}","templated":true}]}}