{"id":68043,"date":"2016-03-23T08:32:49","date_gmt":"2016-03-23T11:32:49","guid":{"rendered":"http:\/\/www.eltrabajo.cl\/portal\/?p=68043"},"modified":"2016-03-23T08:32:49","modified_gmt":"2016-03-23T11:32:49","slug":"detienen-a-joven-que-mantenia-en-su-mochila-una-escopeta-hechiza","status":"publish","type":"post","link":"https:\/\/eltrabajo.cl\/portal\/detienen-a-joven-que-mantenia-en-su-mochila-una-escopeta-hechiza\/","title":{"rendered":"Detienen a joven que manten\u00eda en su mochila una escopeta hechiza"},"content":{"rendered":"<figure id=\"attachment_68044\" aria-describedby=\"caption-attachment-68044\" style=\"width: 530px\" class=\"wp-caption alignleft\"><a href=\"http:\/\/www.eltrabajo.cl\/portal\/detienen-a-joven-que-mantenia-en-su-mochila-una-escopeta-hechiza\/armas-rucio1\/\" rel=\"attachment wp-att-68044\"><img data-recalc-dims=\"1\" loading=\"lazy\" decoding=\"async\" class=\"size-full wp-image-68044\" src=\"https:\/\/i0.wp.com\/www.eltrabajo.cl\/portal\/wp-content\/uploads\/2016\/03\/armas-rucio1.jpg?resize=530%2C348\" alt=\"El joven portaba el arma en una mochila mientras inger\u00eda bebidas alcoh\u00f3licas en la v\u00eda p\u00fablica, sin embargo, no ten\u00eda municiones. \" width=\"530\" height=\"348\" srcset=\"https:\/\/i0.wp.com\/eltrabajo.cl\/portal\/wp-content\/uploads\/2016\/03\/armas-rucio1.jpg?w=530&amp;ssl=1 530w, https:\/\/i0.wp.com\/eltrabajo.cl\/portal\/wp-content\/uploads\/2016\/03\/armas-rucio1.jpg?resize=200%2C131&amp;ssl=1 200w, https:\/\/i0.wp.com\/eltrabajo.cl\/portal\/wp-content\/uploads\/2016\/03\/armas-rucio1.jpg?resize=300%2C197&amp;ssl=1 300w, https:\/\/i0.wp.com\/eltrabajo.cl\/portal\/wp-content\/uploads\/2016\/03\/armas-rucio1.jpg?resize=228%2C150&amp;ssl=1 228w, https:\/\/i0.wp.com\/eltrabajo.cl\/portal\/wp-content\/uploads\/2016\/03\/armas-rucio1.jpg?resize=400%2C263&amp;ssl=1 400w\" sizes=\"auto, (max-width: 530px) 100vw, 530px\" \/><\/a><figcaption id=\"caption-attachment-68044\" class=\"wp-caption-text\">El joven portaba el arma en una mochila mientras inger\u00eda bebidas alcoh\u00f3licas en la v\u00eda p\u00fablica, sin embargo, no ten\u00eda municiones.<\/figcaption><\/figure>\n<p><strong>LOS ANDES.-<\/strong> La PDI detuvo la tarde del lunes a un joven de 18 a\u00f1os quien manten\u00eda en su poder una escopeta hechiza en la v\u00eda p\u00fabica y que se presume podr\u00eda ser usada para la comisi\u00f3n de un delito.<br \/>\nA eso de las 20 horas, durante un patrullaje de rutina por la villa El Horizonte, los detectives de la Brigada Antinarc\u00f3ticos (Briant) observaron a un grupo de tres j\u00f3venes que inger\u00edan alcohol en la v\u00eda p\u00fablica, por lo cual se acercaron a fiscalizarlos.<br \/>\nEl Jefe de esa unidad policial, Subprefecto Guillermo G\u00e1lvez, indic\u00f3 que los sujetos intentaron darse a la fuga, siendo finalmente fiscalizados y encontrando en la mochila de uno de ellos una escopeta hechiza, \u201cla que seg\u00fan sus dichos era para protegerse porque estaba siendo amenazado de muerte por otro sujeto del sector\u201d.<br \/>\nAgreg\u00f3 que otro de los sujetos que estaba en el grupo presenta antecedentes anteriores por ataque a funcionarios policiales, \u201cno obstante qued\u00f3 en libertad por disposici\u00f3n del fiscal de turno\u201d.<br \/>\nEl Subprefecto aclar\u00f3 que el detenido no portaba municiones para la escopeta, \u201cya que seg\u00fan sus dichos se la hab\u00eda quitado a otro grupo de sujetos que lo hab\u00edan ido a amenazar de muerte\u201d.<br \/>\nEl sujeto portador de la escopeta fue identificado como K.A.M.C., de 18 a\u00f1os, sin antecedentes penales, quien por instrucciones pas\u00f3 a disposici\u00f3n del Tribunal de Garant\u00eda por infracci\u00f3n a la ley de armas.<br \/>\nUna vez controlada su detenci\u00f3n, el fiscal Jorge Alfaro solicit\u00f3 la ampliaci\u00f3n de su arresto por existir diligencias pendientes, entre ellas la declaraci\u00f3n de testigos, a fin de poder formalizarlo por el delito de porte ilegal de arma prohibida cuyas penas son dur\u00edsimas.<br \/>\nAsimismo, el arma ser\u00e1 periciada a fin de establecer su poder de fuego y si eventualmente fue usada en la comisi\u00f3n de alg\u00fan delito.<\/p>\n","protected":false},"excerpt":{"rendered":"<p>LOS ANDES.- La PDI detuvo la tarde del lunes a un joven de 18 a\u00f1os quien manten\u00eda en su poder una escopeta hechiza en la v\u00eda p\u00fabica y que se presume podr\u00eda&#8230;<\/p>\n","protected":false},"author":1,"featured_media":68044,"comment_status":"open","ping_status":"open","sticky":false,"template":"","format":"standard","meta":{"advanced_seo_description":"","jetpack_seo_html_title":"","jetpack_seo_noindex":false,"_jetpack_memberships_contains_paid_content":false,"footnotes":""},"categories":[21],"tags":[],"class_list":["post-68043","post","type-post","status-publish","format-standard","has-post-thumbnail","hentry","category-policial"],"jetpack_featured_media_url":"https:\/\/i0.wp.com\/eltrabajo.cl\/portal\/wp-content\/uploads\/2016\/03\/armas-rucio1.jpg?fit=530%2C348&ssl=1","jetpack_sharing_enabled":true,"jetpack_likes_enabled":true,"jetpack-related-posts":[],"_links":{"self":[{"href":"https:\/\/eltrabajo.cl\/portal\/wp-json\/wp\/v2\/posts\/68043","targetHints":{"allow":["GET"]}}],"collection":[{"href":"https:\/\/eltrabajo.cl\/portal\/wp-json\/wp\/v2\/posts"}],"about":[{"href":"https:\/\/eltrabajo.cl\/portal\/wp-json\/wp\/v2\/types\/post"}],"author":[{"embeddable":true,"href":"https:\/\/eltrabajo.cl\/portal\/wp-json\/wp\/v2\/users\/1"}],"replies":[{"embeddable":true,"href":"https:\/\/eltrabajo.cl\/portal\/wp-json\/wp\/v2\/comments?post=68043"}],"version-history":[{"count":0,"href":"https:\/\/eltrabajo.cl\/portal\/wp-json\/wp\/v2\/posts\/68043\/revisions"}],"wp:featuredmedia":[{"embeddable":true,"href":"https:\/\/eltrabajo.cl\/portal\/wp-json\/wp\/v2\/media\/68044"}],"wp:attachment":[{"href":"https:\/\/eltrabajo.cl\/portal\/wp-json\/wp\/v2\/media?parent=68043"}],"wp:term":[{"taxonomy":"category","embeddable":true,"href":"https:\/\/eltrabajo.cl\/portal\/wp-json\/wp\/v2\/categories?post=68043"},{"taxonomy":"post_tag","embeddable":true,"href":"https:\/\/eltrabajo.cl\/portal\/wp-json\/wp\/v2\/tags?post=68043"}],"curies":[{"name":"wp","href":"https:\/\/api.w.org\/{rel}","templated":true}]}}