{"id":68047,"date":"2016-03-23T08:39:13","date_gmt":"2016-03-23T11:39:13","guid":{"rendered":"http:\/\/www.eltrabajo.cl\/portal\/?p=68047"},"modified":"2016-03-23T08:39:13","modified_gmt":"2016-03-23T11:39:13","slug":"autoridades-participan-de-reunion-sobre-restauracion-de-santuario-el-cipres","status":"publish","type":"post","link":"https:\/\/eltrabajo.cl\/portal\/autoridades-participan-de-reunion-sobre-restauracion-de-santuario-el-cipres\/","title":{"rendered":"Autoridades participan de reuni\u00f3n sobre restauraci\u00f3n de Santuario El Cipr\u00e9s"},"content":{"rendered":"<figure id=\"attachment_68048\" aria-describedby=\"caption-attachment-68048\" style=\"width: 530px\" class=\"wp-caption alignleft\"><a href=\"http:\/\/www.eltrabajo.cl\/portal\/autoridades-participan-de-reunion-sobre-restauracion-de-santuario-el-cipres\/reunion-restauracion-cipres\/\" rel=\"attachment wp-att-68048\"><img data-recalc-dims=\"1\" loading=\"lazy\" decoding=\"async\" class=\"size-full wp-image-68048\" src=\"https:\/\/i0.wp.com\/www.eltrabajo.cl\/portal\/wp-content\/uploads\/2016\/03\/Reunion-restauracion-cipres.jpg?resize=530%2C350\" alt=\"Diversas autoridades se reunieron el pasado lunes en una mesa de trabajo que se desarroll\u00f3 en el Gobierno Regional para planear las acciones de restauraci\u00f3n del santuario de la naturaleza el cipr\u00e9s del El Asiento.\" width=\"530\" height=\"350\" srcset=\"https:\/\/i0.wp.com\/eltrabajo.cl\/portal\/wp-content\/uploads\/2016\/03\/Reunion-restauracion-cipres.jpg?w=530&amp;ssl=1 530w, https:\/\/i0.wp.com\/eltrabajo.cl\/portal\/wp-content\/uploads\/2016\/03\/Reunion-restauracion-cipres.jpg?resize=200%2C132&amp;ssl=1 200w, https:\/\/i0.wp.com\/eltrabajo.cl\/portal\/wp-content\/uploads\/2016\/03\/Reunion-restauracion-cipres.jpg?resize=300%2C198&amp;ssl=1 300w, https:\/\/i0.wp.com\/eltrabajo.cl\/portal\/wp-content\/uploads\/2016\/03\/Reunion-restauracion-cipres.jpg?resize=227%2C150&amp;ssl=1 227w, https:\/\/i0.wp.com\/eltrabajo.cl\/portal\/wp-content\/uploads\/2016\/03\/Reunion-restauracion-cipres.jpg?resize=400%2C264&amp;ssl=1 400w\" sizes=\"auto, (max-width: 530px) 100vw, 530px\" \/><\/a><figcaption id=\"caption-attachment-68048\" class=\"wp-caption-text\">Diversas autoridades se reunieron el pasado lunes en una mesa de trabajo que se desarroll\u00f3 en el Gobierno Regional para planear las acciones de restauraci\u00f3n del santuario de la naturaleza el cipr\u00e9s del El Asiento.<\/figcaption><\/figure>\n<p>Con la presencia de varias instituciones, el Gobernador Le\u00f3n encabez\u00f3 cita que permiti\u00f3 conocer las directrices para la recuperaci\u00f3n del santuario de la naturaleza sanfelipe\u00f1o.<br \/>\nUna nueva mesa de trabajo se desarroll\u00f3 el pasado lunes en el Gobierno Regional para trazar las directrices de la restauraci\u00f3n del santuario de la naturaleza el cipr\u00e9s, ubicado en el sector de El Asiento, debido a la preocupaci\u00f3n de la autoridad y la comunidad ante la necesidad de iniciar trabajos a corto, mediano y largo plazo.<br \/>\nEn la oportunidad, se discutieron 3 grandes ejes: actualizar el plan de manejo existente, los recursos para poder desarrollar la restauraci\u00f3n y recuperaci\u00f3n, y generar l\u00edneas de acci\u00f3n para evitar posibles efectos de futuras lluvias en el terreno.<br \/>\nEn este sentido, el Gobernador Eduardo Le\u00f3n, quien lider\u00f3 la mesa, enfatiz\u00f3 que \u201cEsta mesa de coordinaci\u00f3n es importante porque tiene bastantes factores en los que hay que trabajar. Una de esas direcciones apunta al resguardo de las personas, por lo que hemos desarrollado una intensa organizaci\u00f3n en esa materia. Es por ello, que valoramos la voluntad de la comunidad de campo para proteger lo que se salv\u00f3 del incendio que fue un alto porcentaje de cipreses y recomponer el bosque nativo que se quem\u00f3\u201d, sostuvo la m\u00e1xima autoridad de la Provincia.<br \/>\nPor su parte, la Seremi de Medio Ambiente, Tania Bertoglio, se\u00f1al\u00f3 que lo fundamental es \u201cmantener el trabajo coordinado entre los servicios como lo hemos hecho hasta ahora. Sabemos que quedamos con varias tareas; la idea es anexar un plan de restauraci\u00f3n liderado por Conaf, buscar los recursos y participar activamente en la actualizaci\u00f3n del plan de manejo. Adem\u00e1s, tomamos acuerdos sobre la manera de regularizar la situaci\u00f3n que ocurre al interior del santuario, como por ejemplo, la acci\u00f3n minera\u201d.<br \/>\nEn tanto, Claudio Ilabaca, Director (s) Conaf, explic\u00f3 en qu\u00e9 constar\u00eda el plan de restauraci\u00f3n, fijado de mediano a largo plazo. \u201cLa idea es poder realizar labores de contenci\u00f3n de suelo y tambi\u00e9n labores de restauraci\u00f3n ambiental a trav\u00e9s del manejo de la vegetaci\u00f3n y un trabajo con la comunidad para establecer las acciones necesarias para restablecer este ecosistema\u201d.<br \/>\nFinalmente, Jaime Vald\u00e9s, Presidente de la comunidad agr\u00edcola Serran\u00eda El Asiento, calific\u00f3 como positiva esta nueva cita. \u201cVamos encaminando a cosas mucho m\u00e1s concretas. Hemos hecho los diagn\u00f3sticos y la comunidad est\u00e1 jugada a participar directamente en el proceso de restauraci\u00f3n y estamos viendo una buena respuesta de las autoridades encabezadas por el Gobernador. Lo que ahora hay que hacer, es entrar en tierra derecha, delinear el proyecto, cuantificarlo y buscar el financiamiento desde el Gobierno Regional.<\/p>\n","protected":false},"excerpt":{"rendered":"<p>Con la presencia de varias instituciones, el Gobernador Le\u00f3n encabez\u00f3 cita que permiti\u00f3 conocer las directrices para la recuperaci\u00f3n del santuario de la naturaleza sanfelipe\u00f1o. Una nueva mesa de trabajo se desarroll\u00f3&#8230;<\/p>\n","protected":false},"author":1,"featured_media":68048,"comment_status":"open","ping_status":"open","sticky":false,"template":"","format":"standard","meta":{"advanced_seo_description":"","jetpack_seo_html_title":"","jetpack_seo_noindex":false,"_jetpack_memberships_contains_paid_content":false,"footnotes":""},"categories":[1],"tags":[],"class_list":["post-68047","post","type-post","status-publish","format-standard","has-post-thumbnail","hentry","category-cronica"],"jetpack_featured_media_url":"https:\/\/i0.wp.com\/eltrabajo.cl\/portal\/wp-content\/uploads\/2016\/03\/Reunion-restauracion-cipres.jpg?fit=530%2C350&ssl=1","jetpack_sharing_enabled":true,"jetpack_likes_enabled":true,"jetpack-related-posts":[],"_links":{"self":[{"href":"https:\/\/eltrabajo.cl\/portal\/wp-json\/wp\/v2\/posts\/68047","targetHints":{"allow":["GET"]}}],"collection":[{"href":"https:\/\/eltrabajo.cl\/portal\/wp-json\/wp\/v2\/posts"}],"about":[{"href":"https:\/\/eltrabajo.cl\/portal\/wp-json\/wp\/v2\/types\/post"}],"author":[{"embeddable":true,"href":"https:\/\/eltrabajo.cl\/portal\/wp-json\/wp\/v2\/users\/1"}],"replies":[{"embeddable":true,"href":"https:\/\/eltrabajo.cl\/portal\/wp-json\/wp\/v2\/comments?post=68047"}],"version-history":[{"count":0,"href":"https:\/\/eltrabajo.cl\/portal\/wp-json\/wp\/v2\/posts\/68047\/revisions"}],"wp:featuredmedia":[{"embeddable":true,"href":"https:\/\/eltrabajo.cl\/portal\/wp-json\/wp\/v2\/media\/68048"}],"wp:attachment":[{"href":"https:\/\/eltrabajo.cl\/portal\/wp-json\/wp\/v2\/media?parent=68047"}],"wp:term":[{"taxonomy":"category","embeddable":true,"href":"https:\/\/eltrabajo.cl\/portal\/wp-json\/wp\/v2\/categories?post=68047"},{"taxonomy":"post_tag","embeddable":true,"href":"https:\/\/eltrabajo.cl\/portal\/wp-json\/wp\/v2\/tags?post=68047"}],"curies":[{"name":"wp","href":"https:\/\/api.w.org\/{rel}","templated":true}]}}