{"id":68051,"date":"2016-03-23T08:41:20","date_gmt":"2016-03-23T11:41:20","guid":{"rendered":"http:\/\/www.eltrabajo.cl\/portal\/?p=68051"},"modified":"2016-03-23T08:41:20","modified_gmt":"2016-03-23T11:41:20","slug":"mujer-mantenia-mas-de-medio-kilo-de-marihuana-y-arma-a-fogueo-en-su-vivienda","status":"publish","type":"post","link":"https:\/\/eltrabajo.cl\/portal\/mujer-mantenia-mas-de-medio-kilo-de-marihuana-y-arma-a-fogueo-en-su-vivienda\/","title":{"rendered":"Mujer manten\u00eda m\u00e1s de medio kilo de marihuana y arma a fogueo en su vivienda"},"content":{"rendered":"<figure id=\"attachment_68052\" aria-describedby=\"caption-attachment-68052\" style=\"width: 530px\" class=\"wp-caption alignleft\"><a href=\"http:\/\/www.eltrabajo.cl\/portal\/mujer-mantenia-mas-de-medio-kilo-de-marihuana-y-arma-a-fogueo-en-su-vivienda\/marihuana-3\/\" rel=\"attachment wp-att-68052\"><img data-recalc-dims=\"1\" loading=\"lazy\" decoding=\"async\" class=\"size-full wp-image-68052\" src=\"https:\/\/i0.wp.com\/www.eltrabajo.cl\/portal\/wp-content\/uploads\/2016\/03\/marihuana.jpg?resize=530%2C350\" alt=\"Un total de 650 gramos de marihuana elaborada manten\u00eda la imputada al interior de su domicilio en la poblaci\u00f3n Los Copihues de Llay Llay.\" width=\"530\" height=\"350\" srcset=\"https:\/\/i0.wp.com\/eltrabajo.cl\/portal\/wp-content\/uploads\/2016\/03\/marihuana.jpg?w=530&amp;ssl=1 530w, https:\/\/i0.wp.com\/eltrabajo.cl\/portal\/wp-content\/uploads\/2016\/03\/marihuana.jpg?resize=200%2C132&amp;ssl=1 200w, https:\/\/i0.wp.com\/eltrabajo.cl\/portal\/wp-content\/uploads\/2016\/03\/marihuana.jpg?resize=300%2C198&amp;ssl=1 300w, https:\/\/i0.wp.com\/eltrabajo.cl\/portal\/wp-content\/uploads\/2016\/03\/marihuana.jpg?resize=227%2C150&amp;ssl=1 227w, https:\/\/i0.wp.com\/eltrabajo.cl\/portal\/wp-content\/uploads\/2016\/03\/marihuana.jpg?resize=400%2C264&amp;ssl=1 400w\" sizes=\"auto, (max-width: 530px) 100vw, 530px\" \/><\/a><figcaption id=\"caption-attachment-68052\" class=\"wp-caption-text\">Un total de 650 gramos de marihuana elaborada manten\u00eda la imputada al interior de su domicilio en la poblaci\u00f3n Los Copihues de Llay Llay.<\/figcaption><\/figure>\n<p><strong>Carabineros incaut\u00f3 adem\u00e1s cultivo de cannabis sativa:<\/strong><br \/>\nDenuncia de vecinos de la poblaci\u00f3n Los Copihues de Llay Llay, inst\u00f3 a la polic\u00eda a ejecutar el procedimiento que culmin\u00f3 con la detenci\u00f3n de una imputada que fue procesada ante la justicia.<br \/>\nM\u00e1s de medio kilo de marihuana elaborada, cuatro plantas de cannabis sativa y una pistola a fogueo fue lo incautado tras las diligencias policiales efectuadas por Carabineros en un domicilio ubicado en la poblaci\u00f3n Los Copihues de la comuna de Llay Llay. El operativo culmin\u00f3 con la detenci\u00f3n de una mujer de 41 a\u00f1os de edad que fue puesta a disposici\u00f3n de la Fiscal\u00eda.<br \/>\nEl procedimiento policial se origin\u00f3 a ra\u00edz de una denuncia an\u00f3nima de vecinos a Carabineros, informando la presencia de un cultivo ilegal de cannabis sativa que se ve\u00eda desde la v\u00eda p\u00fablica. Con estos antecedentes, la polic\u00eda uniformada se traslad\u00f3 hasta la calle Manuel Rodr\u00edguez de dicha poblaci\u00f3n para confirmar el delito que rindi\u00f3 resultados positivos.<br \/>\nEn el interior de la residencia, la imputada manten\u00eda un cultivo de cuatro plantas de cannabis sativa, adem\u00e1s de un total de 650 gramos de marihuana elaborada y un rev\u00f3lver a fogueo que fueron incautados por la polic\u00eda como medios de pruebas para proceder a la detenci\u00f3n de propietaria de la vivienda, as\u00ed lo inform\u00f3 el Capit\u00e1n de Carabineros, Osvaldo Villarroel a Diario El Trabajo.<br \/>\n\u201cEl personal de Carabineros, al dirigirse hasta la vivienda llama a la puerta entrevist\u00e1ndose con una mujer de 41 a\u00f1os de edad. Ella permiti\u00f3 el ingreso del personal incautando cuatro plantas de 1,40 metro a 2 metros 40 cent\u00edmetros de altura, adem\u00e1s se encontraron dos cajas de cart\u00f3n contenedoras de 650 gramos de marihuana elaborada. Al realizar un registro al interior del inmueble se encontr\u00f3 sobre un refrigerador una pistola a fogueo, una munici\u00f3n de 9 mil\u00edmetros entre otras especies que fueron derivadas hasta la Fiscal\u00eda\u201d.<br \/>\nLa detenci\u00f3n de la acusada de iniciales M.A.B.H., quien no mantiene antecedentes delictuales, fue controlada en el Juzgado de Garant\u00eda de San Felipe para ser formalizada por la Fiscal\u00eda. Al t\u00e9rmino de la audiencia la mujer recuper\u00f3 su libertad con m\u00ednimas cautelares de firma mensual en Carabineros y la prohibici\u00f3n de salir del pa\u00eds durante el per\u00edodo fijado para la investigaci\u00f3n del caso.<br \/>\n<strong>Pablo Salinas Sald\u00edas<\/strong><\/p>\n","protected":false},"excerpt":{"rendered":"<p>Carabineros incaut\u00f3 adem\u00e1s cultivo de cannabis sativa: Denuncia de vecinos de la poblaci\u00f3n Los Copihues de Llay Llay, inst\u00f3 a la polic\u00eda a ejecutar el procedimiento que culmin\u00f3 con la detenci\u00f3n de&#8230;<\/p>\n","protected":false},"author":1,"featured_media":68052,"comment_status":"open","ping_status":"open","sticky":false,"template":"","format":"standard","meta":{"advanced_seo_description":"","jetpack_seo_html_title":"","jetpack_seo_noindex":false,"_jetpack_memberships_contains_paid_content":false,"footnotes":""},"categories":[21],"tags":[],"class_list":["post-68051","post","type-post","status-publish","format-standard","has-post-thumbnail","hentry","category-policial"],"jetpack_featured_media_url":"https:\/\/i0.wp.com\/eltrabajo.cl\/portal\/wp-content\/uploads\/2016\/03\/marihuana.jpg?fit=530%2C350&ssl=1","jetpack_sharing_enabled":true,"jetpack_likes_enabled":true,"jetpack-related-posts":[],"_links":{"self":[{"href":"https:\/\/eltrabajo.cl\/portal\/wp-json\/wp\/v2\/posts\/68051","targetHints":{"allow":["GET"]}}],"collection":[{"href":"https:\/\/eltrabajo.cl\/portal\/wp-json\/wp\/v2\/posts"}],"about":[{"href":"https:\/\/eltrabajo.cl\/portal\/wp-json\/wp\/v2\/types\/post"}],"author":[{"embeddable":true,"href":"https:\/\/eltrabajo.cl\/portal\/wp-json\/wp\/v2\/users\/1"}],"replies":[{"embeddable":true,"href":"https:\/\/eltrabajo.cl\/portal\/wp-json\/wp\/v2\/comments?post=68051"}],"version-history":[{"count":0,"href":"https:\/\/eltrabajo.cl\/portal\/wp-json\/wp\/v2\/posts\/68051\/revisions"}],"wp:featuredmedia":[{"embeddable":true,"href":"https:\/\/eltrabajo.cl\/portal\/wp-json\/wp\/v2\/media\/68052"}],"wp:attachment":[{"href":"https:\/\/eltrabajo.cl\/portal\/wp-json\/wp\/v2\/media?parent=68051"}],"wp:term":[{"taxonomy":"category","embeddable":true,"href":"https:\/\/eltrabajo.cl\/portal\/wp-json\/wp\/v2\/categories?post=68051"},{"taxonomy":"post_tag","embeddable":true,"href":"https:\/\/eltrabajo.cl\/portal\/wp-json\/wp\/v2\/tags?post=68051"}],"curies":[{"name":"wp","href":"https:\/\/api.w.org\/{rel}","templated":true}]}}