{"id":68055,"date":"2016-03-23T08:45:42","date_gmt":"2016-03-23T11:45:42","guid":{"rendered":"http:\/\/www.eltrabajo.cl\/portal\/?p=68055"},"modified":"2016-03-23T08:45:42","modified_gmt":"2016-03-23T11:45:42","slug":"muere-a-sus-85-anos-el-querido-promotor-deportivo-sergio-vasquez","status":"publish","type":"post","link":"https:\/\/eltrabajo.cl\/portal\/muere-a-sus-85-anos-el-querido-promotor-deportivo-sergio-vasquez\/","title":{"rendered":"Muere a sus 85 a\u00f1os el querido promotor deportivo Sergio V\u00e1squez"},"content":{"rendered":"<figure id=\"attachment_68056\" aria-describedby=\"caption-attachment-68056\" style=\"width: 530px\" class=\"wp-caption alignleft\"><a href=\"http:\/\/www.eltrabajo.cl\/portal\/muere-a-sus-85-anos-el-querido-promotor-deportivo-sergio-vasquez\/sergio33\/\" rel=\"attachment wp-att-68056\"><img data-recalc-dims=\"1\" loading=\"lazy\" decoding=\"async\" class=\"size-full wp-image-68056\" src=\"https:\/\/i0.wp.com\/www.eltrabajo.cl\/portal\/wp-content\/uploads\/2016\/03\/Sergio33.jpg?resize=530%2C350\" alt=\"ADI\u00d3S DON SERGIO.- Sergio V\u00e1squez Rodr\u00edguez, naci\u00f3 en Valpara\u00edso el 26 de junio de 1931, muri\u00f3 este lunes 21 de marzo.\" width=\"530\" height=\"350\" srcset=\"https:\/\/i0.wp.com\/eltrabajo.cl\/portal\/wp-content\/uploads\/2016\/03\/Sergio33.jpg?w=530&amp;ssl=1 530w, https:\/\/i0.wp.com\/eltrabajo.cl\/portal\/wp-content\/uploads\/2016\/03\/Sergio33.jpg?resize=200%2C132&amp;ssl=1 200w, https:\/\/i0.wp.com\/eltrabajo.cl\/portal\/wp-content\/uploads\/2016\/03\/Sergio33.jpg?resize=300%2C198&amp;ssl=1 300w, https:\/\/i0.wp.com\/eltrabajo.cl\/portal\/wp-content\/uploads\/2016\/03\/Sergio33.jpg?resize=227%2C150&amp;ssl=1 227w, https:\/\/i0.wp.com\/eltrabajo.cl\/portal\/wp-content\/uploads\/2016\/03\/Sergio33.jpg?resize=400%2C264&amp;ssl=1 400w\" sizes=\"auto, (max-width: 530px) 100vw, 530px\" \/><\/a><figcaption id=\"caption-attachment-68056\" class=\"wp-caption-text\">ADI\u00d3S DON SERGIO.- Sergio V\u00e1squez Rodr\u00edguez, naci\u00f3 en Valpara\u00edso el 26 de junio de 1931, muri\u00f3 este lunes 21 de marzo.<\/figcaption><\/figure>\n<p><strong>Funerales hoy a las 11:00 horas en Iglesia La Merced:<\/strong><br \/>\nLos cuatro hijos y siete nietos del matrimonio conformado por Sergio V\u00e1squez Rodr\u00edguez y Silvia Toro Toro, as\u00ed como los amigos personales de la familia, lloran profundamente el doloroso fallecimiento de don Sergio, luego que su coraz\u00f3n dejara de latir la las 19:35 horas de este lunes en el Hospital San Camilo, centro m\u00e9dico al que fue remitido el jueves pasado.<br \/>\nAs\u00ed como se lee, muri\u00f3 don Sergio V\u00e1squez a sus 85 a\u00f1os de edad, producto de una trombosis en una de sus piernas, la que le habr\u00eda generado otras complicaciones que al final de cuentas le costaron la vida.<br \/>\n\u00abPap\u00e1 naci\u00f3 en Valpara\u00edso el 26 de junio de 1931, ten\u00eda 85 a\u00f1os y se cas\u00f3 con mam\u00e1 el 21 de diciembre de 1963. Sus funerales se har\u00e1n este mi\u00e9rcoles a las 11:00 horas en la Iglesia La Merced, luego ser\u00e1 sepultado en el Cementerio Municipal de El Almendral\u00bb, coment\u00f3 a Diario El Trabajo uno de sus hijos, Luis V\u00e1squez.<\/p>\n<p><strong>VECINO DESTACADO<\/strong><br \/>\nDon Sergio, por su trayectoria en el campo del deporte comunitario y en virtud de su honorabilidad y honestidad como \u2018porte\u00f1o de nacimiento y sanfelipe\u00f1o de coraz\u00f3n\u2019, recibi\u00f3 en agosto de 2014 el nombramiento de Vecino Destacado en Trayectoria deportiva.<\/p>\n<p><strong>HOMBRE DE MIL OFICIOS<\/strong><br \/>\nSobre c\u00f3mo ha vivido y el deporte de sus amores, Sergio V\u00e1squez habl\u00f3 en 2013 con Diario El Trabajo.<br \/>\n<strong>&#8211; \u00bfD\u00f3nde naciste y c\u00f3mo han sido estos 50 a\u00f1os de casado?<\/strong><br \/>\n&#8211; Nac\u00ed en Valpara\u00edso el 26 de junio de 1931, tengo 83 a\u00f1os (ahora 85) y estos a\u00f1os los he pasado en la mejor compa\u00f1\u00eda que pude tener en la vida, mi esposa Silvia Toro me regal\u00f3 cuatro hermosos hijos que ahora ya nos han dado siete nietos, ha sido una experiencia muy hermosa.<br \/>\n<strong>&#8211; \u00bfC\u00f3mo te ganaste la vida durante todos estos a\u00f1os?<\/strong><br \/>\n&#8211; Estudi\u00e9 con los Padres Dominicos de Valpara\u00edso y luego en el Colegio Salesiano, soy tip\u00f3grafo, manej\u00e9 por a\u00f1os todo lo referente a la foto-mec\u00e1nica e imprentas, realic\u00e9 mi Pr\u00e1ctica en El Mercurio de Valpara\u00edso, de donde luego pas\u00e9 a trabajar para varias empresas del pa\u00eds.<br \/>\n<strong>&#8211; \u00bfEs verdad que te gusta el voleibol?<\/strong><br \/>\n&#8211; S\u00ed. Casi toda mi vida la pas\u00e9 tambi\u00e9n impulsando el deporte, el voleibol siempre fue mi pasi\u00f3n, fui el Presidente de la Asociaci\u00f3n de Voleibol de San Felipe, primer Presidente Regional de Voleibol de la V Regi\u00f3n.<br \/>\n<strong>&#8211; Hay rumores sobre que usted tambi\u00e9n fue motoquero, \u00bfes verdad?<\/strong><br \/>\n&#8211; Tambi\u00e9n incursion\u00e9 en el mundo motoquero, siempre supe disfrutar la vida al m\u00e1ximo, sin dejar de lado a mi familia, es por ello que a Dios le doy gracias por estos a\u00f1os de felicidad y logros familiares obtenidos.<\/p>\n<p><strong>\u00c1RBITRO PROFESIONAL<\/strong><br \/>\nSergio V\u00e1squez, este \u00e1rbitro de voleibol profesional, es uno de los sobrevivientes de la gran explosi\u00f3n del 1\u00ba de enero de 1951 en Valpara\u00edso, desastre en el que fallecieron 30 bomberos y una importante cantidad de personas, \u00e9l ayud\u00f3 a minimizar el da\u00f1o, cuando apart\u00f3 a los curiosos de un subterr\u00e1neo repleto de explosivos de Navidad, mismos que explotaron lanzando a los presentes por los aires.<br \/>\nActualmente V\u00e1squez era un fiel colaborador de La 3\u00aa CIA de Bomberos de San Felipe, viv\u00eda en Poblaci\u00f3n Yungay. Por su vida entregada al desarrollo del deporte y apoyo social de las juventudes pasadas, es que quienes laboramos en Diario El Trabajo hoy hacemos p\u00fablico nuestro sincero y sentido P\u00e9same a su digna familia, por el fallecimiento de nuestro Vecino Destacado, don Sergio V\u00e1squez.<br \/>\n<strong>Roberto Gonz\u00e1lez Short<\/strong><br \/>\n<strong>rgonzalez@eltrabajo.cl<\/strong><\/p>\n<figure id=\"attachment_68057\" aria-describedby=\"caption-attachment-68057\" style=\"width: 530px\" class=\"wp-caption alignleft\"><a href=\"http:\/\/www.eltrabajo.cl\/portal\/muere-a-sus-85-anos-el-querido-promotor-deportivo-sergio-vasquez\/familiar1-13\/\" rel=\"attachment wp-att-68057\"><img data-recalc-dims=\"1\" loading=\"lazy\" decoding=\"async\" class=\"size-full wp-image-68057\" src=\"https:\/\/i0.wp.com\/www.eltrabajo.cl\/portal\/wp-content\/uploads\/2016\/03\/Familiar1-1.jpg?resize=530%2C349\" alt=\"LA FAMILIA.- Al frente tenemos a don Sergio V\u00e1squez y do\u00f1a Silvia Toro, tras ellos est\u00e1n sus cuatro hijos: Sergio Francisco, Luis Antonio, Olga Del Carmen y Carlos Eduardo.\" width=\"530\" height=\"349\" srcset=\"https:\/\/i0.wp.com\/eltrabajo.cl\/portal\/wp-content\/uploads\/2016\/03\/Familiar1-1.jpg?w=530&amp;ssl=1 530w, https:\/\/i0.wp.com\/eltrabajo.cl\/portal\/wp-content\/uploads\/2016\/03\/Familiar1-1.jpg?resize=200%2C132&amp;ssl=1 200w, https:\/\/i0.wp.com\/eltrabajo.cl\/portal\/wp-content\/uploads\/2016\/03\/Familiar1-1.jpg?resize=300%2C198&amp;ssl=1 300w, https:\/\/i0.wp.com\/eltrabajo.cl\/portal\/wp-content\/uploads\/2016\/03\/Familiar1-1.jpg?resize=228%2C150&amp;ssl=1 228w, https:\/\/i0.wp.com\/eltrabajo.cl\/portal\/wp-content\/uploads\/2016\/03\/Familiar1-1.jpg?resize=400%2C263&amp;ssl=1 400w\" sizes=\"auto, (max-width: 530px) 100vw, 530px\" \/><\/a><figcaption id=\"caption-attachment-68057\" class=\"wp-caption-text\">LA FAMILIA.- Al frente tenemos a don Sergio V\u00e1squez y do\u00f1a Silvia Toro, tras ellos est\u00e1n sus cuatro hijos: Sergio Francisco, Luis Antonio, Olga Del Carmen y Carlos Eduardo.<\/figcaption><\/figure>\n<figure id=\"attachment_68058\" aria-describedby=\"caption-attachment-68058\" style=\"width: 530px\" class=\"wp-caption alignleft\"><a href=\"http:\/\/www.eltrabajo.cl\/portal\/muere-a-sus-85-anos-el-querido-promotor-deportivo-sergio-vasquez\/decreto33\/\" rel=\"attachment wp-att-68058\"><img data-recalc-dims=\"1\" loading=\"lazy\" decoding=\"async\" class=\"size-full wp-image-68058\" src=\"https:\/\/i0.wp.com\/www.eltrabajo.cl\/portal\/wp-content\/uploads\/2016\/03\/Decreto33.jpg?resize=530%2C349\" alt=\"GESTA DEPORTIVA.- Este documento resalta la trayectoria que don Sergio ten\u00eda en el campo deportivo en beneficio de nuestra juventud.\" width=\"530\" height=\"349\" srcset=\"https:\/\/i0.wp.com\/eltrabajo.cl\/portal\/wp-content\/uploads\/2016\/03\/Decreto33.jpg?w=530&amp;ssl=1 530w, https:\/\/i0.wp.com\/eltrabajo.cl\/portal\/wp-content\/uploads\/2016\/03\/Decreto33.jpg?resize=200%2C132&amp;ssl=1 200w, https:\/\/i0.wp.com\/eltrabajo.cl\/portal\/wp-content\/uploads\/2016\/03\/Decreto33.jpg?resize=300%2C198&amp;ssl=1 300w, https:\/\/i0.wp.com\/eltrabajo.cl\/portal\/wp-content\/uploads\/2016\/03\/Decreto33.jpg?resize=228%2C150&amp;ssl=1 228w, https:\/\/i0.wp.com\/eltrabajo.cl\/portal\/wp-content\/uploads\/2016\/03\/Decreto33.jpg?resize=400%2C263&amp;ssl=1 400w\" sizes=\"auto, (max-width: 530px) 100vw, 530px\" \/><\/a><figcaption id=\"caption-attachment-68058\" class=\"wp-caption-text\">GESTA DEPORTIVA.- Este documento resalta la trayectoria que don Sergio ten\u00eda en el campo deportivo en beneficio de nuestra juventud.<\/figcaption><\/figure>\n<figure id=\"attachment_68059\" aria-describedby=\"caption-attachment-68059\" style=\"width: 530px\" class=\"wp-caption alignleft\"><a href=\"http:\/\/www.eltrabajo.cl\/portal\/muere-a-sus-85-anos-el-querido-promotor-deportivo-sergio-vasquez\/ilustre1-2\/\" rel=\"attachment wp-att-68059\"><img data-recalc-dims=\"1\" loading=\"lazy\" decoding=\"async\" class=\"size-full wp-image-68059\" src=\"https:\/\/i0.wp.com\/www.eltrabajo.cl\/portal\/wp-content\/uploads\/2016\/03\/Ilustre1.jpg?resize=530%2C350\" alt=\"GRANDE SERGIO.- El propio alcalde Patricio Freire y el concejal Dante Rodr\u00edguez, fueron quienes entregaron el nombramiento de Ciudadano Ilustre a don Sergio, en agosto de 2014.\" width=\"530\" height=\"350\" srcset=\"https:\/\/i0.wp.com\/eltrabajo.cl\/portal\/wp-content\/uploads\/2016\/03\/Ilustre1.jpg?w=530&amp;ssl=1 530w, https:\/\/i0.wp.com\/eltrabajo.cl\/portal\/wp-content\/uploads\/2016\/03\/Ilustre1.jpg?resize=200%2C132&amp;ssl=1 200w, https:\/\/i0.wp.com\/eltrabajo.cl\/portal\/wp-content\/uploads\/2016\/03\/Ilustre1.jpg?resize=300%2C198&amp;ssl=1 300w, https:\/\/i0.wp.com\/eltrabajo.cl\/portal\/wp-content\/uploads\/2016\/03\/Ilustre1.jpg?resize=227%2C150&amp;ssl=1 227w, https:\/\/i0.wp.com\/eltrabajo.cl\/portal\/wp-content\/uploads\/2016\/03\/Ilustre1.jpg?resize=400%2C264&amp;ssl=1 400w\" sizes=\"auto, (max-width: 530px) 100vw, 530px\" \/><\/a><figcaption id=\"caption-attachment-68059\" class=\"wp-caption-text\">GRANDE SERGIO.- El propio alcalde Patricio Freire y el concejal Dante Rodr\u00edguez, fueron quienes entregaron el nombramiento de Ciudadano Ilustre a don Sergio, en agosto de 2014.<\/figcaption><\/figure>\n<p>&nbsp;<\/p>\n","protected":false},"excerpt":{"rendered":"<p>Funerales hoy a las 11:00 horas en Iglesia La Merced: Los cuatro hijos y siete nietos del matrimonio conformado por Sergio V\u00e1squez Rodr\u00edguez y Silvia Toro Toro, as\u00ed como los amigos personales&#8230;<\/p>\n","protected":false},"author":1,"featured_media":68056,"comment_status":"open","ping_status":"open","sticky":false,"template":"","format":"standard","meta":{"advanced_seo_description":"","jetpack_seo_html_title":"","jetpack_seo_noindex":false,"_jetpack_memberships_contains_paid_content":false,"footnotes":""},"categories":[15],"tags":[],"class_list":["post-68055","post","type-post","status-publish","format-standard","has-post-thumbnail","hentry","category-comunidad"],"jetpack_featured_media_url":"https:\/\/i0.wp.com\/eltrabajo.cl\/portal\/wp-content\/uploads\/2016\/03\/Sergio33.jpg?fit=530%2C350&ssl=1","jetpack_sharing_enabled":true,"jetpack_likes_enabled":true,"jetpack-related-posts":[],"_links":{"self":[{"href":"https:\/\/eltrabajo.cl\/portal\/wp-json\/wp\/v2\/posts\/68055","targetHints":{"allow":["GET"]}}],"collection":[{"href":"https:\/\/eltrabajo.cl\/portal\/wp-json\/wp\/v2\/posts"}],"about":[{"href":"https:\/\/eltrabajo.cl\/portal\/wp-json\/wp\/v2\/types\/post"}],"author":[{"embeddable":true,"href":"https:\/\/eltrabajo.cl\/portal\/wp-json\/wp\/v2\/users\/1"}],"replies":[{"embeddable":true,"href":"https:\/\/eltrabajo.cl\/portal\/wp-json\/wp\/v2\/comments?post=68055"}],"version-history":[{"count":0,"href":"https:\/\/eltrabajo.cl\/portal\/wp-json\/wp\/v2\/posts\/68055\/revisions"}],"wp:featuredmedia":[{"embeddable":true,"href":"https:\/\/eltrabajo.cl\/portal\/wp-json\/wp\/v2\/media\/68056"}],"wp:attachment":[{"href":"https:\/\/eltrabajo.cl\/portal\/wp-json\/wp\/v2\/media?parent=68055"}],"wp:term":[{"taxonomy":"category","embeddable":true,"href":"https:\/\/eltrabajo.cl\/portal\/wp-json\/wp\/v2\/categories?post=68055"},{"taxonomy":"post_tag","embeddable":true,"href":"https:\/\/eltrabajo.cl\/portal\/wp-json\/wp\/v2\/tags?post=68055"}],"curies":[{"name":"wp","href":"https:\/\/api.w.org\/{rel}","templated":true}]}}