{"id":68062,"date":"2016-03-23T08:50:14","date_gmt":"2016-03-23T11:50:14","guid":{"rendered":"http:\/\/www.eltrabajo.cl\/portal\/?p=68062"},"modified":"2016-03-23T08:50:14","modified_gmt":"2016-03-23T11:50:14","slug":"trabajadores-de-aconcagua-se-sumaron-al-paro-nacional-convocado-por-la-cut","status":"publish","type":"post","link":"https:\/\/eltrabajo.cl\/portal\/trabajadores-de-aconcagua-se-sumaron-al-paro-nacional-convocado-por-la-cut\/","title":{"rendered":"Trabajadores de Aconcagua se sumaron al paro nacional convocado por la CUT"},"content":{"rendered":"<figure id=\"attachment_68065\" aria-describedby=\"caption-attachment-68065\" style=\"width: 530px\" class=\"wp-caption alignleft\"><a href=\"http:\/\/www.eltrabajo.cl\/portal\/trabajadores-de-aconcagua-se-sumaron-al-paro-nacional-convocado-por-la-cut\/porta-marcha-cut\/\" rel=\"attachment wp-att-68065\"><img data-recalc-dims=\"1\" loading=\"lazy\" decoding=\"async\" class=\"size-full wp-image-68065\" src=\"https:\/\/i0.wp.com\/www.eltrabajo.cl\/portal\/wp-content\/uploads\/2016\/03\/porta-marcha-cut.jpg?resize=530%2C350\" alt=\"M\u00e1s de 500 trabajadores de distintos servicios p\u00fablicos, marcharon por San Felipe para exigir reivindicaciones laborales de distinta \u00edndole.\" width=\"530\" height=\"350\" srcset=\"https:\/\/i0.wp.com\/eltrabajo.cl\/portal\/wp-content\/uploads\/2016\/03\/porta-marcha-cut.jpg?w=530&amp;ssl=1 530w, https:\/\/i0.wp.com\/eltrabajo.cl\/portal\/wp-content\/uploads\/2016\/03\/porta-marcha-cut.jpg?resize=200%2C132&amp;ssl=1 200w, https:\/\/i0.wp.com\/eltrabajo.cl\/portal\/wp-content\/uploads\/2016\/03\/porta-marcha-cut.jpg?resize=300%2C198&amp;ssl=1 300w, https:\/\/i0.wp.com\/eltrabajo.cl\/portal\/wp-content\/uploads\/2016\/03\/porta-marcha-cut.jpg?resize=227%2C150&amp;ssl=1 227w, https:\/\/i0.wp.com\/eltrabajo.cl\/portal\/wp-content\/uploads\/2016\/03\/porta-marcha-cut.jpg?resize=400%2C264&amp;ssl=1 400w\" sizes=\"auto, (max-width: 530px) 100vw, 530px\" \/><\/a><figcaption id=\"caption-attachment-68065\" class=\"wp-caption-text\">M\u00e1s de 500 trabajadores de distintos servicios p\u00fablicos, marcharon por San Felipe para exigir reivindicaciones laborales de distinta \u00edndole.<\/figcaption><\/figure>\n<p><strong>Modificar el sistema de pensiones, mejoras salariales, mayor presupuesto para salud y algunos alcances a la reforma laboral, fueron los gritos que m\u00e1s se repitieron en marcha que culmin\u00f3 en la Plaza de Armas de San Felipe.<\/strong><br \/>\nUna adhesi\u00f3n relativa lograron los distintos gremios laborales del Valle de Aconcagua, que se sumaron al paro nacional convocado por la Central Unitaria de Trabajadores, CUT, y que al medio d\u00eda de ayer marcharon por las calles de San Felipe, reclamando mejoras salariales y la salud, un cambio al sistema de pensiones y otros \u00edtems relacionados con la Reforma Laboral que est\u00e1 en plena discusi\u00f3n en el Congreso.<br \/>\nFueron cerca de 500 manifestantes que llegaron hasta la Plaza de Armas de San Felipe, y otros 100 a Los Andes, quienes al plegarse a la paralizaci\u00f3n, provocaron el cese de funciones \u2013s\u00f3lo de forma parcial- de distintos servicios p\u00fablicos tales como el Instituto de Previsi\u00f3n Social, IPS; Servicio de Impuestos Internos, SII; Serviu; Inspecci\u00f3n del Trabajo; Fundaci\u00f3n Integra; Junji; Correos de Chile y Servicio de Salud, entre otros.<br \/>\nAlejandro Aguilar, Secretario General de la CUT Provincial San Felipe y tesorero de la Fenats (Federaci\u00f3n Nacional de Trabajadores de la Salud) Aconcagua, mostr\u00f3 satisfacci\u00f3n ante la masiva convocatoria que logr\u00f3 la manifestaci\u00f3n y declar\u00f3 que \u201cprincipalmente las trabajadoras, pero tambi\u00e9n los trabajadores, se han expresado con mucha fuerza en las calles, han comprendido la importancia que tiene que el movimiento sindical es un actor pol\u00edtico y social relevante que debe ser escuchado por el Gobierno y el Parlamento\u201d, asever\u00f3.<br \/>\nEl mensaje que pretend\u00eda enviar la CUT a la autoridades de Gobierno, de acuerdo a lo se\u00f1alado por Aguilar, est\u00e1 \u00edntimamente relacionado con los objetivos que pretende lograr la Reforma Laboral, la cual no cuenta con una aceptaci\u00f3n \u00edntegra por parte de los distintos movimientos sindicales<br \/>\n\u201cQueremos que realmente se ponga al trabajador en condiciones m\u00e1s o menos equitativas con el capital y en las negociaciones colectivas se respete el piso m\u00ednimo, queremos que haya titularidad sindical y un derecho a huelga real y efectivo\u201d, puntualiz\u00f3 el dirigente, agregando que \u201cllamamos a algunos personeros de Gobierno que, aunque esta reforma estaba dentro del programa presidencial, est\u00e1n poniendo peros, palitos y zancadillas para no poder concretar este proceso de reforma\u2026 nosotros insistimos en que debe haber Reforma Laboral y que todos los diputados y Senadores deben jug\u00e1rsela para legislar en favor de los trabajadores\u201d, expres\u00f3.<br \/>\nPor \u00faltimo, Aguilar dijo que muchos de los parlamentarios que fueron elegidos por voto popular y que prometieron reivindicaciones para los trabajadores, est\u00e1n rompiendo el voto de confianza entregado por el pueblo y junto con esto envi\u00f3 un potente mensaje a los pol\u00edticos de derecha, anunciando que \u201cellos junto con el empresariado, han chillado como nunca por estas peque\u00f1as reformas laborales. La CUT se plantea una nueva institucionalidad laboral para el Pa\u00eds, queremos terminar con el c\u00f3digo laboral de Pi\u00f1era, desde 1979 que existe un c\u00f3digo que nos rige y que funciona como la ley del embudo, un verdadero traje a la medida para los empleadores, si bien esta reforma no cumple con todas nuestras expectativas, significa un paso adelante\u201d, narr\u00f3.<br \/>\nA su vez, Vladimir Olave, dirigente sindical de Correos de Chile, argument\u00f3 la presencia de su gremio en la paralizaci\u00f3n, diciendo que \u201cnecesitamos mayor inclusi\u00f3n, mayor dignidad hacia los trabajadores, que las brechas no sean tan desiguales, no queremos m\u00e1s AFP, deseamos un sueldo que sea igualitario para los trabajadores, no queremos competencias entre nosotros, ni menos la atomizaci\u00f3n de los sindicatos, queremos ser uno s\u00f3lo dentro de la misma empresa, para poder tener la fuerza de negociar y exigir nuestras reivindicaciones\u201d, concluy\u00f3.<\/p>\n<figure id=\"attachment_68063\" aria-describedby=\"caption-attachment-68063\" style=\"width: 300px\" class=\"wp-caption alignleft\"><a href=\"http:\/\/www.eltrabajo.cl\/portal\/trabajadores-de-aconcagua-se-sumaron-al-paro-nacional-convocado-por-la-cut\/foto-1-alejandro-aguilar-secretario-general-de-la-cut\/\" rel=\"attachment wp-att-68063\"><img data-recalc-dims=\"1\" loading=\"lazy\" decoding=\"async\" class=\"size-medium wp-image-68063\" src=\"https:\/\/i0.wp.com\/www.eltrabajo.cl\/portal\/wp-content\/uploads\/2016\/03\/FOTO-1-Alejandro-Aguilar-Secretario-General-de-la-CUT-300x197.jpg?resize=300%2C197\" alt=\"Alejandro Aguilar, Secretario General de la CUT Provincial San Felipe y tesorero de la Fenats (Federaci\u00f3n Nacional de Trabajadores de la Salud) Aconcagua.\" width=\"300\" height=\"197\" srcset=\"https:\/\/i0.wp.com\/eltrabajo.cl\/portal\/wp-content\/uploads\/2016\/03\/FOTO-1-Alejandro-Aguilar-Secretario-General-de-la-CUT.jpg?resize=300%2C197&amp;ssl=1 300w, https:\/\/i0.wp.com\/eltrabajo.cl\/portal\/wp-content\/uploads\/2016\/03\/FOTO-1-Alejandro-Aguilar-Secretario-General-de-la-CUT.jpg?resize=200%2C131&amp;ssl=1 200w, https:\/\/i0.wp.com\/eltrabajo.cl\/portal\/wp-content\/uploads\/2016\/03\/FOTO-1-Alejandro-Aguilar-Secretario-General-de-la-CUT.jpg?resize=228%2C150&amp;ssl=1 228w, https:\/\/i0.wp.com\/eltrabajo.cl\/portal\/wp-content\/uploads\/2016\/03\/FOTO-1-Alejandro-Aguilar-Secretario-General-de-la-CUT.jpg?resize=400%2C263&amp;ssl=1 400w, https:\/\/i0.wp.com\/eltrabajo.cl\/portal\/wp-content\/uploads\/2016\/03\/FOTO-1-Alejandro-Aguilar-Secretario-General-de-la-CUT.jpg?w=530&amp;ssl=1 530w\" sizes=\"auto, (max-width: 300px) 100vw, 300px\" \/><\/a><figcaption id=\"caption-attachment-68063\" class=\"wp-caption-text\">Alejandro Aguilar, Secretario General de la CUT Provincial San Felipe y tesorero de la Fenats (Federaci\u00f3n Nacional de Trabajadores de la Salud) Aconcagua.<\/figcaption><\/figure>\n<figure id=\"attachment_68064\" aria-describedby=\"caption-attachment-68064\" style=\"width: 300px\" class=\"wp-caption alignleft\"><a href=\"http:\/\/www.eltrabajo.cl\/portal\/trabajadores-de-aconcagua-se-sumaron-al-paro-nacional-convocado-por-la-cut\/foto-2-vladimir-olave-dirigente-sindical-de-correos-de-chile\/\" rel=\"attachment wp-att-68064\"><img data-recalc-dims=\"1\" loading=\"lazy\" decoding=\"async\" class=\"size-medium wp-image-68064\" src=\"https:\/\/i0.wp.com\/www.eltrabajo.cl\/portal\/wp-content\/uploads\/2016\/03\/FOTO-2-Vladimir-Olave-dirigente-sindical-de-Correos-de-Chile-300x197.jpg?resize=300%2C197\" alt=\"Vladimir Olave, dirigente sindical de Correos de Chile.\" width=\"300\" height=\"197\" srcset=\"https:\/\/i0.wp.com\/eltrabajo.cl\/portal\/wp-content\/uploads\/2016\/03\/FOTO-2-Vladimir-Olave-dirigente-sindical-de-Correos-de-Chile.jpg?resize=300%2C197&amp;ssl=1 300w, https:\/\/i0.wp.com\/eltrabajo.cl\/portal\/wp-content\/uploads\/2016\/03\/FOTO-2-Vladimir-Olave-dirigente-sindical-de-Correos-de-Chile.jpg?resize=200%2C131&amp;ssl=1 200w, https:\/\/i0.wp.com\/eltrabajo.cl\/portal\/wp-content\/uploads\/2016\/03\/FOTO-2-Vladimir-Olave-dirigente-sindical-de-Correos-de-Chile.jpg?resize=228%2C150&amp;ssl=1 228w, https:\/\/i0.wp.com\/eltrabajo.cl\/portal\/wp-content\/uploads\/2016\/03\/FOTO-2-Vladimir-Olave-dirigente-sindical-de-Correos-de-Chile.jpg?resize=400%2C263&amp;ssl=1 400w, https:\/\/i0.wp.com\/eltrabajo.cl\/portal\/wp-content\/uploads\/2016\/03\/FOTO-2-Vladimir-Olave-dirigente-sindical-de-Correos-de-Chile.jpg?w=530&amp;ssl=1 530w\" sizes=\"auto, (max-width: 300px) 100vw, 300px\" \/><\/a><figcaption id=\"caption-attachment-68064\" class=\"wp-caption-text\">Vladimir Olave, dirigente sindical de Correos de Chile.<\/figcaption><\/figure>\n","protected":false},"excerpt":{"rendered":"<p>Modificar el sistema de pensiones, mejoras salariales, mayor presupuesto para salud y algunos alcances a la reforma laboral, fueron los gritos que m\u00e1s se repitieron en marcha que culmin\u00f3 en la Plaza&#8230;<\/p>\n","protected":false},"author":1,"featured_media":68065,"comment_status":"open","ping_status":"open","sticky":false,"template":"","format":"standard","meta":{"advanced_seo_description":"","jetpack_seo_html_title":"","jetpack_seo_noindex":false,"_jetpack_memberships_contains_paid_content":false,"footnotes":""},"categories":[1],"tags":[],"class_list":["post-68062","post","type-post","status-publish","format-standard","has-post-thumbnail","hentry","category-cronica"],"jetpack_featured_media_url":"https:\/\/i0.wp.com\/eltrabajo.cl\/portal\/wp-content\/uploads\/2016\/03\/porta-marcha-cut.jpg?fit=530%2C350&ssl=1","jetpack_sharing_enabled":true,"jetpack_likes_enabled":true,"jetpack-related-posts":[],"_links":{"self":[{"href":"https:\/\/eltrabajo.cl\/portal\/wp-json\/wp\/v2\/posts\/68062","targetHints":{"allow":["GET"]}}],"collection":[{"href":"https:\/\/eltrabajo.cl\/portal\/wp-json\/wp\/v2\/posts"}],"about":[{"href":"https:\/\/eltrabajo.cl\/portal\/wp-json\/wp\/v2\/types\/post"}],"author":[{"embeddable":true,"href":"https:\/\/eltrabajo.cl\/portal\/wp-json\/wp\/v2\/users\/1"}],"replies":[{"embeddable":true,"href":"https:\/\/eltrabajo.cl\/portal\/wp-json\/wp\/v2\/comments?post=68062"}],"version-history":[{"count":0,"href":"https:\/\/eltrabajo.cl\/portal\/wp-json\/wp\/v2\/posts\/68062\/revisions"}],"wp:featuredmedia":[{"embeddable":true,"href":"https:\/\/eltrabajo.cl\/portal\/wp-json\/wp\/v2\/media\/68065"}],"wp:attachment":[{"href":"https:\/\/eltrabajo.cl\/portal\/wp-json\/wp\/v2\/media?parent=68062"}],"wp:term":[{"taxonomy":"category","embeddable":true,"href":"https:\/\/eltrabajo.cl\/portal\/wp-json\/wp\/v2\/categories?post=68062"},{"taxonomy":"post_tag","embeddable":true,"href":"https:\/\/eltrabajo.cl\/portal\/wp-json\/wp\/v2\/tags?post=68062"}],"curies":[{"name":"wp","href":"https:\/\/api.w.org\/{rel}","templated":true}]}}