{"id":68068,"date":"2016-03-24T08:26:43","date_gmt":"2016-03-24T11:26:43","guid":{"rendered":"http:\/\/www.eltrabajo.cl\/portal\/?p=68068"},"modified":"2016-03-24T08:26:43","modified_gmt":"2016-03-24T11:26:43","slug":"banda-organizada-podria-ser-las-responsable-de-los-robos-en-el-centro","status":"publish","type":"post","link":"https:\/\/eltrabajo.cl\/portal\/banda-organizada-podria-ser-las-responsable-de-los-robos-en-el-centro\/","title":{"rendered":"Banda organizada podr\u00eda ser las responsable de los robos en el centro"},"content":{"rendered":"<figure id=\"attachment_68069\" aria-describedby=\"caption-attachment-68069\" style=\"width: 300px\" class=\"wp-caption alignleft\"><a href=\"http:\/\/www.eltrabajo.cl\/portal\/banda-organizada-podria-ser-las-responsable-de-los-robos-en-el-centro\/foto-1-capitan-carolina-fernandez-ponce\/\" rel=\"attachment wp-att-68069\"><img data-recalc-dims=\"1\" loading=\"lazy\" decoding=\"async\" class=\"size-medium wp-image-68069\" src=\"https:\/\/i0.wp.com\/www.eltrabajo.cl\/portal\/wp-content\/uploads\/2016\/03\/FOTO-1-Capitan-Carolina-Fernandez-Ponce-300x197.jpg?resize=300%2C197\" alt=\"Comisario subrogante de la Segunda Comisar\u00eda de San Felipe, Capit\u00e1n Carolina Fern\u00e1ndez Ponce.\" width=\"300\" height=\"197\" srcset=\"https:\/\/i0.wp.com\/eltrabajo.cl\/portal\/wp-content\/uploads\/2016\/03\/FOTO-1-Capitan-Carolina-Fernandez-Ponce.jpg?resize=300%2C197&amp;ssl=1 300w, https:\/\/i0.wp.com\/eltrabajo.cl\/portal\/wp-content\/uploads\/2016\/03\/FOTO-1-Capitan-Carolina-Fernandez-Ponce.jpg?resize=200%2C131&amp;ssl=1 200w, https:\/\/i0.wp.com\/eltrabajo.cl\/portal\/wp-content\/uploads\/2016\/03\/FOTO-1-Capitan-Carolina-Fernandez-Ponce.jpg?resize=228%2C150&amp;ssl=1 228w, https:\/\/i0.wp.com\/eltrabajo.cl\/portal\/wp-content\/uploads\/2016\/03\/FOTO-1-Capitan-Carolina-Fernandez-Ponce.jpg?resize=400%2C263&amp;ssl=1 400w, https:\/\/i0.wp.com\/eltrabajo.cl\/portal\/wp-content\/uploads\/2016\/03\/FOTO-1-Capitan-Carolina-Fernandez-Ponce.jpg?w=530&amp;ssl=1 530w\" sizes=\"auto, (max-width: 300px) 100vw, 300px\" \/><\/a><figcaption id=\"caption-attachment-68069\" class=\"wp-caption-text\">Comisario subrogante de la Segunda Comisar\u00eda de San Felipe, Capit\u00e1n Carolina Fern\u00e1ndez Ponce.<\/figcaption><\/figure>\n<p><strong>Carabineros no descarta tesis:<\/strong><br \/>\nCapit\u00e1n de la Segunda Comisar\u00eda, Carolina Fern\u00e1ndez se refiri\u00f3 a la sensaci\u00f3n de inseguridad que viven los locatarios del centro de la ciudad y adem\u00e1s afirm\u00f3 que Prefectura Aconcagua intensificar\u00e1 controles de tr\u00e1nsito en el valle durante el fin de semana santo.<br \/>\nAnte la sucesiva ola de robos que ha afectado a distintos locales comerciales del centro de la comuna durante las \u00faltimas semanas y el consiguiente cuestionamiento que surge desde la comunidad respecto del actuar de la polic\u00eda, la Comisario de la Segunda Comisar\u00eda de Carabineros de San Felipe, Capit\u00e1n Carolina Fern\u00e1ndez, asegur\u00f3 que se encuentran desarrollando una investigaci\u00f3n para determinar si los distintos il\u00edcitos est\u00e1n siendo perpetrados por una banda criminal organizada.<br \/>\nLa oficial asegur\u00f3 que \u201chasta el momento no se ha determinado que exista una banda que se est\u00e9 dedicando a este tipo de delitos, nosotros estamos realizando una revisi\u00f3n a la base de datos que mantenemos respecto de los delincuentes comunes del sector, pero ser\u00e1 la investigaci\u00f3n la que determine un modus operandi que sea similar en estos casos\u201d, sostuvo.<br \/>\nDe igual forma, Fern\u00e1ndez hizo \u00e9nfasis en la importancia que juega la ciudadan\u00eda como apoyo de Carabineros y adujo que \u201cnecesitamos contar con la informaci\u00f3n de la gente, la comunidad tiene que tomar conciencia de que si nosotros le damos la oportunidad al delincuente para que cometa un il\u00edcito y no reforzamos las medidas de seguridad en nuestros bienes y domicilios, se le va a facilitar el accionar a los antisociales\u201d, determin\u00f3 la Capit\u00e1n, haciendo alusi\u00f3n indirecta al millonario robo sufrido en la tienda Deco Espa\u00f1a, en calle Coimas, la cual no habr\u00eda contado con sistema de seguridad.<br \/>\nRespecto de las acciones a tomar por parte de la Instituci\u00f3n y de la opini\u00f3n de los locatarios del centro de San Felipe, quienes critican a Carabineros por no realizar los suficientes patrullajes nocturnos, la Capit\u00e1n Fern\u00e1ndez agreg\u00f3 que \u201cconforme a la informaci\u00f3n de las denuncias, a lo que capta la patrulla de atenci\u00f3n comunitaria que tenemos en la unidad y a los datos que nos puedan entregar, nosotros generamos una georeferenciaci\u00f3n de los delitos, por lo tanto, en los horarios en que nosotros podemos establecer que est\u00e1n ocurriendo, los lugares y los d\u00edas de la semana, nosotros disponemos nuestros servicios policiales y adem\u00e1s estamos redoblando los esfuerzos para lograr mayor vigilancia y brindar m\u00e1s seguridad a las personas\u201d, expres\u00f3.<\/p>\n","protected":false},"excerpt":{"rendered":"<p>Carabineros no descarta tesis: Capit\u00e1n de la Segunda Comisar\u00eda, Carolina Fern\u00e1ndez se refiri\u00f3 a la sensaci\u00f3n de inseguridad que viven los locatarios del centro de la ciudad y adem\u00e1s afirm\u00f3 que Prefectura&#8230;<\/p>\n","protected":false},"author":1,"featured_media":68069,"comment_status":"open","ping_status":"open","sticky":false,"template":"","format":"standard","meta":{"advanced_seo_description":"","jetpack_seo_html_title":"","jetpack_seo_noindex":false,"_jetpack_memberships_contains_paid_content":false,"footnotes":""},"categories":[1],"tags":[],"class_list":["post-68068","post","type-post","status-publish","format-standard","has-post-thumbnail","hentry","category-cronica"],"jetpack_featured_media_url":"https:\/\/i0.wp.com\/eltrabajo.cl\/portal\/wp-content\/uploads\/2016\/03\/FOTO-1-Capitan-Carolina-Fernandez-Ponce.jpg?fit=530%2C348&ssl=1","jetpack_sharing_enabled":true,"jetpack_likes_enabled":true,"jetpack-related-posts":[],"_links":{"self":[{"href":"https:\/\/eltrabajo.cl\/portal\/wp-json\/wp\/v2\/posts\/68068","targetHints":{"allow":["GET"]}}],"collection":[{"href":"https:\/\/eltrabajo.cl\/portal\/wp-json\/wp\/v2\/posts"}],"about":[{"href":"https:\/\/eltrabajo.cl\/portal\/wp-json\/wp\/v2\/types\/post"}],"author":[{"embeddable":true,"href":"https:\/\/eltrabajo.cl\/portal\/wp-json\/wp\/v2\/users\/1"}],"replies":[{"embeddable":true,"href":"https:\/\/eltrabajo.cl\/portal\/wp-json\/wp\/v2\/comments?post=68068"}],"version-history":[{"count":0,"href":"https:\/\/eltrabajo.cl\/portal\/wp-json\/wp\/v2\/posts\/68068\/revisions"}],"wp:featuredmedia":[{"embeddable":true,"href":"https:\/\/eltrabajo.cl\/portal\/wp-json\/wp\/v2\/media\/68069"}],"wp:attachment":[{"href":"https:\/\/eltrabajo.cl\/portal\/wp-json\/wp\/v2\/media?parent=68068"}],"wp:term":[{"taxonomy":"category","embeddable":true,"href":"https:\/\/eltrabajo.cl\/portal\/wp-json\/wp\/v2\/categories?post=68068"},{"taxonomy":"post_tag","embeddable":true,"href":"https:\/\/eltrabajo.cl\/portal\/wp-json\/wp\/v2\/tags?post=68068"}],"curies":[{"name":"wp","href":"https:\/\/api.w.org\/{rel}","templated":true}]}}