{"id":68076,"date":"2016-03-24T08:32:24","date_gmt":"2016-03-24T11:32:24","guid":{"rendered":"http:\/\/www.eltrabajo.cl\/portal\/?p=68076"},"modified":"2016-03-24T08:32:24","modified_gmt":"2016-03-24T11:32:24","slug":"core-miranda-acuso-a-la-upla-de-traicionar-a-todo-el-valle-del-aconcagua","status":"publish","type":"post","link":"https:\/\/eltrabajo.cl\/portal\/core-miranda-acuso-a-la-upla-de-traicionar-a-todo-el-valle-del-aconcagua\/","title":{"rendered":"Core Miranda acus\u00f3 a la Upla de traicionar a todo el Valle del Aconcagua"},"content":{"rendered":"<figure id=\"attachment_68077\" aria-describedby=\"caption-attachment-68077\" style=\"width: 530px\" class=\"wp-caption alignleft\"><a href=\"http:\/\/www.eltrabajo.cl\/portal\/core-miranda-acuso-a-la-upla-de-traicionar-a-todo-el-valle-del-aconcagua\/sandra-miranda-3\/\" rel=\"attachment wp-att-68077\"><img data-recalc-dims=\"1\" loading=\"lazy\" decoding=\"async\" class=\"size-full wp-image-68077\" src=\"https:\/\/i0.wp.com\/www.eltrabajo.cl\/portal\/wp-content\/uploads\/2016\/03\/Sandra-Miranda.jpg?resize=530%2C348\" alt=\"Sandra Miranda, Consejera Regional.\" width=\"530\" height=\"348\" srcset=\"https:\/\/i0.wp.com\/eltrabajo.cl\/portal\/wp-content\/uploads\/2016\/03\/Sandra-Miranda.jpg?w=530&amp;ssl=1 530w, https:\/\/i0.wp.com\/eltrabajo.cl\/portal\/wp-content\/uploads\/2016\/03\/Sandra-Miranda.jpg?resize=200%2C131&amp;ssl=1 200w, https:\/\/i0.wp.com\/eltrabajo.cl\/portal\/wp-content\/uploads\/2016\/03\/Sandra-Miranda.jpg?resize=300%2C197&amp;ssl=1 300w, https:\/\/i0.wp.com\/eltrabajo.cl\/portal\/wp-content\/uploads\/2016\/03\/Sandra-Miranda.jpg?resize=228%2C150&amp;ssl=1 228w, https:\/\/i0.wp.com\/eltrabajo.cl\/portal\/wp-content\/uploads\/2016\/03\/Sandra-Miranda.jpg?resize=400%2C263&amp;ssl=1 400w\" sizes=\"auto, (max-width: 530px) 100vw, 530px\" \/><\/a><figcaption id=\"caption-attachment-68077\" class=\"wp-caption-text\">Sandra Miranda, Consejera Regional.<\/figcaption><\/figure>\n<p><strong>La casa de estudios prefiri\u00f3 San Antonio para la instalaci\u00f3n del CFT Estatal<\/strong><br \/>\n\u00abLa promulgaci\u00f3n de la Ley que crea 15 Centros de Formaci\u00f3n T\u00e9cnica Estatales (CFT) fue una noticia tomada con mucha alegr\u00eda en gran parte del pa\u00eds, menos en las comunas del Valle del Aconcagua\u00bb, de esta forma reaccion\u00f3 la consejera regional Sandra Miranda, al imponerse que tras los m\u00faltiples esfuerzos realizados para la instalaci\u00f3n del establecimiento educacional en Los Andes, incluso con la concesi\u00f3n de uso gratuito de un inmueble a la Universidad de Playa Ancha, finalmente la Casa de Estudios privilegi\u00f3 a la comuna de San Antonio.<br \/>\n\u00abLa Upla nos traicion\u00f3 no s\u00f3lo a la Provincia de Los Andes sino a todo el Valle del Aconcagua, es un pu\u00f1al clavado por la espalda\u00bb, indic\u00f3 la Core Miranda.<br \/>\nLas declaraciones de la Consejera cobran validez al indicar que exist\u00eda un compromiso con la Upla para utilizar el terreno de la exaduana de Los Andes, para la instalaci\u00f3n de un CFT, incluso de forma previa al anuncio realizado por la presidenta Michelle Bachelet de dar curso a entidades estatales.<br \/>\n\u00abRepresentantes de la Universidad de Playa Ancha se reunieron el a\u00f1o 2003 con la comunidad y representantes gubernamentales en vista a proyectar las carreras con m\u00e1s campo y las cuales tendr\u00edan mayor proyecci\u00f3n en el \u00e1mbito minero, de ah\u00ed que el 12 de junio del 2003, Bienes Nacionales remiti\u00f3 al Consejo Regional de Valpara\u00edso las tres solicitudes de concesi\u00f3n para el lote ubicado en calle Hermanos Clark 380 de Los Andes\u00bb, recuerda la Core Sandra Miranda.<br \/>\nLas tres solicitudes presentadas eran del Cuerpo de Bomberos de Los Andes, de la Defensa Civil de Chile y de la Universidad de Playa Ancha.<\/p>\n<p><strong>SE APROB\u00d3 CONCESI\u00d3N<\/strong><br \/>\nSandra Miranda precis\u00f3 que en ese contexto, y con la venia del Consejo Regional de Valpara\u00edso, se otorg\u00f3 la concesi\u00f3n de uso gratuito a la Upla al considerar el proyecto de instalaci\u00f3n de un CFT que ser\u00eda financiado con capitales alemanes, y con cursos orientados al rubro agr\u00edcola y minero, y con una capacidad proyectada de 650 alumnos.<br \/>\nLo anterior se materializ\u00f3 en la votaci\u00f3n realizada el 10 de marzo de 2014, \u00abcon una votaci\u00f3n de 22 sufragios a favor, donde al principio estuve recelosa ya que el predio tiene una conexi\u00f3n privilegiada al unir las comunas de San Esteban y Los Andes, por lo que era un lugar ideal para la instalaci\u00f3n de un centro conjunto de Bomberos y de la Defensa Civil\u00bb, precis\u00f3 la Core.<br \/>\n\u00abSin embargo con la llegada de la Presidenta Bachelet, ella anunci\u00f3 como compromiso presidencial, la creaci\u00f3n de CFT estatales y la Upla resolvi\u00f3 acogerse y postular a la instalaci\u00f3n de un CFT de este tipo en la Regi\u00f3n de Valpara\u00edso. Sin embargo present\u00f3 dos proyectos, Los Andes y San Antonio, pero al final la Casa de Estudios privilegi\u00f3 esta segunda opci\u00f3n, por lo que en la pr\u00e1ctica se qued\u00f3 con el terreno en concesi\u00f3n en Los Andes y el CFT estatal se instalar\u00e1 en San Antonio\u00bb, explic\u00f3 Sandra Miranda.<br \/>\n\u00abEsto se gest\u00f3 desde el momento en que la Upla vot\u00f3 en la comisi\u00f3n en favor de San Antonio, donde el Consejo Regional no tuvo intervenci\u00f3n alguna, por lo que ahora resta exigir que la Upla cumpla con su compromiso para lo cual solicit\u00f3 la concesi\u00f3n, pero con una inversi\u00f3n privada\u00bb, apunt\u00f3 Sandra Miranda.<\/p>\n","protected":false},"excerpt":{"rendered":"<p>La casa de estudios prefiri\u00f3 San Antonio para la instalaci\u00f3n del CFT Estatal \u00abLa promulgaci\u00f3n de la Ley que crea 15 Centros de Formaci\u00f3n T\u00e9cnica Estatales (CFT) fue una noticia tomada con&#8230;<\/p>\n","protected":false},"author":1,"featured_media":68077,"comment_status":"open","ping_status":"open","sticky":false,"template":"","format":"standard","meta":{"advanced_seo_description":"","jetpack_seo_html_title":"","jetpack_seo_noindex":false,"_jetpack_memberships_contains_paid_content":false,"footnotes":""},"categories":[1],"tags":[],"class_list":["post-68076","post","type-post","status-publish","format-standard","has-post-thumbnail","hentry","category-cronica"],"jetpack_featured_media_url":"https:\/\/i0.wp.com\/eltrabajo.cl\/portal\/wp-content\/uploads\/2016\/03\/Sandra-Miranda.jpg?fit=530%2C348&ssl=1","jetpack_sharing_enabled":true,"jetpack_likes_enabled":true,"jetpack-related-posts":[],"_links":{"self":[{"href":"https:\/\/eltrabajo.cl\/portal\/wp-json\/wp\/v2\/posts\/68076","targetHints":{"allow":["GET"]}}],"collection":[{"href":"https:\/\/eltrabajo.cl\/portal\/wp-json\/wp\/v2\/posts"}],"about":[{"href":"https:\/\/eltrabajo.cl\/portal\/wp-json\/wp\/v2\/types\/post"}],"author":[{"embeddable":true,"href":"https:\/\/eltrabajo.cl\/portal\/wp-json\/wp\/v2\/users\/1"}],"replies":[{"embeddable":true,"href":"https:\/\/eltrabajo.cl\/portal\/wp-json\/wp\/v2\/comments?post=68076"}],"version-history":[{"count":0,"href":"https:\/\/eltrabajo.cl\/portal\/wp-json\/wp\/v2\/posts\/68076\/revisions"}],"wp:featuredmedia":[{"embeddable":true,"href":"https:\/\/eltrabajo.cl\/portal\/wp-json\/wp\/v2\/media\/68077"}],"wp:attachment":[{"href":"https:\/\/eltrabajo.cl\/portal\/wp-json\/wp\/v2\/media?parent=68076"}],"wp:term":[{"taxonomy":"category","embeddable":true,"href":"https:\/\/eltrabajo.cl\/portal\/wp-json\/wp\/v2\/categories?post=68076"},{"taxonomy":"post_tag","embeddable":true,"href":"https:\/\/eltrabajo.cl\/portal\/wp-json\/wp\/v2\/tags?post=68076"}],"curies":[{"name":"wp","href":"https:\/\/api.w.org\/{rel}","templated":true}]}}