{"id":68080,"date":"2016-03-24T08:36:29","date_gmt":"2016-03-24T11:36:29","guid":{"rendered":"http:\/\/www.eltrabajo.cl\/portal\/?p=68080"},"modified":"2016-03-24T08:36:47","modified_gmt":"2016-03-24T11:36:47","slug":"encuentro-de-agrupaciones-que-practican-diablada-en-domingo-de-resurreccion","status":"publish","type":"post","link":"https:\/\/eltrabajo.cl\/portal\/encuentro-de-agrupaciones-que-practican-diablada-en-domingo-de-resurreccion\/","title":{"rendered":"Encuentro de agrupaciones que practican Diablada en Domingo de Resurrecci\u00f3n"},"content":{"rendered":"<figure id=\"attachment_68083\" aria-describedby=\"caption-attachment-68083\" style=\"width: 530px\" class=\"wp-caption alignleft\"><a href=\"http:\/\/www.eltrabajo.cl\/portal\/encuentro-de-agrupaciones-que-practican-diablada-en-domingo-de-resurreccion\/catherine-fredes\/\" rel=\"attachment wp-att-68083\"><img data-recalc-dims=\"1\" loading=\"lazy\" decoding=\"async\" class=\"size-full wp-image-68083\" src=\"https:\/\/i0.wp.com\/www.eltrabajo.cl\/portal\/wp-content\/uploads\/2016\/03\/Catherine-Fredes.jpg?resize=530%2C348\" alt=\"BAILARINES LISTOS.- Katherine Fredes, integrante de la Diablada Hijos de Jes\u00fas, ya se prepara alegremente para esta fiesta religiosa del domingo.\" width=\"530\" height=\"348\" srcset=\"https:\/\/i0.wp.com\/eltrabajo.cl\/portal\/wp-content\/uploads\/2016\/03\/Catherine-Fredes.jpg?w=530&amp;ssl=1 530w, https:\/\/i0.wp.com\/eltrabajo.cl\/portal\/wp-content\/uploads\/2016\/03\/Catherine-Fredes.jpg?resize=200%2C131&amp;ssl=1 200w, https:\/\/i0.wp.com\/eltrabajo.cl\/portal\/wp-content\/uploads\/2016\/03\/Catherine-Fredes.jpg?resize=300%2C197&amp;ssl=1 300w, https:\/\/i0.wp.com\/eltrabajo.cl\/portal\/wp-content\/uploads\/2016\/03\/Catherine-Fredes.jpg?resize=228%2C150&amp;ssl=1 228w, https:\/\/i0.wp.com\/eltrabajo.cl\/portal\/wp-content\/uploads\/2016\/03\/Catherine-Fredes.jpg?resize=400%2C263&amp;ssl=1 400w\" sizes=\"auto, (max-width: 530px) 100vw, 530px\" \/><\/a><figcaption id=\"caption-attachment-68083\" class=\"wp-caption-text\">BAILARINES LISTOS.- Katherine Fredes, integrante de la Diablada Hijos de Jes\u00fas, ya se prepara alegremente para esta fiesta religiosa del domingo.<\/figcaption><\/figure>\n<p><strong>Organiza el grupo sanfelipe\u00f1o \u2018Diablada Hijos de Jes\u00fas\u2019:<\/strong><\/p>\n<p>El lugar de congregaci\u00f3n ser\u00e1 la capilla Cristo Resucitado en la poblaci\u00f3n San Felipe. La procesi\u00f3n y los bailes se efectuar\u00e1n desde las 17 horas por distintas calles del sector.<br \/>\nAprovechando la celebraci\u00f3n de Domingo Santo y en honor a Cristo Resucitado, la sociedad art\u00edstico-cultural sanfelipe\u00f1a Diablada Hijos de Jes\u00fas, realizar\u00e1 por cuarto a\u00f1o consecutivo un encuentro de agrupaciones que practican esta danza religiosa, evento que reunir\u00e1 a 13 grupos de distintas partes de las Regiones de Valpara\u00edso y Metropolitana, esperando reunir alrededor de 500 exponentes del tradicional baile.<br \/>\nComo es ya tradicional, la cita se llevar\u00e1 a efecto en la capilla Cristo Resucitado de la Poblaci\u00f3n San Felipe, desde las 9 de la ma\u00f1ana y pretende extenderse durante todo el d\u00eda incluyendo un recorrido vespertino que abarcar\u00e1 las calles Justo Estay-Santa Teresa (El totoral) y Pedro de Valdivia.<\/p>\n<figure id=\"attachment_68082\" aria-describedby=\"caption-attachment-68082\" style=\"width: 300px\" class=\"wp-caption alignleft\"><a href=\"http:\/\/www.eltrabajo.cl\/portal\/encuentro-de-agrupaciones-que-practican-diablada-en-domingo-de-resurreccion\/erwin-rocha\/\" rel=\"attachment wp-att-68082\"><img data-recalc-dims=\"1\" loading=\"lazy\" decoding=\"async\" class=\"size-medium wp-image-68082\" src=\"https:\/\/i0.wp.com\/www.eltrabajo.cl\/portal\/wp-content\/uploads\/2016\/03\/Erwin-Rocha-300x197.jpg?resize=300%2C197\" alt=\"Erwin Rocha caporal de la agrupaci\u00f3n \u2018Diablada Hijos de Jes\u00fas\u2019.\" width=\"300\" height=\"197\" srcset=\"https:\/\/i0.wp.com\/eltrabajo.cl\/portal\/wp-content\/uploads\/2016\/03\/Erwin-Rocha.jpg?resize=300%2C197&amp;ssl=1 300w, https:\/\/i0.wp.com\/eltrabajo.cl\/portal\/wp-content\/uploads\/2016\/03\/Erwin-Rocha.jpg?resize=200%2C131&amp;ssl=1 200w, https:\/\/i0.wp.com\/eltrabajo.cl\/portal\/wp-content\/uploads\/2016\/03\/Erwin-Rocha.jpg?resize=228%2C150&amp;ssl=1 228w, https:\/\/i0.wp.com\/eltrabajo.cl\/portal\/wp-content\/uploads\/2016\/03\/Erwin-Rocha.jpg?resize=400%2C263&amp;ssl=1 400w, https:\/\/i0.wp.com\/eltrabajo.cl\/portal\/wp-content\/uploads\/2016\/03\/Erwin-Rocha.jpg?w=530&amp;ssl=1 530w\" sizes=\"auto, (max-width: 300px) 100vw, 300px\" \/><\/a><figcaption id=\"caption-attachment-68082\" class=\"wp-caption-text\">Erwin Rocha caporal de la agrupaci\u00f3n \u2018Diablada Hijos de Jes\u00fas\u2019.<\/figcaption><\/figure>\n<p>As\u00ed lo anunci\u00f3 Erwin Rocha, Caporal de la Diablada Hijos de Jes\u00fas, quien detall\u00f3 que \u201cnosotros pretendemos que la fiesta dure todo el d\u00eda, empezaremos cerca de las 9:30 de la ma\u00f1ana con los respectivos saludos, luego a las 3 se hace la formaci\u00f3n respectiva para la misa de las 4 de la tarde, mientras que la procesi\u00f3n la comenzaremos a las 17 horas, con el recorrido por las calles de todas las poblaciones aleda\u00f1as a la capilla\u201d, describi\u00f3.<br \/>\nLa diablada es una danza que representa el enfrentamiento entre las fuerzas del bien y del mal, cuya principal caracter\u00edstica es el traje de diablo y las m\u00e1scaras de demonio que usan los bailarines. En ella se introducen elementos propios de la religi\u00f3n Cat\u00f3lica y tambi\u00e9n facetas del tradicional ritual andino. Los instrumentos musicales que se utilizan en esta marcha danzante son el bombo, los platillos, trompeta, tuba, Sico y quena, entre otros.<br \/>\nRocha hizo extensiva la invitaci\u00f3n a toda la comunidad aconcag\u00fcina para que participe de esta presentaci\u00f3n, afirmando que \u201cvienen bailes muy lindos de Santiago, Valpara\u00edso, Calera, Quillota, Puchuncav\u00ed y Con-Con, m\u00e1s nuestra agrupaci\u00f3n que ya tiene 4 a\u00f1os de vida en esta ciudad y que somos los \u00fanicos representantes de San Felipe\u201d, concluy\u00f3.<\/p>\n<figure id=\"attachment_68081\" aria-describedby=\"caption-attachment-68081\" style=\"width: 530px\" class=\"wp-caption alignleft\"><a href=\"http:\/\/www.eltrabajo.cl\/portal\/encuentro-de-agrupaciones-que-practican-diablada-en-domingo-de-resurreccion\/diablada33\/\" rel=\"attachment wp-att-68081\"><img data-recalc-dims=\"1\" loading=\"lazy\" decoding=\"async\" class=\"size-full wp-image-68081\" src=\"https:\/\/i0.wp.com\/www.eltrabajo.cl\/portal\/wp-content\/uploads\/2016\/03\/Diablada33.jpg?resize=530%2C350\" alt=\"FOLKLORE.- La diablada es una danza que representa el enfrentamiento entre las fuerzas del bien y del mal, cuya principal caracter\u00edstica es el traje de diablo y las m\u00e1scaras de demonio que usan los bailarines.\" width=\"530\" height=\"350\" srcset=\"https:\/\/i0.wp.com\/eltrabajo.cl\/portal\/wp-content\/uploads\/2016\/03\/Diablada33.jpg?w=530&amp;ssl=1 530w, https:\/\/i0.wp.com\/eltrabajo.cl\/portal\/wp-content\/uploads\/2016\/03\/Diablada33.jpg?resize=200%2C132&amp;ssl=1 200w, https:\/\/i0.wp.com\/eltrabajo.cl\/portal\/wp-content\/uploads\/2016\/03\/Diablada33.jpg?resize=300%2C198&amp;ssl=1 300w, https:\/\/i0.wp.com\/eltrabajo.cl\/portal\/wp-content\/uploads\/2016\/03\/Diablada33.jpg?resize=227%2C150&amp;ssl=1 227w, https:\/\/i0.wp.com\/eltrabajo.cl\/portal\/wp-content\/uploads\/2016\/03\/Diablada33.jpg?resize=400%2C264&amp;ssl=1 400w\" sizes=\"auto, (max-width: 530px) 100vw, 530px\" \/><\/a><figcaption id=\"caption-attachment-68081\" class=\"wp-caption-text\">FOLKLORE.- La diablada es una danza que representa el enfrentamiento entre las fuerzas del bien y del mal, cuya principal caracter\u00edstica es el traje de diablo y las m\u00e1scaras de demonio que usan los bailarines.<\/figcaption><\/figure>\n","protected":false},"excerpt":{"rendered":"<p>Organiza el grupo sanfelipe\u00f1o \u2018Diablada Hijos de Jes\u00fas\u2019: El lugar de congregaci\u00f3n ser\u00e1 la capilla Cristo Resucitado en la poblaci\u00f3n San Felipe. La procesi\u00f3n y los bailes se efectuar\u00e1n desde las 17&#8230;<\/p>\n","protected":false},"author":1,"featured_media":68081,"comment_status":"open","ping_status":"open","sticky":false,"template":"","format":"standard","meta":{"advanced_seo_description":"","jetpack_seo_html_title":"","jetpack_seo_noindex":false,"_jetpack_memberships_contains_paid_content":false,"footnotes":""},"categories":[15],"tags":[],"class_list":["post-68080","post","type-post","status-publish","format-standard","has-post-thumbnail","hentry","category-comunidad"],"jetpack_featured_media_url":"https:\/\/i0.wp.com\/eltrabajo.cl\/portal\/wp-content\/uploads\/2016\/03\/Diablada33.jpg?fit=530%2C350&ssl=1","jetpack_sharing_enabled":true,"jetpack_likes_enabled":true,"jetpack-related-posts":[],"_links":{"self":[{"href":"https:\/\/eltrabajo.cl\/portal\/wp-json\/wp\/v2\/posts\/68080","targetHints":{"allow":["GET"]}}],"collection":[{"href":"https:\/\/eltrabajo.cl\/portal\/wp-json\/wp\/v2\/posts"}],"about":[{"href":"https:\/\/eltrabajo.cl\/portal\/wp-json\/wp\/v2\/types\/post"}],"author":[{"embeddable":true,"href":"https:\/\/eltrabajo.cl\/portal\/wp-json\/wp\/v2\/users\/1"}],"replies":[{"embeddable":true,"href":"https:\/\/eltrabajo.cl\/portal\/wp-json\/wp\/v2\/comments?post=68080"}],"version-history":[{"count":0,"href":"https:\/\/eltrabajo.cl\/portal\/wp-json\/wp\/v2\/posts\/68080\/revisions"}],"wp:featuredmedia":[{"embeddable":true,"href":"https:\/\/eltrabajo.cl\/portal\/wp-json\/wp\/v2\/media\/68081"}],"wp:attachment":[{"href":"https:\/\/eltrabajo.cl\/portal\/wp-json\/wp\/v2\/media?parent=68080"}],"wp:term":[{"taxonomy":"category","embeddable":true,"href":"https:\/\/eltrabajo.cl\/portal\/wp-json\/wp\/v2\/categories?post=68080"},{"taxonomy":"post_tag","embeddable":true,"href":"https:\/\/eltrabajo.cl\/portal\/wp-json\/wp\/v2\/tags?post=68080"}],"curies":[{"name":"wp","href":"https:\/\/api.w.org\/{rel}","templated":true}]}}