{"id":68086,"date":"2016-03-24T08:40:10","date_gmt":"2016-03-24T11:40:10","guid":{"rendered":"http:\/\/www.eltrabajo.cl\/portal\/?p=68086"},"modified":"2016-03-24T08:40:10","modified_gmt":"2016-03-24T11:40:10","slug":"museo-fonck-rapa-nui-llegara-a-la-escuela-de-el-asiento-en-abril","status":"publish","type":"post","link":"https:\/\/eltrabajo.cl\/portal\/museo-fonck-rapa-nui-llegara-a-la-escuela-de-el-asiento-en-abril\/","title":{"rendered":"\u2018Museo Fonck Rapa Nui\u2019 llegar\u00e1 a la escuela de El Asiento en abril"},"content":{"rendered":"<figure id=\"attachment_68087\" aria-describedby=\"caption-attachment-68087\" style=\"width: 530px\" class=\"wp-caption alignleft\"><a href=\"http:\/\/www.eltrabajo.cl\/portal\/museo-fonck-rapa-nui-llegara-a-la-escuela-de-el-asiento-en-abril\/pascua2\/\" rel=\"attachment wp-att-68087\"><img data-recalc-dims=\"1\" loading=\"lazy\" decoding=\"async\" class=\"size-full wp-image-68087\" src=\"https:\/\/i0.wp.com\/www.eltrabajo.cl\/portal\/wp-content\/uploads\/2016\/03\/Pascua2.jpg?resize=530%2C350\" alt=\"FOLKLORE PURO.- Este proyecto recientemente adjudicado y financiado por el 2% de Cultura del Gobierno Regional de Valpara\u00edso, tercer llamado 2015, ser\u00e1 desarrollado por el Museo de Arqueolog\u00eda e Historia Francisco Fonck.\" width=\"530\" height=\"350\" srcset=\"https:\/\/i0.wp.com\/eltrabajo.cl\/portal\/wp-content\/uploads\/2016\/03\/Pascua2.jpg?w=530&amp;ssl=1 530w, https:\/\/i0.wp.com\/eltrabajo.cl\/portal\/wp-content\/uploads\/2016\/03\/Pascua2.jpg?resize=200%2C132&amp;ssl=1 200w, https:\/\/i0.wp.com\/eltrabajo.cl\/portal\/wp-content\/uploads\/2016\/03\/Pascua2.jpg?resize=300%2C198&amp;ssl=1 300w, https:\/\/i0.wp.com\/eltrabajo.cl\/portal\/wp-content\/uploads\/2016\/03\/Pascua2.jpg?resize=227%2C150&amp;ssl=1 227w, https:\/\/i0.wp.com\/eltrabajo.cl\/portal\/wp-content\/uploads\/2016\/03\/Pascua2.jpg?resize=400%2C264&amp;ssl=1 400w\" sizes=\"auto, (max-width: 530px) 100vw, 530px\" \/><\/a><figcaption id=\"caption-attachment-68087\" class=\"wp-caption-text\">FOLKLORE PURO.- Este proyecto recientemente adjudicado y financiado por el 2% de Cultura del Gobierno Regional de Valpara\u00edso, tercer llamado 2015, ser\u00e1 desarrollado por el Museo de Arqueolog\u00eda e Historia Francisco Fonck.<\/figcaption><\/figure>\n<p><strong>Fotos gigantes y bailes de la isla:<\/strong><br \/>\nToda una colorida jornada folcl\u00f3rica ser\u00e1 la que realizar\u00e1n en la Escuela Jos\u00e9 Bernardo Su\u00e1rez de El Asiento el martes 26 de abril desde las 10:00 a las 12:00 horas. Se trata de un proyecto recientemente adjudicado y financiado por el 2% de Cultura del Gobierno Regional de Valpara\u00edso, tercer llamado 2015 y desarrollado por el Museo de Arqueolog\u00eda e Historia Francisco Fonck.<br \/>\nEl proyecto \u2018Museo Fonck: Rapa Nui en las escuelas de la Regi\u00f3n de Valpara\u00edso\u2019, contempla difundir la cultura rapanui en los establecimientos escolares, en la perspectiva de \u2018fomentar la identidad regional y territorial sobre la base de la historia, cultura y patrimonio tangible e intangible\u2019.<br \/>\nEste proyecto ofrece exponer a trav\u00e9s de una presentaci\u00f3n fotogr\u00e1fica en pendones, la cultura rapanui, acompa\u00f1adas de cuentacuentos y foro-documentales, que ampl\u00eda y profundiza los contenidos, invitando al di\u00e1logo y participaci\u00f3n de los alumnos. El cuentacuentos es para alumnos de preb\u00e1sica y primer ciclo, el forodocumental para alumnos de segundo ciclo y ense\u00f1anza media.<br \/>\nPor su parte Sandra Lucero, directora de la escuela de El Asiento, coment\u00f3 a Diario El Trabajo que \u00abnuestros ni\u00f1os tambi\u00e9n participar\u00e1n en este programa, desde ya est\u00e1n ensayando bailes pascuenses, esperando poder interpretarlos ese d\u00eda\u00bb.<br \/>\n<strong>Roberto Gonz\u00e1lez Short<\/strong><br \/>\n<strong>rgonzalez@eltrabajo.cl<\/strong><\/p>\n<figure id=\"attachment_68088\" aria-describedby=\"caption-attachment-68088\" style=\"width: 528px\" class=\"wp-caption alignleft\"><a href=\"http:\/\/www.eltrabajo.cl\/portal\/museo-fonck-rapa-nui-llegara-a-la-escuela-de-el-asiento-en-abril\/princesitas1\/\" rel=\"attachment wp-att-68088\"><img data-recalc-dims=\"1\" loading=\"lazy\" decoding=\"async\" class=\"size-full wp-image-68088\" src=\"https:\/\/i0.wp.com\/www.eltrabajo.cl\/portal\/wp-content\/uploads\/2016\/03\/Princesitas1.jpg?resize=528%2C350\" alt=\"CASI LISTAS.- Ellos son los peque\u00f1itos de la Escuela Jos\u00e9 Bernardo Su\u00e1rez de El Asiento, quienes ya est\u00e1n preparando sus bailes pascuenses.\" width=\"528\" height=\"350\" srcset=\"https:\/\/i0.wp.com\/eltrabajo.cl\/portal\/wp-content\/uploads\/2016\/03\/Princesitas1.jpg?w=528&amp;ssl=1 528w, https:\/\/i0.wp.com\/eltrabajo.cl\/portal\/wp-content\/uploads\/2016\/03\/Princesitas1.jpg?resize=200%2C133&amp;ssl=1 200w, https:\/\/i0.wp.com\/eltrabajo.cl\/portal\/wp-content\/uploads\/2016\/03\/Princesitas1.jpg?resize=300%2C199&amp;ssl=1 300w, https:\/\/i0.wp.com\/eltrabajo.cl\/portal\/wp-content\/uploads\/2016\/03\/Princesitas1.jpg?resize=226%2C150&amp;ssl=1 226w, https:\/\/i0.wp.com\/eltrabajo.cl\/portal\/wp-content\/uploads\/2016\/03\/Princesitas1.jpg?resize=400%2C265&amp;ssl=1 400w\" sizes=\"auto, (max-width: 528px) 100vw, 528px\" \/><\/a><figcaption id=\"caption-attachment-68088\" class=\"wp-caption-text\">CASI LISTAS.- Ellos son los peque\u00f1itos de la Escuela Jos\u00e9 Bernardo Su\u00e1rez de El Asiento, quienes ya est\u00e1n preparando sus bailes pascuenses.<\/figcaption><\/figure>\n","protected":false},"excerpt":{"rendered":"<p>Fotos gigantes y bailes de la isla: Toda una colorida jornada folcl\u00f3rica ser\u00e1 la que realizar\u00e1n en la Escuela Jos\u00e9 Bernardo Su\u00e1rez de El Asiento el martes 26 de abril desde las&#8230;<\/p>\n","protected":false},"author":1,"featured_media":68088,"comment_status":"open","ping_status":"open","sticky":false,"template":"","format":"standard","meta":{"advanced_seo_description":"","jetpack_seo_html_title":"","jetpack_seo_noindex":false,"_jetpack_memberships_contains_paid_content":false,"footnotes":""},"categories":[15],"tags":[],"class_list":["post-68086","post","type-post","status-publish","format-standard","has-post-thumbnail","hentry","category-comunidad"],"jetpack_featured_media_url":"https:\/\/i0.wp.com\/eltrabajo.cl\/portal\/wp-content\/uploads\/2016\/03\/Princesitas1.jpg?fit=528%2C350&ssl=1","jetpack_sharing_enabled":true,"jetpack_likes_enabled":true,"jetpack-related-posts":[],"_links":{"self":[{"href":"https:\/\/eltrabajo.cl\/portal\/wp-json\/wp\/v2\/posts\/68086","targetHints":{"allow":["GET"]}}],"collection":[{"href":"https:\/\/eltrabajo.cl\/portal\/wp-json\/wp\/v2\/posts"}],"about":[{"href":"https:\/\/eltrabajo.cl\/portal\/wp-json\/wp\/v2\/types\/post"}],"author":[{"embeddable":true,"href":"https:\/\/eltrabajo.cl\/portal\/wp-json\/wp\/v2\/users\/1"}],"replies":[{"embeddable":true,"href":"https:\/\/eltrabajo.cl\/portal\/wp-json\/wp\/v2\/comments?post=68086"}],"version-history":[{"count":0,"href":"https:\/\/eltrabajo.cl\/portal\/wp-json\/wp\/v2\/posts\/68086\/revisions"}],"wp:featuredmedia":[{"embeddable":true,"href":"https:\/\/eltrabajo.cl\/portal\/wp-json\/wp\/v2\/media\/68088"}],"wp:attachment":[{"href":"https:\/\/eltrabajo.cl\/portal\/wp-json\/wp\/v2\/media?parent=68086"}],"wp:term":[{"taxonomy":"category","embeddable":true,"href":"https:\/\/eltrabajo.cl\/portal\/wp-json\/wp\/v2\/categories?post=68086"},{"taxonomy":"post_tag","embeddable":true,"href":"https:\/\/eltrabajo.cl\/portal\/wp-json\/wp\/v2\/tags?post=68086"}],"curies":[{"name":"wp","href":"https:\/\/api.w.org\/{rel}","templated":true}]}}