{"id":68091,"date":"2016-03-24T08:42:16","date_gmt":"2016-03-24T11:42:16","guid":{"rendered":"http:\/\/www.eltrabajo.cl\/portal\/?p=68091"},"modified":"2016-03-24T08:42:16","modified_gmt":"2016-03-24T11:42:16","slug":"delincuentes-se-llevan-5-millones-en-herramientas-desde-una-tienda","status":"publish","type":"post","link":"https:\/\/eltrabajo.cl\/portal\/delincuentes-se-llevan-5-millones-en-herramientas-desde-una-tienda\/","title":{"rendered":"Delincuentes se llevan $5 millones en herramientas desde una tienda"},"content":{"rendered":"<figure id=\"attachment_68093\" aria-describedby=\"caption-attachment-68093\" style=\"width: 300px\" class=\"wp-caption alignleft\"><a href=\"http:\/\/www.eltrabajo.cl\/portal\/delincuentes-se-llevan-5-millones-en-herramientas-desde-una-tienda\/pedro-valle\/\" rel=\"attachment wp-att-68093\"><img data-recalc-dims=\"1\" loading=\"lazy\" decoding=\"async\" class=\"size-medium wp-image-68093\" src=\"https:\/\/i0.wp.com\/www.eltrabajo.cl\/portal\/wp-content\/uploads\/2016\/03\/Pedro-Valle-300x198.jpg?resize=300%2C198\" alt=\"Pedro Valle, empresario espa\u00f1ol a quien le roban ya por segunda vez.\" width=\"300\" height=\"198\" srcset=\"https:\/\/i0.wp.com\/eltrabajo.cl\/portal\/wp-content\/uploads\/2016\/03\/Pedro-Valle.jpg?resize=300%2C198&amp;ssl=1 300w, https:\/\/i0.wp.com\/eltrabajo.cl\/portal\/wp-content\/uploads\/2016\/03\/Pedro-Valle.jpg?resize=200%2C132&amp;ssl=1 200w, https:\/\/i0.wp.com\/eltrabajo.cl\/portal\/wp-content\/uploads\/2016\/03\/Pedro-Valle.jpg?resize=227%2C150&amp;ssl=1 227w, https:\/\/i0.wp.com\/eltrabajo.cl\/portal\/wp-content\/uploads\/2016\/03\/Pedro-Valle.jpg?resize=400%2C264&amp;ssl=1 400w, https:\/\/i0.wp.com\/eltrabajo.cl\/portal\/wp-content\/uploads\/2016\/03\/Pedro-Valle.jpg?w=530&amp;ssl=1 530w\" sizes=\"auto, (max-width: 300px) 100vw, 300px\" \/><\/a><figcaption id=\"caption-attachment-68093\" class=\"wp-caption-text\">Pedro Valle, empresario espa\u00f1ol a quien le roban ya por segunda vez.<\/figcaption><\/figure>\n<p><strong>El robo del d\u00eda fue ahora en Deco Espa\u00f1a:<\/strong><br \/>\nHace una semana le robaron su autom\u00f3vil cuando le ten\u00eda estacionado frente a su lugar de trabajo, ahora los ladrones le golpearon de nuevo en su tienda de cortinaje Deco Espa\u00f1a, ubicada en la esquina Condell- Coimas. El hampa no descansa, as\u00ed qued\u00f3 demostrado una vez para este comerciante espa\u00f1ol, don Pedro Valle, quien nos explic\u00f3 c\u00f3mo se siente tras este nuevo robo.<\/p>\n<p><strong>SEGUIR ADELANTE<\/strong><br \/>\n\u00abHace cuatro a\u00f1os vine a Chile y desde ese tiempo que tengo mi tienda con mi esposa, yo valoro lo robado en unos $5 millones, s\u00f3lo herramientas es lo que se robaron, los bolsos en donde las guardaba es lo que se llevaron, con esas herramientas reparamos muebles y los tapizamos\u00bb, coment\u00f3 el europeo.<br \/>\nDe acuerdo a lo reportado por Valle, los hampones habr\u00edan ingresado a su local por la puerta principal, ya que era la \u00fanica en la que faltaba instalar el sistema de alarmas, pues en las dem\u00e1s ya est\u00e1 activo.<br \/>\n\u00abSeguiremos adelante, no queda otra, lo robado son cosas materiales que se pueden reponer, es muy inc\u00f3modo vivir as\u00ed, con la Espada de Damocles sobre nuestra cabeza, a la gente esto ya ni les asombra, porque ocurre muchas veces, sin embargo esto no debe ser\u00bb, argument\u00f3 el comerciante.<br \/>\nRoberto Gonz\u00e1lez Short<br \/>\nrgonzalez@eltrabajo.cl<\/p>\n<figure id=\"attachment_68092\" aria-describedby=\"caption-attachment-68092\" style=\"width: 530px\" class=\"wp-caption alignleft\"><a href=\"http:\/\/www.eltrabajo.cl\/portal\/delincuentes-se-llevan-5-millones-en-herramientas-desde-una-tienda\/robo1-10\/\" rel=\"attachment wp-att-68092\"><img data-recalc-dims=\"1\" loading=\"lazy\" decoding=\"async\" class=\"size-full wp-image-68092\" src=\"https:\/\/i0.wp.com\/www.eltrabajo.cl\/portal\/wp-content\/uploads\/2016\/03\/Robo1.jpg?resize=530%2C350\" alt=\"SIN NADA.- Las cajas vac\u00edas en donde ten\u00eda don Pedro Valle sus herramientas de trabajo, es lo \u00fanico que dejaron los delincuentes en su local.\" width=\"530\" height=\"350\" srcset=\"https:\/\/i0.wp.com\/eltrabajo.cl\/portal\/wp-content\/uploads\/2016\/03\/Robo1.jpg?w=530&amp;ssl=1 530w, https:\/\/i0.wp.com\/eltrabajo.cl\/portal\/wp-content\/uploads\/2016\/03\/Robo1.jpg?resize=200%2C132&amp;ssl=1 200w, https:\/\/i0.wp.com\/eltrabajo.cl\/portal\/wp-content\/uploads\/2016\/03\/Robo1.jpg?resize=300%2C198&amp;ssl=1 300w, https:\/\/i0.wp.com\/eltrabajo.cl\/portal\/wp-content\/uploads\/2016\/03\/Robo1.jpg?resize=227%2C150&amp;ssl=1 227w, https:\/\/i0.wp.com\/eltrabajo.cl\/portal\/wp-content\/uploads\/2016\/03\/Robo1.jpg?resize=400%2C264&amp;ssl=1 400w\" sizes=\"auto, (max-width: 530px) 100vw, 530px\" \/><\/a><figcaption id=\"caption-attachment-68092\" class=\"wp-caption-text\">SIN NADA.- Las cajas vac\u00edas en donde ten\u00eda don Pedro Valle sus herramientas de trabajo, es lo \u00fanico que dejaron los delincuentes en su local.<\/figcaption><\/figure>\n","protected":false},"excerpt":{"rendered":"<p>El robo del d\u00eda fue ahora en Deco Espa\u00f1a: Hace una semana le robaron su autom\u00f3vil cuando le ten\u00eda estacionado frente a su lugar de trabajo, ahora los ladrones le golpearon de&#8230;<\/p>\n","protected":false},"author":1,"featured_media":68092,"comment_status":"open","ping_status":"open","sticky":false,"template":"","format":"standard","meta":{"advanced_seo_description":"","jetpack_seo_html_title":"","jetpack_seo_noindex":false,"_jetpack_memberships_contains_paid_content":false,"footnotes":""},"categories":[21],"tags":[],"class_list":["post-68091","post","type-post","status-publish","format-standard","has-post-thumbnail","hentry","category-policial"],"jetpack_featured_media_url":"https:\/\/i0.wp.com\/eltrabajo.cl\/portal\/wp-content\/uploads\/2016\/03\/Robo1.jpg?fit=530%2C350&ssl=1","jetpack_sharing_enabled":true,"jetpack_likes_enabled":true,"jetpack-related-posts":[],"_links":{"self":[{"href":"https:\/\/eltrabajo.cl\/portal\/wp-json\/wp\/v2\/posts\/68091","targetHints":{"allow":["GET"]}}],"collection":[{"href":"https:\/\/eltrabajo.cl\/portal\/wp-json\/wp\/v2\/posts"}],"about":[{"href":"https:\/\/eltrabajo.cl\/portal\/wp-json\/wp\/v2\/types\/post"}],"author":[{"embeddable":true,"href":"https:\/\/eltrabajo.cl\/portal\/wp-json\/wp\/v2\/users\/1"}],"replies":[{"embeddable":true,"href":"https:\/\/eltrabajo.cl\/portal\/wp-json\/wp\/v2\/comments?post=68091"}],"version-history":[{"count":0,"href":"https:\/\/eltrabajo.cl\/portal\/wp-json\/wp\/v2\/posts\/68091\/revisions"}],"wp:featuredmedia":[{"embeddable":true,"href":"https:\/\/eltrabajo.cl\/portal\/wp-json\/wp\/v2\/media\/68092"}],"wp:attachment":[{"href":"https:\/\/eltrabajo.cl\/portal\/wp-json\/wp\/v2\/media?parent=68091"}],"wp:term":[{"taxonomy":"category","embeddable":true,"href":"https:\/\/eltrabajo.cl\/portal\/wp-json\/wp\/v2\/categories?post=68091"},{"taxonomy":"post_tag","embeddable":true,"href":"https:\/\/eltrabajo.cl\/portal\/wp-json\/wp\/v2\/tags?post=68091"}],"curies":[{"name":"wp","href":"https:\/\/api.w.org\/{rel}","templated":true}]}}