{"id":68096,"date":"2016-03-24T08:46:24","date_gmt":"2016-03-24T11:46:24","guid":{"rendered":"http:\/\/www.eltrabajo.cl\/portal\/?p=68096"},"modified":"2016-03-24T08:46:24","modified_gmt":"2016-03-24T11:46:24","slug":"esval-enfrenta-sumario-sanitario-por-manejo-inadecuado-de-lodos-en-llay-llay","status":"publish","type":"post","link":"https:\/\/eltrabajo.cl\/portal\/esval-enfrenta-sumario-sanitario-por-manejo-inadecuado-de-lodos-en-llay-llay\/","title":{"rendered":"Esval enfrenta sumario sanitario por manejo inadecuado de lodos en Llay Llay"},"content":{"rendered":"<figure id=\"attachment_68097\" aria-describedby=\"caption-attachment-68097\" style=\"width: 300px\" class=\"wp-caption alignleft\"><a href=\"http:\/\/www.eltrabajo.cl\/portal\/esval-enfrenta-sumario-sanitario-por-manejo-inadecuado-de-lodos-en-llay-llay\/mario-mendez-4\/\" rel=\"attachment wp-att-68097\"><img data-recalc-dims=\"1\" loading=\"lazy\" decoding=\"async\" class=\"size-medium wp-image-68097\" src=\"https:\/\/i0.wp.com\/www.eltrabajo.cl\/portal\/wp-content\/uploads\/2016\/03\/mario-mendez-300x197.jpg?resize=300%2C197\" alt=\"Mario M\u00e9ndez, Jefe de la Oficina Aconcagua de la Seremi de Salud.\" width=\"300\" height=\"197\" srcset=\"https:\/\/i0.wp.com\/eltrabajo.cl\/portal\/wp-content\/uploads\/2016\/03\/mario-mendez.jpg?resize=300%2C197&amp;ssl=1 300w, https:\/\/i0.wp.com\/eltrabajo.cl\/portal\/wp-content\/uploads\/2016\/03\/mario-mendez.jpg?resize=200%2C131&amp;ssl=1 200w, https:\/\/i0.wp.com\/eltrabajo.cl\/portal\/wp-content\/uploads\/2016\/03\/mario-mendez.jpg?resize=228%2C150&amp;ssl=1 228w, https:\/\/i0.wp.com\/eltrabajo.cl\/portal\/wp-content\/uploads\/2016\/03\/mario-mendez.jpg?resize=400%2C263&amp;ssl=1 400w, https:\/\/i0.wp.com\/eltrabajo.cl\/portal\/wp-content\/uploads\/2016\/03\/mario-mendez.jpg?w=530&amp;ssl=1 530w\" sizes=\"auto, (max-width: 300px) 100vw, 300px\" \/><\/a><figcaption id=\"caption-attachment-68097\" class=\"wp-caption-text\">Mario M\u00e9ndez, Jefe de la Oficina Aconcagua de la Seremi de Salud.<\/figcaption><\/figure>\n<p><strong>Malos olores en planta de tratamiento:\u00a0Problem\u00e1tica surge a partir de exigencias de porcentajes de humedad realizadas por el relleno sanitario Lomas del Colorado, lugar donde Esval realiza la disposici\u00f3n final de los lodos.<\/strong><br \/>\nUn Sumario Sanitario a la empresa Esval est\u00e1 realizando la Seremi de Salud Aconcagua, debido al inadecuado manejo de lodos en la planta de Tratamiento de Aguas Servidas de la comuna de Llay Llay, lo que podr\u00eda llegar a generar millonarias multas a la sanitaria si es que no regulariza esta situaci\u00f3n que ha provocado la presencia de malos olores en el sector circundante.<br \/>\nAs\u00ed lo inform\u00f3 el Jefe de la Oficina Aconcagua de la Seremi de Salud, Dr. Mario M\u00e9ndez, quien relat\u00f3 cu\u00e1l es la causante de este problema, explicando que \u201cefectivamente hay una situaci\u00f3n de incumplimiento que se genera como un rebote del impedimento que estar\u00eda realizando el relleno sanitario Loma Los Colorados de Til-Til, para que Esval pueda disponer los lodos en ese lugar, a partir de que \u00e9stos deben cumplir con un porcentaje de humedad determinado que es de un 75 por ciento a partir de eso\u201d, detall\u00f3.<br \/>\nEl tratamiento de los lodos producido en las plantas de tratamiento de aguas residuales, durante su proceso \u2013en distintas fases- involucra una combinaci\u00f3n de procesos f\u00edsicos, qu\u00edmicos y biol\u00f3gicos. En la fase primaria, se pueden separar del agua servida componentes fluctuantes, basura arrastrada por el flujo del agua servida y arena. Los lodos est\u00e1n formados por sustancias contaminantes y peligrosas para la salud, por ese motivo deben ser tratados. Los lodos extra\u00eddos de los procesos de tratamiento de las aguas servidas deben ser estabilizados, espesados y desinfectados, antes de llevarlos a su disposici\u00f3n final.<br \/>\nDe acuerdo a lo narrado por M\u00e9ndez, los lodos adem\u00e1s necesitan pasar por un proceso de secado, hecho que en este caso \u201ces algo no previsto dentro del marco de las autorizaciones y est\u00e1 siendo observado por nosotros como Seremi de Salud y se est\u00e1 trabajando para efecto que se regularice esa situaci\u00f3n\u201d, decret\u00f3, a\u00f1adiendo que \u201cese secado significa la retenci\u00f3n de los lodos en un punto, en playas de secado, que eventualmente generan problemas de malos olores, que son m\u00e1s perceptibles si es que los vientos predominantes van en direcci\u00f3n de la comuna, por ejemplo\u201d, dijo.<br \/>\nAs\u00ed mismo, el facultativo adujo que su repartici\u00f3n tom\u00f3 conocimiento de esta problem\u00e1tica luego de algunas denuncias recibidas por vecinos de la comuna de Llay Llay, pero adem\u00e1s por el constante sistema de fiscalizaciones que se efect\u00faa a la sanitaria<br \/>\n\u201cEfectivamente hemos recibido alg\u00fan grado de molestia, pero tambi\u00e9n hay que entender que nosotros tenemos una permanente relaci\u00f3n de control y fiscalizaci\u00f3n con Esval, tanto del agua potable como de los sistemas de alcantarillado. De forma obvia nosotros nos vamos a dar cuenta de cualquier situaci\u00f3n de esta naturaleza y ellos no est\u00e1n avisando de eventuales problemas, ac\u00e1 no nos podemos estar enga\u00f1ando entre nosotros\u201d, enfatiz\u00f3.<br \/>\nDe acuerdo a lo se\u00f1alado por M\u00e9ndez, el relleno sanitario Loma Los Colorados, estar\u00eda siendo m\u00e1s riguroso en los porcentajes de humedad de recepci\u00f3n de lodos, debido a la grave situaci\u00f3n ocurrida en Santa Marta, donde se produjo el desmoronamiento del sistema. A partir de este hecho, Esval debi\u00f3 enfrentar una situaci\u00f3n de emergencia, que si bien es provisoria, no tiene la autorizaci\u00f3n sanitaria correspondiente, pero es el paso necesario para poder bajar la humedad de \u00e9stos y as\u00ed lograr disponerlos en el relleno sanitario.<\/p>\n<figure id=\"attachment_68098\" aria-describedby=\"caption-attachment-68098\" style=\"width: 530px\" class=\"wp-caption alignleft\"><a href=\"http:\/\/www.eltrabajo.cl\/portal\/esval-enfrenta-sumario-sanitario-por-manejo-inadecuado-de-lodos-en-llay-llay\/planta\/\" rel=\"attachment wp-att-68098\"><img data-recalc-dims=\"1\" loading=\"lazy\" decoding=\"async\" class=\"size-full wp-image-68098\" src=\"https:\/\/i0.wp.com\/www.eltrabajo.cl\/portal\/wp-content\/uploads\/2016\/03\/planta.jpg?resize=530%2C349\" alt=\"Mal manejo de lodos en planta de Tratamiento de Aguas Servidas de Llay Llay podr\u00eda llegar a generar millonarias multas a la sanitaria.\" width=\"530\" height=\"349\" srcset=\"https:\/\/i0.wp.com\/eltrabajo.cl\/portal\/wp-content\/uploads\/2016\/03\/planta.jpg?w=530&amp;ssl=1 530w, https:\/\/i0.wp.com\/eltrabajo.cl\/portal\/wp-content\/uploads\/2016\/03\/planta.jpg?resize=200%2C132&amp;ssl=1 200w, https:\/\/i0.wp.com\/eltrabajo.cl\/portal\/wp-content\/uploads\/2016\/03\/planta.jpg?resize=300%2C198&amp;ssl=1 300w, https:\/\/i0.wp.com\/eltrabajo.cl\/portal\/wp-content\/uploads\/2016\/03\/planta.jpg?resize=228%2C150&amp;ssl=1 228w, https:\/\/i0.wp.com\/eltrabajo.cl\/portal\/wp-content\/uploads\/2016\/03\/planta.jpg?resize=400%2C263&amp;ssl=1 400w\" sizes=\"auto, (max-width: 530px) 100vw, 530px\" \/><\/a><figcaption id=\"caption-attachment-68098\" class=\"wp-caption-text\">Mal manejo de lodos en planta de Tratamiento de Aguas Servidas de Llay Llay podr\u00eda llegar a generar millonarias multas a la sanitaria.<\/figcaption><\/figure>\n","protected":false},"excerpt":{"rendered":"<p>Malos olores en planta de tratamiento:\u00a0Problem\u00e1tica surge a partir de exigencias de porcentajes de humedad realizadas por el relleno sanitario Lomas del Colorado, lugar donde Esval realiza la disposici\u00f3n final de los&#8230;<\/p>\n","protected":false},"author":1,"featured_media":68098,"comment_status":"open","ping_status":"open","sticky":false,"template":"","format":"standard","meta":{"advanced_seo_description":"","jetpack_seo_html_title":"","jetpack_seo_noindex":false,"_jetpack_memberships_contains_paid_content":false,"footnotes":""},"categories":[1],"tags":[],"class_list":["post-68096","post","type-post","status-publish","format-standard","has-post-thumbnail","hentry","category-cronica"],"jetpack_featured_media_url":"https:\/\/i0.wp.com\/eltrabajo.cl\/portal\/wp-content\/uploads\/2016\/03\/planta.jpg?fit=530%2C349&ssl=1","jetpack_sharing_enabled":true,"jetpack_likes_enabled":true,"jetpack-related-posts":[],"_links":{"self":[{"href":"https:\/\/eltrabajo.cl\/portal\/wp-json\/wp\/v2\/posts\/68096","targetHints":{"allow":["GET"]}}],"collection":[{"href":"https:\/\/eltrabajo.cl\/portal\/wp-json\/wp\/v2\/posts"}],"about":[{"href":"https:\/\/eltrabajo.cl\/portal\/wp-json\/wp\/v2\/types\/post"}],"author":[{"embeddable":true,"href":"https:\/\/eltrabajo.cl\/portal\/wp-json\/wp\/v2\/users\/1"}],"replies":[{"embeddable":true,"href":"https:\/\/eltrabajo.cl\/portal\/wp-json\/wp\/v2\/comments?post=68096"}],"version-history":[{"count":0,"href":"https:\/\/eltrabajo.cl\/portal\/wp-json\/wp\/v2\/posts\/68096\/revisions"}],"wp:featuredmedia":[{"embeddable":true,"href":"https:\/\/eltrabajo.cl\/portal\/wp-json\/wp\/v2\/media\/68098"}],"wp:attachment":[{"href":"https:\/\/eltrabajo.cl\/portal\/wp-json\/wp\/v2\/media?parent=68096"}],"wp:term":[{"taxonomy":"category","embeddable":true,"href":"https:\/\/eltrabajo.cl\/portal\/wp-json\/wp\/v2\/categories?post=68096"},{"taxonomy":"post_tag","embeddable":true,"href":"https:\/\/eltrabajo.cl\/portal\/wp-json\/wp\/v2\/tags?post=68096"}],"curies":[{"name":"wp","href":"https:\/\/api.w.org\/{rel}","templated":true}]}}