{"id":6810,"date":"2011-11-29T08:20:21","date_gmt":"2011-11-29T12:20:21","guid":{"rendered":"http:\/\/www.eltrabajo.cl\/portal\/?p=6810"},"modified":"2011-11-29T08:20:21","modified_gmt":"2011-11-29T12:20:21","slug":"el-jueves-1-de-diciembre-sera-tradicional-cena-de-pan-y-vino-del-hogar-de-cristo","status":"publish","type":"post","link":"https:\/\/eltrabajo.cl\/portal\/el-jueves-1-de-diciembre-sera-tradicional-cena-de-pan-y-vino-del-hogar-de-cristo\/","title":{"rendered":"El jueves 1 de diciembre ser\u00e1 tradicional cena de Pan y Vino del Hogar de Cristo"},"content":{"rendered":"<figure id=\"attachment_6811\" aria-describedby=\"caption-attachment-6811\" style=\"width: 300px\" class=\"wp-caption alignleft\"><a href=\"http:\/\/www.eltrabajo.cl\/portal\/archives\/6810\/ivonne-herrera\" rel=\"attachment wp-att-6811\"><img data-recalc-dims=\"1\" loading=\"lazy\" decoding=\"async\" class=\"size-medium wp-image-6811\" title=\"ivonne herrera\" src=\"https:\/\/i0.wp.com\/www.eltrabajo.cl\/portal\/wp-content\/uploads\/2011\/11\/ivonne-herrera-300x225.jpg?resize=300%2C225\" alt=\"\" width=\"300\" height=\"225\" srcset=\"https:\/\/i0.wp.com\/eltrabajo.cl\/portal\/wp-content\/uploads\/2011\/11\/ivonne-herrera.jpg?resize=300%2C225&amp;ssl=1 300w, https:\/\/i0.wp.com\/eltrabajo.cl\/portal\/wp-content\/uploads\/2011\/11\/ivonne-herrera.jpg?resize=200%2C150&amp;ssl=1 200w, https:\/\/i0.wp.com\/eltrabajo.cl\/portal\/wp-content\/uploads\/2011\/11\/ivonne-herrera.jpg?resize=150%2C112&amp;ssl=1 150w, https:\/\/i0.wp.com\/eltrabajo.cl\/portal\/wp-content\/uploads\/2011\/11\/ivonne-herrera.jpg?resize=400%2C300&amp;ssl=1 400w, https:\/\/i0.wp.com\/eltrabajo.cl\/portal\/wp-content\/uploads\/2011\/11\/ivonne-herrera.jpg?w=600&amp;ssl=1 600w\" sizes=\"auto, (max-width: 300px) 100vw, 300px\" \/><\/a><figcaption id=\"caption-attachment-6811\" class=\"wp-caption-text\">La directora social de la entidad, Ivonne Herrera, hizo un llamado a la comunidad a participar de la actividad.<\/figcaption><\/figure>\n<ul>\n<li><strong>La actividad se realiza enfrentando una baja en el n\u00famero de socios de la entidad<\/strong><\/li>\n<\/ul>\n<p>Este jueves 1 de diciembre el Hogar de Cristo de San Felipe realiza la tradicional cena Pan y Vino, la que esta vez se llevar\u00e1 a efecto en las dependencias de Inca Hoteles en la comuna de Los Andes.<\/p>\n<p>La invitaci\u00f3n es a toda la comunidad del valle de Aconcagua, especialmente empresarios, socios y autoridades a participar de esta actividad de beneficencia, la que permite reunir recursos para mantener las obras que se realizan en el valle.<\/p>\n<p>La entrada tiene un costo de diez mil pesos por persona y se han puesto a la venta 250 tickets, los que est\u00e1n siendo vendidos en las sedes de esta instituci\u00f3n, tanto en Los Andes como en San Felipe.<\/p>\n<p>La actividad contempla la realizaci\u00f3n de un bingo, donde se sortear\u00e1n interesantes premios que han sido donados por empresarios de la zona y del comercio local. Adem\u00e1s se realizar\u00e1 un show art\u00edstico para amenizar la actividad y posteriormente se comparte el pan y el vino, que es el simbolismo de la cena, que da cuenta del gesto de compartir y la solidaridad que debe haber entre las personas, el principal aspecto del llamado que hizo san Alberto Hurtado a toda la comunidad.<\/p>\n<p>Estos recursos permiten sustentar el costo de los programas que se realizan tanto en la comuna de Los Andes como San Felipe.<\/p>\n<p>Actualmente, tal como lo explica la directora social del Hogar de Cristo, Ivonne Herrera, la entidad cuenta con un programa de centro abierto para el adulto mayor, que alberga a m\u00e1s de 30 adultos en forma diaria, los que reciben alimentaci\u00f3n y realizan talleres durante toda la semana. En tanto en Los Andes cuentan con una residencia para los adultos mayores que alberga a m\u00e1s de 40 personas en situaci\u00f3n de alta vulnerabilidad.<\/p>\n<p>\u00abEn este momento el Hogar de Cristo est\u00e1 en una l\u00ednea de ser austero en todo lo que significa gastos, por lo que con estas actividad tratamos de lograr mayor sensibilidad de todas las autoridades y del comercio local para que nos sigan apoyando en la manutenci\u00f3n de estas obras\u00bb, sostuvo Herrera.<\/p>\n<p>Aunque se trata de un a\u00f1o complejo, la directora social descart\u00f3 que se analice la posibilidad del cierre de alguno de los programas, ni en Los Andes ni en esta comuna.<\/p>\n<p>Reconoci\u00f3, eso s\u00ed, el bajo inter\u00e9s de la comunidad por convertirse en socio de la entidad, cantidad que ha ido disminuyendo con el correr de los a\u00f1os, por eso la importancia de la realizaci\u00f3n de este tipo de actividades, que permite reunir estos importantes recursos.<\/p>\n","protected":false},"excerpt":{"rendered":"<p>La actividad se realiza enfrentando una baja en el n\u00famero de socios de la entidad Este jueves 1 de diciembre el Hogar de Cristo de San Felipe realiza la tradicional cena Pan&#8230;<\/p>\n","protected":false},"author":482,"featured_media":6811,"comment_status":"open","ping_status":"open","sticky":false,"template":"","format":"standard","meta":{"advanced_seo_description":"","jetpack_seo_html_title":"","jetpack_seo_noindex":false,"_jetpack_memberships_contains_paid_content":false,"footnotes":""},"categories":[15],"tags":[],"class_list":["post-6810","post","type-post","status-publish","format-standard","has-post-thumbnail","hentry","category-comunidad"],"jetpack_featured_media_url":"https:\/\/i0.wp.com\/eltrabajo.cl\/portal\/wp-content\/uploads\/2011\/11\/ivonne-herrera.jpg?fit=600%2C450&ssl=1","jetpack_sharing_enabled":true,"jetpack_likes_enabled":true,"jetpack-related-posts":[],"_links":{"self":[{"href":"https:\/\/eltrabajo.cl\/portal\/wp-json\/wp\/v2\/posts\/6810","targetHints":{"allow":["GET"]}}],"collection":[{"href":"https:\/\/eltrabajo.cl\/portal\/wp-json\/wp\/v2\/posts"}],"about":[{"href":"https:\/\/eltrabajo.cl\/portal\/wp-json\/wp\/v2\/types\/post"}],"author":[{"embeddable":true,"href":"https:\/\/eltrabajo.cl\/portal\/wp-json\/wp\/v2\/users\/482"}],"replies":[{"embeddable":true,"href":"https:\/\/eltrabajo.cl\/portal\/wp-json\/wp\/v2\/comments?post=6810"}],"version-history":[{"count":0,"href":"https:\/\/eltrabajo.cl\/portal\/wp-json\/wp\/v2\/posts\/6810\/revisions"}],"wp:featuredmedia":[{"embeddable":true,"href":"https:\/\/eltrabajo.cl\/portal\/wp-json\/wp\/v2\/media\/6811"}],"wp:attachment":[{"href":"https:\/\/eltrabajo.cl\/portal\/wp-json\/wp\/v2\/media?parent=6810"}],"wp:term":[{"taxonomy":"category","embeddable":true,"href":"https:\/\/eltrabajo.cl\/portal\/wp-json\/wp\/v2\/categories?post=6810"},{"taxonomy":"post_tag","embeddable":true,"href":"https:\/\/eltrabajo.cl\/portal\/wp-json\/wp\/v2\/tags?post=6810"}],"curies":[{"name":"wp","href":"https:\/\/api.w.org\/{rel}","templated":true}]}}