{"id":68101,"date":"2016-03-24T08:52:13","date_gmt":"2016-03-24T11:52:13","guid":{"rendered":"http:\/\/www.eltrabajo.cl\/portal\/?p=68101"},"modified":"2016-03-24T08:52:13","modified_gmt":"2016-03-24T11:52:13","slug":"verdadero-puzzle-policial-constituye-hallazgo-de-hombre-muerto-en-san-rafael","status":"publish","type":"post","link":"https:\/\/eltrabajo.cl\/portal\/verdadero-puzzle-policial-constituye-hallazgo-de-hombre-muerto-en-san-rafael\/","title":{"rendered":"Verdadero puzzle policial constituye hallazgo de hombre muerto en San Rafael"},"content":{"rendered":"<figure id=\"attachment_68103\" aria-describedby=\"caption-attachment-68103\" style=\"width: 530px\" class=\"wp-caption alignleft\"><a href=\"http:\/\/www.eltrabajo.cl\/portal\/verdadero-puzzle-policial-constituye-hallazgo-de-hombre-muerto-en-san-rafael\/sitio-del-suceso-5\/\" rel=\"attachment wp-att-68103\"><img data-recalc-dims=\"1\" loading=\"lazy\" decoding=\"async\" class=\"size-full wp-image-68103\" src=\"https:\/\/i0.wp.com\/www.eltrabajo.cl\/portal\/wp-content\/uploads\/2016\/03\/sitio-del-suceso.jpg?resize=530%2C348\" alt=\"Personal de la Brigada de Homicidios de la PDI se encuentra en labores para establecer la din\u00e1mica de los hechos y determinar la identidad del fallecido.\" width=\"530\" height=\"348\" srcset=\"https:\/\/i0.wp.com\/eltrabajo.cl\/portal\/wp-content\/uploads\/2016\/03\/sitio-del-suceso.jpg?w=530&amp;ssl=1 530w, https:\/\/i0.wp.com\/eltrabajo.cl\/portal\/wp-content\/uploads\/2016\/03\/sitio-del-suceso.jpg?resize=200%2C131&amp;ssl=1 200w, https:\/\/i0.wp.com\/eltrabajo.cl\/portal\/wp-content\/uploads\/2016\/03\/sitio-del-suceso.jpg?resize=300%2C197&amp;ssl=1 300w, https:\/\/i0.wp.com\/eltrabajo.cl\/portal\/wp-content\/uploads\/2016\/03\/sitio-del-suceso.jpg?resize=228%2C150&amp;ssl=1 228w, https:\/\/i0.wp.com\/eltrabajo.cl\/portal\/wp-content\/uploads\/2016\/03\/sitio-del-suceso.jpg?resize=400%2C263&amp;ssl=1 400w\" sizes=\"auto, (max-width: 530px) 100vw, 530px\" \/><\/a><figcaption id=\"caption-attachment-68103\" class=\"wp-caption-text\">Personal de la Brigada de Homicidios de la PDI se encuentra en labores para establecer la din\u00e1mica de los hechos y determinar la identidad del fallecido.<\/figcaption><\/figure>\n<p><strong>Vecino habr\u00eda repelido a escopetazos a sujetos que pretend\u00edan robar<\/strong><\/p>\n<p>En pleno proceso investigativo se encuentra la Brigada de Homicidios para identificar el cuerpo fallecido de un hombre cercano a los 30 a\u00f1os de edad, de rasgos altipl\u00e1nicos, quien fue hallado sin vida a consecuencia de un impacto de perdigones en su pierna izquierda la ma\u00f1ana de ayer mi\u00e9rcoles en callej\u00f3n Lo Videla en San Rafael.<br \/>\nEl confuso caso se habr\u00eda producido luego que el propietario de una vivienda repeli\u00f3, seg\u00fan su versi\u00f3n, la invasi\u00f3n de desconocidos que irrumpieron aparentemente para cometer un robo. Este residente habr\u00eda hecho uso de su escopeta, disparando en contra de los sujetos, sin percatarse que hiri\u00f3 a uno de ellos en la pierna.<br \/>\nEl hecho qued\u00f3 al descubierto a eso de las 08,00 de la ma\u00f1ana, cuando Carabineros recibe un llamado dando cuenta que apoyado sobre una pared de adobe en callej\u00f3n Lo Videla en San Rafael, se encontraba el cad\u00e1ver de un hombre.<br \/>\nSeg\u00fan explic\u00f3 la Capit\u00e1n Carolina Fern\u00e1ndez, Carabineros concurri\u00f3 al lugar \u00abverificando la muerte de este hombre. Pero tambi\u00e9n se estableci\u00f3 que la misma persona que denunci\u00f3 el hallazgo, a las dos de la madrugada, v\u00eda telef\u00f3nica, hab\u00eda solicitado la presencia de Carabineros en su domicilio ya que desconocidos estaban provocando ruidos en una de las puertas de su inmueble. En esa ocasi\u00f3n Carabineros efectu\u00f3 un recorrido por el lugar y no encontr\u00f3 en ese momento alg\u00fan individuo desconocido o en actitud sospechosa, acogiendo solo la denuncia por da\u00f1os\u00bb.<br \/>\nM\u00e1s adelante la Capit\u00e1n Carolina Fern\u00e1ndez precis\u00f3 que fue el mismo denunciante quien reconoci\u00f3 que con posterioridad, cuando ya Carabineros se hab\u00eda retirado del sector, se habr\u00eda sentido atemorizado y durante esa misma madrugada decidi\u00f3 realizar algunos disparos con su escopeta para asustar a las personas que merodeaban su domicilio: \u00abPor lo mismo con todos estos antecedentes se instruy\u00f3 que la Brigada de Homicidios de la PDI realizara todas las diligencias e indagatorias para poder establecer de qu\u00e9 manera ocurrieron los hechos donde esta persona result\u00f3 muerta\u00bb.<\/p>\n<p><strong>TESTIMONIO FAMILIAR<\/strong><br \/>\nSeg\u00fan la versi\u00f3n de uno de los integrantes de la familia afectada por este presunto intento de robo, Santiago Olmos Mes\u00edas, coment\u00f3 que en horas de la tarde del martes observ\u00f3 un autom\u00f3vil estacionado frente al domicilio de su madre con dos sujetos a bordo: \u00abHoy en la ma\u00f1ana (ayer) me entero que anoche hab\u00edan tratado de meterse y cuando llego me muestran la puerta trasera \u00a0que estaba toda rota y empezamos a buscar rastros y detr\u00e1s de la pared encontramos a un tipo que lo hab\u00edan arrastrado y apoyado en la muralla y con rastros de sangre hacia el otro predio\u00bb.<br \/>\nA\u00f1adi\u00f3 que su madre tiene casi 90 a\u00f1os y vive junto a su hermano de 60 a\u00f1os, y fue gracias a la presencia de ese hermano que se pudo evitar que los sujetos ingresaran a robar. Olmos dice que su hermano efectu\u00f3 disparos al aire con la escopeta, \u00abpero van a ser los peritajes los que determinen si tiene impactos de esta escopeta u otra arma, ya que lo \u00fanico que sabemos es que el tipo est\u00e1 tirado desangrado\u00bb.<br \/>\nEl testigo mencion\u00f3 que en la calle tambi\u00e9n hay rastros de sangre y en direcci\u00f3n a su potrero colindante, lo que indica que el sujeto abatido habr\u00eda estado acompa\u00f1ado de otras personas, \u00abentonces creemos que hay otro m\u00e1s herido o este ven\u00eda herido de otro lado\u00bb.<\/p>\n<figure id=\"attachment_68104\" aria-describedby=\"caption-attachment-68104\" style=\"width: 530px\" class=\"wp-caption alignleft\"><a href=\"http:\/\/www.eltrabajo.cl\/portal\/verdadero-puzzle-policial-constituye-hallazgo-de-hombre-muerto-en-san-rafael\/muerto-4\/\" rel=\"attachment wp-att-68104\"><img data-recalc-dims=\"1\" loading=\"lazy\" decoding=\"async\" class=\"size-full wp-image-68104\" src=\"https:\/\/i0.wp.com\/www.eltrabajo.cl\/portal\/wp-content\/uploads\/2016\/03\/MUERTO.jpg?resize=530%2C350\" alt=\"El cuerpo del hombre a\u00fan no identificado fue hallado sin vida la ma\u00f1ana de ayer en el Callej\u00f3n Lo Videla de San Rafael. Aparentemente fue arrastrado y dejado en el lugar ya muerto o a punto de morir, ya que no hay sangre en el suelo.\" width=\"530\" height=\"350\" srcset=\"https:\/\/i0.wp.com\/eltrabajo.cl\/portal\/wp-content\/uploads\/2016\/03\/MUERTO.jpg?w=530&amp;ssl=1 530w, https:\/\/i0.wp.com\/eltrabajo.cl\/portal\/wp-content\/uploads\/2016\/03\/MUERTO.jpg?resize=200%2C132&amp;ssl=1 200w, https:\/\/i0.wp.com\/eltrabajo.cl\/portal\/wp-content\/uploads\/2016\/03\/MUERTO.jpg?resize=300%2C198&amp;ssl=1 300w, https:\/\/i0.wp.com\/eltrabajo.cl\/portal\/wp-content\/uploads\/2016\/03\/MUERTO.jpg?resize=227%2C150&amp;ssl=1 227w, https:\/\/i0.wp.com\/eltrabajo.cl\/portal\/wp-content\/uploads\/2016\/03\/MUERTO.jpg?resize=400%2C264&amp;ssl=1 400w\" sizes=\"auto, (max-width: 530px) 100vw, 530px\" \/><\/a><figcaption id=\"caption-attachment-68104\" class=\"wp-caption-text\">El cuerpo del hombre a\u00fan no identificado fue hallado sin vida la ma\u00f1ana de ayer en el Callej\u00f3n Lo Videla de San Rafael. Aparentemente fue arrastrado y dejado en el lugar ya muerto o a punto de morir, ya que no hay sangre en el suelo.<\/figcaption><\/figure>\n<p><strong>MUERTO NN<\/strong><br \/>\nHasta el cierre de esta edici\u00f3n, el Jefe de la Brigada de Homicidios, Comisario de la PDI Gino Guti\u00e9rrez, inform\u00f3 a Diario El Trabajo que dentro de las diligencias policiales se encuentran a la espera del cotejo dactilar para lograr establecer la individualizaci\u00f3n del fallecido.<br \/>\nEl oficial adelant\u00f3 que dentro de las primeras indagaciones sobre este confuso episodio, se estar\u00eda estableciendo un cuasidelito de homicidio por parte del propietario de la vivienda que hizo uso de su arma de fuego en horas de la madrugada.<br \/>\n\u00abEl fallecido est\u00e1 en situaci\u00f3n de NN, muri\u00f3 a consecuencia de un proyectil bal\u00edstico, en base a los antecedentes que indica el due\u00f1o de la vivienda, en horas de la madrugada hizo uso de arma de fuego, efectu\u00f3 disparos hacia la parte posterior del inmueble para amedrentar a desconocidos que ingresaron a su propiedad. Posteriormente es encontrada esta persona fallecida en un sector inmediato a la casa por un callej\u00f3n\u00bb.<br \/>\n<strong>&#8211; \u00bfEval\u00faan la hip\u00f3tesis de un homicidio directamente?<\/strong><br \/>\n&#8211; Por lo que hemos averiguado nosotros, estamos estableciendo aunque nos quedan pericias que realizar, la hip\u00f3tesis ser\u00eda de cuasidelito de homicidio que se estar\u00eda firmemente estableciendo.<br \/>\n<strong>&#8211; \u00bfEl propietario usaba arma de fuego debidamente inscrita?<\/strong><br \/>\n&#8211; El arma se trata de una escopeta, el propietario fue detenido en atenci\u00f3n a que si bien estaba inscrita, pero no a su nombre en el lugar donde se se\u00f1ala la inscripci\u00f3n. La instrucci\u00f3n del Fiscal es que ser\u00e1 sometido a control de detenci\u00f3n por infracci\u00f3n a la Ley 17.798 de control de armas y explosivos, es decir tenencia ilegal de arma de fuego.<br \/>\n<strong>Pablo Salinas Sald\u00edas<\/strong><\/p>\n<figure id=\"attachment_68102\" aria-describedby=\"caption-attachment-68102\" style=\"width: 530px\" class=\"wp-caption alignleft\"><a href=\"http:\/\/www.eltrabajo.cl\/portal\/verdadero-puzzle-policial-constituye-hallazgo-de-hombre-muerto-en-san-rafael\/puerta\/\" rel=\"attachment wp-att-68102\"><img data-recalc-dims=\"1\" loading=\"lazy\" decoding=\"async\" class=\"size-full wp-image-68102\" src=\"https:\/\/i0.wp.com\/www.eltrabajo.cl\/portal\/wp-content\/uploads\/2016\/03\/puerta.jpg?resize=530%2C350\" alt=\"La puerta de ingreso hacia la propiedad del afectado qued\u00f3 de esta forma, cuando aparentemente sujetos desconocidos intentaban cometer un robo.\" width=\"530\" height=\"350\" srcset=\"https:\/\/i0.wp.com\/eltrabajo.cl\/portal\/wp-content\/uploads\/2016\/03\/puerta.jpg?w=530&amp;ssl=1 530w, https:\/\/i0.wp.com\/eltrabajo.cl\/portal\/wp-content\/uploads\/2016\/03\/puerta.jpg?resize=200%2C132&amp;ssl=1 200w, https:\/\/i0.wp.com\/eltrabajo.cl\/portal\/wp-content\/uploads\/2016\/03\/puerta.jpg?resize=300%2C198&amp;ssl=1 300w, https:\/\/i0.wp.com\/eltrabajo.cl\/portal\/wp-content\/uploads\/2016\/03\/puerta.jpg?resize=227%2C150&amp;ssl=1 227w, https:\/\/i0.wp.com\/eltrabajo.cl\/portal\/wp-content\/uploads\/2016\/03\/puerta.jpg?resize=400%2C264&amp;ssl=1 400w\" sizes=\"auto, (max-width: 530px) 100vw, 530px\" \/><\/a><figcaption id=\"caption-attachment-68102\" class=\"wp-caption-text\">La puerta de ingreso hacia la propiedad del afectado qued\u00f3 de esta forma, cuando aparentemente sujetos desconocidos intentaban cometer un robo.<\/figcaption><\/figure>\n","protected":false},"excerpt":{"rendered":"<p>Vecino habr\u00eda repelido a escopetazos a sujetos que pretend\u00edan robar En pleno proceso investigativo se encuentra la Brigada de Homicidios para identificar el cuerpo fallecido de un hombre cercano a los 30&#8230;<\/p>\n","protected":false},"author":1,"featured_media":68105,"comment_status":"open","ping_status":"open","sticky":false,"template":"","format":"standard","meta":{"advanced_seo_description":"","jetpack_seo_html_title":"","jetpack_seo_noindex":false,"_jetpack_memberships_contains_paid_content":false,"footnotes":""},"categories":[21],"tags":[],"class_list":["post-68101","post","type-post","status-publish","format-standard","has-post-thumbnail","hentry","category-policial"],"jetpack_featured_media_url":"https:\/\/i0.wp.com\/eltrabajo.cl\/portal\/wp-content\/uploads\/2016\/03\/porta1.jpg?fit=530%2C349&ssl=1","jetpack_sharing_enabled":true,"jetpack_likes_enabled":true,"jetpack-related-posts":[],"_links":{"self":[{"href":"https:\/\/eltrabajo.cl\/portal\/wp-json\/wp\/v2\/posts\/68101","targetHints":{"allow":["GET"]}}],"collection":[{"href":"https:\/\/eltrabajo.cl\/portal\/wp-json\/wp\/v2\/posts"}],"about":[{"href":"https:\/\/eltrabajo.cl\/portal\/wp-json\/wp\/v2\/types\/post"}],"author":[{"embeddable":true,"href":"https:\/\/eltrabajo.cl\/portal\/wp-json\/wp\/v2\/users\/1"}],"replies":[{"embeddable":true,"href":"https:\/\/eltrabajo.cl\/portal\/wp-json\/wp\/v2\/comments?post=68101"}],"version-history":[{"count":0,"href":"https:\/\/eltrabajo.cl\/portal\/wp-json\/wp\/v2\/posts\/68101\/revisions"}],"wp:featuredmedia":[{"embeddable":true,"href":"https:\/\/eltrabajo.cl\/portal\/wp-json\/wp\/v2\/media\/68105"}],"wp:attachment":[{"href":"https:\/\/eltrabajo.cl\/portal\/wp-json\/wp\/v2\/media?parent=68101"}],"wp:term":[{"taxonomy":"category","embeddable":true,"href":"https:\/\/eltrabajo.cl\/portal\/wp-json\/wp\/v2\/categories?post=68101"},{"taxonomy":"post_tag","embeddable":true,"href":"https:\/\/eltrabajo.cl\/portal\/wp-json\/wp\/v2\/tags?post=68101"}],"curies":[{"name":"wp","href":"https:\/\/api.w.org\/{rel}","templated":true}]}}