{"id":68108,"date":"2016-03-28T08:49:06","date_gmt":"2016-03-28T11:49:06","guid":{"rendered":"http:\/\/www.eltrabajo.cl\/portal\/?p=68108"},"modified":"2016-03-28T08:49:06","modified_gmt":"2016-03-28T11:49:06","slug":"cunas-radiantes-modernizan-uci-neonatologica-del-hospital-san-camilo","status":"publish","type":"post","link":"https:\/\/eltrabajo.cl\/portal\/cunas-radiantes-modernizan-uci-neonatologica-del-hospital-san-camilo\/","title":{"rendered":"Cunas radiantes modernizan UCI Neonatol\u00f3gica del Hospital San Camilo"},"content":{"rendered":"<figure id=\"attachment_68109\" aria-describedby=\"caption-attachment-68109\" style=\"width: 530px\" class=\"wp-caption alignleft\"><a href=\"http:\/\/www.eltrabajo.cl\/portal\/cunas-radiantes-modernizan-uci-neonatologica-del-hospital-san-camilo\/foto-1cunas-radiantes\/\" rel=\"attachment wp-att-68109\"><img data-recalc-dims=\"1\" loading=\"lazy\" decoding=\"async\" class=\"size-full wp-image-68109\" src=\"https:\/\/i0.wp.com\/www.eltrabajo.cl\/portal\/wp-content\/uploads\/2016\/03\/FOTO-1cunas-radiantes-.jpg?resize=530%2C348\" alt=\"Estas son las cunas radiantes que permiten otorgar a los reci\u00e9n nacidos en estado prematuro y prematuros extremos,  un cuidado de mejor calidad.\" width=\"530\" height=\"348\" srcset=\"https:\/\/i0.wp.com\/eltrabajo.cl\/portal\/wp-content\/uploads\/2016\/03\/FOTO-1cunas-radiantes-.jpg?w=530&amp;ssl=1 530w, https:\/\/i0.wp.com\/eltrabajo.cl\/portal\/wp-content\/uploads\/2016\/03\/FOTO-1cunas-radiantes-.jpg?resize=200%2C131&amp;ssl=1 200w, https:\/\/i0.wp.com\/eltrabajo.cl\/portal\/wp-content\/uploads\/2016\/03\/FOTO-1cunas-radiantes-.jpg?resize=300%2C197&amp;ssl=1 300w, https:\/\/i0.wp.com\/eltrabajo.cl\/portal\/wp-content\/uploads\/2016\/03\/FOTO-1cunas-radiantes-.jpg?resize=228%2C150&amp;ssl=1 228w, https:\/\/i0.wp.com\/eltrabajo.cl\/portal\/wp-content\/uploads\/2016\/03\/FOTO-1cunas-radiantes-.jpg?resize=400%2C263&amp;ssl=1 400w\" sizes=\"auto, (max-width: 530px) 100vw, 530px\" \/><\/a><figcaption id=\"caption-attachment-68109\" class=\"wp-caption-text\">Estas son las cunas radiantes que permiten otorgar a los reci\u00e9n nacidos en estado prematuro y prematuros extremos, un cuidado de mejor calidad.<\/figcaption><\/figure>\n<p><strong>Cinco unidades con una inversi\u00f3n que supera los $60 millones:<\/strong><br \/>\nEquipamiento de \u00faltima tecnolog\u00eda cuenta con nuevos sistemas de climatizaci\u00f3n para los reci\u00e9n nacidos, de manera que permanezcan constantemente con la misma temperatura. A la vez, entregan la posibilidad de monitorizar el peso de manera permanente.<br \/>\nCinco nuevas cunas radiantes fueron adquiridas por el Hospital San Camilo para su Unidad de Cuidados Intensivos, UCI Neonatol\u00f3gica, con la finalidad de mejorar la atenci\u00f3n a los cerca de 100 reci\u00e9n nacidos que cada a\u00f1o se hospitalizan en dicho servicio, en estado prematuro, y los alrededor de 50 beb\u00e9s en estado de prematuros extremos, es decir con menos de 32 semanas y\/o 1500 gramos, lo que significa que requieren un tratamiento adecuado y un estricto seguimiento m\u00e9dico.<br \/>\nLa compra de estos equipos por parte del establecimiento tuvo un costo total superior a los 60 millones de pesos y permite entregar equipamiento de \u00faltima tecnolog\u00eda que, entre otras cosas, cuenta con nuevos sistemas de climatizaci\u00f3n para el beb\u00e9 de manera que siempre est\u00e9 con la misma temperatura, as\u00ed como la posibilidad de monitorizar el peso de manera permanente.<br \/>\nLa Dra. Carmen Mel\u00e9ndez, Directora (S) del Hospital San Camilo, se mostr\u00f3 feliz de poder dar un nuevo paso en la optimizaci\u00f3n de la atenci\u00f3n en esta \u00e1rea, afirmando que \u201cel servicio de Neonatolog\u00eda siempre se ha destacado por su calidad y modernidad, con indicadores que lo sit\u00faan dentro de los mejores del pa\u00eds y nuestros usuarios as\u00ed lo perciben, por lo que esperamos que se valore \u00e9ste y otros esfuerzos que hacemos por mejorar nuestra calidad de servicio y, a la vez, nos ayuden a cuidarlos y protegerlos, ya que es un beneficio para todos los reci\u00e9n nacidos del Valle del Aconcagua\u201d, justific\u00f3.<br \/>\nLa compra de este nuevo equipamiento, que estar\u00e1 instalado dentro de los pr\u00f3ximos d\u00edas, permite a su vez que los equipos que se utilizaban hasta ahora en la UCI neonatal, sean utilizados por la sala de cuidados intermedios, mejorando de esta manera el equipamiento de todo el Servicio, que ya hab\u00eda sido beneficiado con la llegada de monitores y ventiladores de alta frecuencia.<br \/>\nCabe recordar que el Servicio de Neonatolog\u00eda atiende a reci\u00e9n nacidos con problemas de salud o que son prematuros, quienes actualmente tienen una sobrevida del 95%, y un 78% en el caso de los prematuros extremos, a quienes se mantiene en control hasta los 10 a\u00f1os y m\u00e1s si es necesario.<\/p>\n","protected":false},"excerpt":{"rendered":"<p>Cinco unidades con una inversi\u00f3n que supera los $60 millones: Equipamiento de \u00faltima tecnolog\u00eda cuenta con nuevos sistemas de climatizaci\u00f3n para los reci\u00e9n nacidos, de manera que permanezcan constantemente con la misma&#8230;<\/p>\n","protected":false},"author":1,"featured_media":68109,"comment_status":"open","ping_status":"open","sticky":false,"template":"","format":"standard","meta":{"advanced_seo_description":"","jetpack_seo_html_title":"","jetpack_seo_noindex":false,"_jetpack_memberships_contains_paid_content":false,"footnotes":""},"categories":[18],"tags":[],"class_list":["post-68108","post","type-post","status-publish","format-standard","has-post-thumbnail","hentry","category-salud"],"jetpack_featured_media_url":"https:\/\/i0.wp.com\/eltrabajo.cl\/portal\/wp-content\/uploads\/2016\/03\/FOTO-1cunas-radiantes-.jpg?fit=530%2C348&ssl=1","jetpack_sharing_enabled":true,"jetpack_likes_enabled":true,"jetpack-related-posts":[],"_links":{"self":[{"href":"https:\/\/eltrabajo.cl\/portal\/wp-json\/wp\/v2\/posts\/68108","targetHints":{"allow":["GET"]}}],"collection":[{"href":"https:\/\/eltrabajo.cl\/portal\/wp-json\/wp\/v2\/posts"}],"about":[{"href":"https:\/\/eltrabajo.cl\/portal\/wp-json\/wp\/v2\/types\/post"}],"author":[{"embeddable":true,"href":"https:\/\/eltrabajo.cl\/portal\/wp-json\/wp\/v2\/users\/1"}],"replies":[{"embeddable":true,"href":"https:\/\/eltrabajo.cl\/portal\/wp-json\/wp\/v2\/comments?post=68108"}],"version-history":[{"count":0,"href":"https:\/\/eltrabajo.cl\/portal\/wp-json\/wp\/v2\/posts\/68108\/revisions"}],"wp:featuredmedia":[{"embeddable":true,"href":"https:\/\/eltrabajo.cl\/portal\/wp-json\/wp\/v2\/media\/68109"}],"wp:attachment":[{"href":"https:\/\/eltrabajo.cl\/portal\/wp-json\/wp\/v2\/media?parent=68108"}],"wp:term":[{"taxonomy":"category","embeddable":true,"href":"https:\/\/eltrabajo.cl\/portal\/wp-json\/wp\/v2\/categories?post=68108"},{"taxonomy":"post_tag","embeddable":true,"href":"https:\/\/eltrabajo.cl\/portal\/wp-json\/wp\/v2\/tags?post=68108"}],"curies":[{"name":"wp","href":"https:\/\/api.w.org\/{rel}","templated":true}]}}