{"id":68112,"date":"2016-03-28T08:51:08","date_gmt":"2016-03-28T11:51:08","guid":{"rendered":"http:\/\/www.eltrabajo.cl\/portal\/?p=68112"},"modified":"2016-03-28T08:51:08","modified_gmt":"2016-03-28T11:51:08","slug":"inician-ciclo-de-charlas-para-explicar-propuestas-de-cambio-a-las-pensiones","status":"publish","type":"post","link":"https:\/\/eltrabajo.cl\/portal\/inician-ciclo-de-charlas-para-explicar-propuestas-de-cambio-a-las-pensiones\/","title":{"rendered":"Inician ciclo de charlas para explicar propuestas de cambio a las pensiones"},"content":{"rendered":"<figure id=\"attachment_68113\" aria-describedby=\"caption-attachment-68113\" style=\"width: 530px\" class=\"wp-caption alignleft\"><a href=\"http:\/\/www.eltrabajo.cl\/portal\/inician-ciclo-de-charlas-para-explicar-propuestas-de-cambio-a-las-pensiones\/comision-bravo-2\/\" rel=\"attachment wp-att-68113\"><img data-recalc-dims=\"1\" loading=\"lazy\" decoding=\"async\" class=\"size-full wp-image-68113\" src=\"https:\/\/i0.wp.com\/www.eltrabajo.cl\/portal\/wp-content\/uploads\/2016\/03\/comision-bravo-2.jpg?resize=530%2C350\" alt=\"Alrededor cincuenta dirigentes sindicales y sociales de Aconcagua participaron del  encuentro donde se explicaron las tres propuestas de cambio al sistema de pensiones.\" width=\"530\" height=\"350\" srcset=\"https:\/\/i0.wp.com\/eltrabajo.cl\/portal\/wp-content\/uploads\/2016\/03\/comision-bravo-2.jpg?w=530&amp;ssl=1 530w, https:\/\/i0.wp.com\/eltrabajo.cl\/portal\/wp-content\/uploads\/2016\/03\/comision-bravo-2.jpg?resize=200%2C132&amp;ssl=1 200w, https:\/\/i0.wp.com\/eltrabajo.cl\/portal\/wp-content\/uploads\/2016\/03\/comision-bravo-2.jpg?resize=300%2C198&amp;ssl=1 300w, https:\/\/i0.wp.com\/eltrabajo.cl\/portal\/wp-content\/uploads\/2016\/03\/comision-bravo-2.jpg?resize=227%2C150&amp;ssl=1 227w, https:\/\/i0.wp.com\/eltrabajo.cl\/portal\/wp-content\/uploads\/2016\/03\/comision-bravo-2.jpg?resize=400%2C264&amp;ssl=1 400w\" sizes=\"auto, (max-width: 530px) 100vw, 530px\" \/><\/a><figcaption id=\"caption-attachment-68113\" class=\"wp-caption-text\">Alrededor cincuenta dirigentes sindicales y sociales de Aconcagua participaron del encuentro donde se explicaron las tres propuestas de cambio al sistema de pensiones.<\/figcaption><\/figure>\n<p><strong>Seremi del Trabajo encabez\u00f3 Primer Encuentro Ciudadano sobre Informe de Comisi\u00f3n Bravo en San Felipe, instancia participativa donde junto profesionales de la Subsecretar\u00eda de Previsi\u00f3n Social, se explicaron las propuestas de la Comisi\u00f3n Asesora Presidencial en materia de pensiones.<\/strong><br \/>\nEn un encuentro ciudadano donde se reunieron cerca de cincuenta dirigentes sindicales y sociales de la zona de Aconcagua, la Seremi del Trabajo y Previsi\u00f3n Social, Karen Medina, junto a profesionales de la Subsecretar\u00eda de Previsi\u00f3n Social, encabezaron el Primer Encuentro Ciudadano Regional sobre el Informe de la Comisi\u00f3n Bravo, experiencia participativa que se replicar\u00e1 en el resto de las provincias, con el objetivo de difundir las tres propuestas elaboradas por la Comisi\u00f3n Asesora Presidencial que, actualmente, elabora cambios estructurales al sistema de pensiones en Chile.<br \/>\nCon la presencia de las autoridades locales, la seremi de la cartera destac\u00f3 la importancia de este ciclo de charlas ciudadanas, indicando que en una segunda etapa, se conocer\u00e1n los resultados de la Comisi\u00f3n Asesora Presidencial que aborda el tema.<br \/>\n\u201cEste es el primer encuentro provincial; recorreremos toda la regi\u00f3n dando espacio para este encuentro ciudadano que, en una segunda etapa conocer\u00e1 los resultados de la Comisi\u00f3n Asesora que estuvo mandatada por la Presidenta para recoger un diagn\u00f3stico chileno respecto a nuestro sistema de pensiones, y que en una primera etapa tambi\u00e9n realiz\u00f3 di\u00e1logos para permitir que la ciudadan\u00eda pudiera entregar su mirada sobre este informe evaluativo, que dice que las pensiones de los chilenos son bajas, que tenemos un promedio de pensiones que no supera los 160 mil pesos, que significa una diferencia en detrimento de las mujeres que reciben un monto menor, y que hoy d\u00eda, eso tiene que llevarnos, no solamente a tener un diagn\u00f3stico, sino adem\u00e1s una propuesta que tenemos que construir con la mirada de la ciudadan\u00eda\u201d, afirm\u00f3 la autoridad laboral.<br \/>\nEl alcalde de San Felipe, Patricio Freire, indic\u00f3 que \u201choy d\u00eda, estamos hablando de pensiones que ni siquiera para el gasto m\u00ednimo de una persona o un hogar cubre, y por eso creemos que esta reforma puede llegar a buen puerto. Se tiene que hacer una reforma a la previsi\u00f3n social, o a las pensiones, muy profunda. Creemos que cuando se entrega toda una vida de trabajo para terminar por los fondos de pensiones, y luego se les da una pensi\u00f3n de gracia, no es lo justo, y eso es lo que debemos terminar\u201d, asegur\u00f3 el edil aconcag\u00fcino.<br \/>\nMar\u00eda Cristina Hauva, coordinadora de Protecci\u00f3n Social de la Gobernaci\u00f3n de San Felipe, destac\u00f3 el inter\u00e9s de los dirigentes y ciudadanos para informarse sobre este importante proceso que se est\u00e1 realizando a nivel nacional. \u201cPrincipalmente son tres propuestas, y el d\u00eda de hoy, la idea es que la gente de la provincia pueda informarse, conocerla, y tambi\u00e9n retroalimentar con sus opiniones\u201d, afirm\u00f3.<br \/>\nEn tanto, Ana Mar\u00eda Fuentealba, profesional de la Unidad de Educaci\u00f3n Previsional de la Subsecretar\u00eda de Previsi\u00f3n Social, record\u00f3 que son tres las propuestas emanadas desde la Comisi\u00f3n Presidencial, y que van desde un sistema que ofrece s\u00f3lo algunos ajustes al actual sistema de AFP, hasta la creaci\u00f3n de un nuevo sistema previsional de reparto.<br \/>\n\u201cSon las propuestas A, B y C, que b\u00e1sicamente tienen diferencias en cuanto a su estructura. La \u2018A\u2019 es mantener este sistema tal cual lo conocemos y s\u00f3lo realizar algunos cambios param\u00e9tricos, como es el tema del cambio de la edad de pensi\u00f3n. La propuesta \u2018B\u2019 es aquella que hace un cambio en la estructura, y si bien, mantiene el sistema de AFP, tambi\u00e9n integra un sistema solidario mixto; y la alternativa \u2018C\u2019 propone el cambio estructural de manera definitiva y tajante, pasando de un sistema de pensiones a uno de reparto \u00fanico\u201d, concluy\u00f3.<\/p>\n","protected":false},"excerpt":{"rendered":"<p>Seremi del Trabajo encabez\u00f3 Primer Encuentro Ciudadano sobre Informe de Comisi\u00f3n Bravo en San Felipe, instancia participativa donde junto profesionales de la Subsecretar\u00eda de Previsi\u00f3n Social, se explicaron las propuestas de la&#8230;<\/p>\n","protected":false},"author":1,"featured_media":68113,"comment_status":"open","ping_status":"open","sticky":false,"template":"","format":"standard","meta":{"advanced_seo_description":"","jetpack_seo_html_title":"","jetpack_seo_noindex":false,"_jetpack_memberships_contains_paid_content":false,"footnotes":""},"categories":[1],"tags":[],"class_list":["post-68112","post","type-post","status-publish","format-standard","has-post-thumbnail","hentry","category-cronica"],"jetpack_featured_media_url":"https:\/\/i0.wp.com\/eltrabajo.cl\/portal\/wp-content\/uploads\/2016\/03\/comision-bravo-2.jpg?fit=530%2C350&ssl=1","jetpack_sharing_enabled":true,"jetpack_likes_enabled":true,"jetpack-related-posts":[],"_links":{"self":[{"href":"https:\/\/eltrabajo.cl\/portal\/wp-json\/wp\/v2\/posts\/68112","targetHints":{"allow":["GET"]}}],"collection":[{"href":"https:\/\/eltrabajo.cl\/portal\/wp-json\/wp\/v2\/posts"}],"about":[{"href":"https:\/\/eltrabajo.cl\/portal\/wp-json\/wp\/v2\/types\/post"}],"author":[{"embeddable":true,"href":"https:\/\/eltrabajo.cl\/portal\/wp-json\/wp\/v2\/users\/1"}],"replies":[{"embeddable":true,"href":"https:\/\/eltrabajo.cl\/portal\/wp-json\/wp\/v2\/comments?post=68112"}],"version-history":[{"count":0,"href":"https:\/\/eltrabajo.cl\/portal\/wp-json\/wp\/v2\/posts\/68112\/revisions"}],"wp:featuredmedia":[{"embeddable":true,"href":"https:\/\/eltrabajo.cl\/portal\/wp-json\/wp\/v2\/media\/68113"}],"wp:attachment":[{"href":"https:\/\/eltrabajo.cl\/portal\/wp-json\/wp\/v2\/media?parent=68112"}],"wp:term":[{"taxonomy":"category","embeddable":true,"href":"https:\/\/eltrabajo.cl\/portal\/wp-json\/wp\/v2\/categories?post=68112"},{"taxonomy":"post_tag","embeddable":true,"href":"https:\/\/eltrabajo.cl\/portal\/wp-json\/wp\/v2\/tags?post=68112"}],"curies":[{"name":"wp","href":"https:\/\/api.w.org\/{rel}","templated":true}]}}