{"id":68116,"date":"2016-03-28T08:52:31","date_gmt":"2016-03-28T11:52:31","guid":{"rendered":"http:\/\/www.eltrabajo.cl\/portal\/?p=68116"},"modified":"2016-03-28T08:52:31","modified_gmt":"2016-03-28T11:52:31","slug":"subgerente-de-esval-asegura-que-planta-de-llay-llay-cumple-exigencias","status":"publish","type":"post","link":"https:\/\/eltrabajo.cl\/portal\/subgerente-de-esval-asegura-que-planta-de-llay-llay-cumple-exigencias\/","title":{"rendered":"Subgerente de Esval asegura que planta de Llay Llay cumple exigencias"},"content":{"rendered":"<figure id=\"attachment_68117\" aria-describedby=\"caption-attachment-68117\" style=\"width: 300px\" class=\"wp-caption alignleft\"><a href=\"http:\/\/www.eltrabajo.cl\/portal\/subgerente-de-esval-asegura-que-planta-de-llay-llay-cumple-exigencias\/alejandro-perez-5\/\" rel=\"attachment wp-att-68117\"><img data-recalc-dims=\"1\" loading=\"lazy\" decoding=\"async\" class=\"size-medium wp-image-68117\" src=\"https:\/\/i0.wp.com\/www.eltrabajo.cl\/portal\/wp-content\/uploads\/2016\/03\/Alejandro-Perez-1-300x197.jpg?resize=300%2C197\" alt=\"Alejandro P\u00e9rez, Subgerente Zonal de Esval, asegur\u00f3 que los malos olores en el sector El Amanecer de Llay Llay, \u00abfue un episodio puntual y transitorio, asociado a maniobras operacionales de nuestra planta\u00bb.\" width=\"300\" height=\"197\" srcset=\"https:\/\/i0.wp.com\/eltrabajo.cl\/portal\/wp-content\/uploads\/2016\/03\/Alejandro-Perez-1.jpg?resize=300%2C197&amp;ssl=1 300w, https:\/\/i0.wp.com\/eltrabajo.cl\/portal\/wp-content\/uploads\/2016\/03\/Alejandro-Perez-1.jpg?resize=200%2C131&amp;ssl=1 200w, https:\/\/i0.wp.com\/eltrabajo.cl\/portal\/wp-content\/uploads\/2016\/03\/Alejandro-Perez-1.jpg?resize=228%2C150&amp;ssl=1 228w, https:\/\/i0.wp.com\/eltrabajo.cl\/portal\/wp-content\/uploads\/2016\/03\/Alejandro-Perez-1.jpg?resize=400%2C263&amp;ssl=1 400w, https:\/\/i0.wp.com\/eltrabajo.cl\/portal\/wp-content\/uploads\/2016\/03\/Alejandro-Perez-1.jpg?w=530&amp;ssl=1 530w\" sizes=\"auto, (max-width: 300px) 100vw, 300px\" \/><\/a><figcaption id=\"caption-attachment-68117\" class=\"wp-caption-text\">Alejandro P\u00e9rez, Subgerente Zonal de Esval, asegur\u00f3 que los malos olores en el sector El Amanecer de Llay Llay, \u00abfue un episodio puntual y transitorio, asociado a maniobras operacionales de nuestra planta\u00bb.<\/figcaption><\/figure>\n<p>El Subgerente Zonal de Esval, Alejandro P\u00e9rez, asegur\u00f3 en forma tajante que \u00abnuestra planta de aguas servidas de Llay Llay cumple plenamente con la normativa vigente y se encuentra operando normalmente. De acuerdo a los procesos habituales, efectuamos el tratamiento de secado solar de los lodos, que nos permiten lograr los rangos exigidos por la normativa\u00bb.<br \/>\nDe esta manera el mandam\u00e1s de la empresa sanitaria en Aconcagua se refiri\u00f3 a nuestra publicaci\u00f3n del jueves pasado, donde el Jefe de la Oficina Aconcagua de la Seremi de Salud, Dr. Mario M\u00e9ndez, reconoci\u00f3 que Esval enfrenta un sumario sanitario por manejo inadecuado de lodos en la planta de Tratamiento de Aguas Servidas de la comuna de Llay Llay, lo que podr\u00eda llegar a generar millonarias multas a la sanitaria si es que no regulariza esta situaci\u00f3n que ha provocado la presencia de malos olores en el sector circundante.<br \/>\nEn la ocasi\u00f3n, M\u00e9ndez se refiri\u00f3 a las causas de este problema, explicando que \u201cefectivamente hay una situaci\u00f3n de incumplimiento que se genera como un rebote del impedimento que estar\u00eda realizando el relleno sanitario Loma Los Colorados de Til-Til, para que Esval pueda disponer los lodos en ese lugar, a partir de que \u00e9stos deben cumplir con un porcentaje de humedad determinado que es de un 75 por ciento a partir de eso\u201d, detall\u00f3.<br \/>\nNo obstante lo anterior, desde Esval el Subgerente Alejandro P\u00e9rez se\u00f1al\u00f3 que \u00aben relaci\u00f3n al sumario sanitario que instruy\u00f3 la Seremi de Salud, hemos entregado todos los antecedentes del caso, y como siempre, prestaremos toda la colaboraci\u00f3n necesaria\u00bb, sostuvo.<br \/>\nRespecto de los malos olores percibidos en el sector de El Amanecer, en Llay Llay, P\u00e9rez asegur\u00f3 que \u00abfue un episodio puntual y transitorio, asociado a maniobras operacionales de nuestra planta\u00bb.<br \/>\nM\u00e1s adelante el personero explic\u00f3 que \u00abhace unos d\u00edas nos reunimos con dirigentes y vecinos en el lugar para hacer un seguimiento a lo anterior, y constatamos con ellos que no existe ning\u00fan tipo de emanaci\u00f3n y la situaci\u00f3n est\u00e1 totalmente normal\u00bb, concluy\u00f3 Alejandro P\u00e9rez.<\/p>\n","protected":false},"excerpt":{"rendered":"<p>El Subgerente Zonal de Esval, Alejandro P\u00e9rez, asegur\u00f3 en forma tajante que \u00abnuestra planta de aguas servidas de Llay Llay cumple plenamente con la normativa vigente y se encuentra operando normalmente. De&#8230;<\/p>\n","protected":false},"author":1,"featured_media":0,"comment_status":"open","ping_status":"open","sticky":false,"template":"","format":"standard","meta":{"advanced_seo_description":"","jetpack_seo_html_title":"","jetpack_seo_noindex":false,"_jetpack_memberships_contains_paid_content":false,"footnotes":""},"categories":[1],"tags":[],"class_list":["post-68116","post","type-post","status-publish","format-standard","hentry","category-cronica"],"jetpack_featured_media_url":"","jetpack_sharing_enabled":true,"jetpack_likes_enabled":true,"jetpack-related-posts":[],"_links":{"self":[{"href":"https:\/\/eltrabajo.cl\/portal\/wp-json\/wp\/v2\/posts\/68116","targetHints":{"allow":["GET"]}}],"collection":[{"href":"https:\/\/eltrabajo.cl\/portal\/wp-json\/wp\/v2\/posts"}],"about":[{"href":"https:\/\/eltrabajo.cl\/portal\/wp-json\/wp\/v2\/types\/post"}],"author":[{"embeddable":true,"href":"https:\/\/eltrabajo.cl\/portal\/wp-json\/wp\/v2\/users\/1"}],"replies":[{"embeddable":true,"href":"https:\/\/eltrabajo.cl\/portal\/wp-json\/wp\/v2\/comments?post=68116"}],"version-history":[{"count":0,"href":"https:\/\/eltrabajo.cl\/portal\/wp-json\/wp\/v2\/posts\/68116\/revisions"}],"wp:attachment":[{"href":"https:\/\/eltrabajo.cl\/portal\/wp-json\/wp\/v2\/media?parent=68116"}],"wp:term":[{"taxonomy":"category","embeddable":true,"href":"https:\/\/eltrabajo.cl\/portal\/wp-json\/wp\/v2\/categories?post=68116"},{"taxonomy":"post_tag","embeddable":true,"href":"https:\/\/eltrabajo.cl\/portal\/wp-json\/wp\/v2\/tags?post=68116"}],"curies":[{"name":"wp","href":"https:\/\/api.w.org\/{rel}","templated":true}]}}